
{"id":5355,"date":"2021-10-10T10:34:16","date_gmt":"2021-10-10T13:34:16","guid":{"rendered":"https:\/\/7ports.com.br\/?p=5355"},"modified":"2022-06-01T15:33:59","modified_gmt":"2022-06-01T18:33:59","slug":"dem-e-psl-aprovam-fusao-novo-partido-se-chamara-uniao-brasil","status":"publish","type":"post","link":"https:\/\/7ports.com.br\/?p=5355","title":{"rendered":"DEM e PSL aprovam fus\u00e3o; novo partido se chamar\u00e1 Uni\u00e3o Brasil"},"content":{"rendered":"\n<h2 class=\"wp-block-heading\">Cria\u00e7\u00e3o do novo partido ainda precisa ser aprovada pelo TSE. Uni\u00e3o Brasil deve ser uma das maiores legendas do pa\u00eds mas fus\u00e3o tamb\u00e9m deve gerar sa\u00edda de filiados.<\/h2>\n\n\n\n<p>Por Wellington Hanna, TV Globo&nbsp;\u2014 Bras\u00edlia<\/p>\n\n\n\n<p>06\/10\/2021 11h03&nbsp;&nbsp;Atualizado&nbsp;h\u00e1 3 dias<\/p>\n\n\n\n<hr class=\"wp-block-separator has-css-opacity\"\/>\n\n\n\n<figure class=\"wp-block-image\"><img decoding=\"async\" src=\"https:\/\/s2.glbimg.com\/iYBwgt43SvCVQTIHZXscB_qGQlQ=\/0x302:1600x1200\/984x0\/smart\/filters:strip_icc()\/i.s3.glbimg.com\/v1\/AUTH_59edd422c0c84a879bd37670ae4f538a\/internal_photos\/bs\/2021\/6\/t\/3OkrQcRCaeotPAq6bFkQ\/whatsapp-image-2021-10-06-at-12.13.07.jpeg\" alt=\"Conven\u00e7\u00e3o conjunta entre DEM e PSL, em Bras\u00edlia, ap\u00f3s aprova\u00e7\u00e3o da fus\u00e3o entre os dois partidos \u2014 Foto: Wellington Hanna\/TV Globo\"\/><\/figure>\n\n\n\n<p>Conven\u00e7\u00e3o conjunta entre DEM e PSL, em Bras\u00edlia, ap\u00f3s aprova\u00e7\u00e3o da fus\u00e3o entre os dois partidos \u2014 Foto: Wellington Hanna\/TV Globohttps:\/\/9cf5882a7604b7688275fa9db24b7d0d.safeframe.googlesyndication.com\/safeframe\/1-0-38\/html\/container.html<\/p>\n\n\n\n<p>O&nbsp;<a href=\"https:\/\/g1.globo.com\/politica\/partido\/dem\/\">DEM<\/a>&nbsp;e o&nbsp;<a href=\"https:\/\/g1.globo.com\/politica\/partido\/psl\/\">PSL<\/a>&nbsp;aprovaram, em conven\u00e7\u00f5es realizadas nesta quarta-feira (6) em Bras\u00edlia, a fus\u00e3o da entre as duas legendas. O novo partido se chamar\u00e1 Uni\u00e3o Brasil e o n\u00famero ser\u00e1 o 44.<\/p>\n\n\n\n<p>O Tribunal Superior Eleitoral (<a href=\"https:\/\/g1.globo.com\/tudo-sobre\/tribunal-superior-eleitoral\/\">TSE<\/a>) ainda precisa aprovar a nova sigla. A c\u00fapula do DEM cr\u00ea que o processo de fus\u00e3o leve tr\u00eas meses para ser analisado pelos ministros.<\/p>\n\n\n\n<p>A expectativa, segundo o presidente nacional do DEM, ACM Neto, \u00e9 de que a fus\u00e3o leve \u00e1 forma\u00e7\u00e3o da maior legenda do pa\u00eds. Entretanto, o processo deve levar \u00e0 sa\u00edda de v\u00e1rios filiados dos dois partidos, inclusive congressistas.<\/p>\n\n\n\n<figure class=\"wp-block-image\"><img decoding=\"async\" src=\"https:\/\/s02.video.glbimg.com\/x240\/9888205.jpg\" alt=\"ACM Neto descarta Bolsonaro ap\u00f3s fus\u00e3o de DEM e PSL\" title=\"ACM Neto descarta Bolsonaro ap\u00f3s fus\u00e3o de DEM e PSL\"\/><\/figure>\n\n\n\n<p>ACM Neto descarta Bolsonaro ap\u00f3s fus\u00e3o de DEM e PSL<\/p>\n\n\n\n<p>Ministro do Trabalho e da Previd\u00eancia do governo Bolsonaro e filiado ao DEM,&nbsp;<a href=\"https:\/\/g1.globo.com\/politica\/politico\/onyx-lorenzoni\/\">Onyx Lorenzoni<\/a>, votou contr\u00e1rio \u00e0 uni\u00e3o dos partidos e pediu para que a posi\u00e7\u00e3o dele constasse na ata da conven\u00e7\u00e3o.<\/p>\n\n\n\n<p>Mesmo com baixas nos dois partidos, o Uni\u00e3o Brasil deve contar com a maior bancada na C\u00e2mara dos Deputados. Atualmente:<\/p>\n\n\n\n<h2 class=\"wp-block-heading\"><strong>DEM<\/strong><\/h2>\n\n\n\n<ul><li>28 deputados<\/li><li>seis senadores, incluindo o presidente do Senado,&nbsp;<a href=\"https:\/\/g1.globo.com\/politica\/politico\/rodrigo-otavio-soares-pacheco\/\">Rodrigo Pacheco<\/a>&nbsp;(DEM-MG).<\/li><\/ul>\n\n\n\n<h2 class=\"wp-block-heading\">PSL<\/h2>\n\n\n\n<ul><li>54 deputados<\/li><li>dois senadores<\/li><\/ul>\n\n\n\n<p>Se considerados os n\u00fameros atuais dos dois partidos, a fus\u00e3o deixaria o Uni\u00e3o Brasil com um total de 82 deputados. A segunda maior bancada \u00e9 a do PT, com 53 deputados.<\/p>\n\n\n\n<figure class=\"wp-block-image\"><img decoding=\"async\" src=\"https:\/\/s2.glbimg.com\/CpzSauRjCvm6yir4btHPoIxblXE=\/0x0:651x1503\/984x0\/smart\/filters:strip_icc()\/i.s3.glbimg.com\/v1\/AUTH_59edd422c0c84a879bd37670ae4f538a\/internal_photos\/bs\/2021\/I\/h\/Rmzq8JTc67qkbIMW8SdA\/camara.jpg\" alt=\"Fus\u00e3o DEM PSL - C\u00e2mara \u2014 Foto: Arte\/g1\"\/><\/figure>\n\n\n\n<p>Fus\u00e3o DEM PSL &#8211; C\u00e2mara \u2014 Foto: Arte\/g1<\/p>\n\n\n\n<p>No Senado, o Uni\u00e3o Brasil contaria com oito parlamentares e seria a quarta maior bancada, atr\u00e1s de MDB (maior bancada, com 15 senadores), PSD, Podemos.<\/p>\n\n\n\n<figure class=\"wp-block-image\"><img decoding=\"async\" src=\"https:\/\/s2.glbimg.com\/St6nCZi7YYhM-AbNIwwWqVhqe9w=\/0x0:651x1275\/984x0\/smart\/filters:strip_icc()\/i.s3.glbimg.com\/v1\/AUTH_59edd422c0c84a879bd37670ae4f538a\/internal_photos\/bs\/2021\/x\/c\/g2urecTCK6LjfJkD3JvQ\/senado.jpg\" alt=\"Fus\u00e3o DEM PSL - Senado \u2014 Foto: Arte\/g1\"\/><\/figure>\n\n\n\n<p>Fus\u00e3o DEM PSL &#8211; Senado \u2014 Foto: Arte\/g1https:\/\/datawrapper.dwcdn.net\/eF4m8\/2\/<\/p>\n\n\n\n<h2 class=\"wp-block-heading\">Bolsonaro<\/h2>\n\n\n\n<p>O presidente&nbsp;<a href=\"https:\/\/g1.globo.com\/politica\/politico\/jair-bolsonaro\/\">Jair Bolsonaro<\/a>&nbsp;foi filiado ao PSL e estava no partido quando foi eleito, em 2018.&nbsp;<a href=\"https:\/\/g1.globo.com\/politica\/noticia\/2019\/11\/12\/deputados-do-psl-dizem-que-bolsonaro-decidiu-deixar-partido-e-criar-nova-legenda.ghtml\">Ele deixou a legenda em novembro de 2019<\/a>&nbsp;ap\u00f3s uma s\u00e9rie de desentendimentos com o presidente do PSL, Luciano Bivar.<\/p>\n\n\n\n<p>A sa\u00edda de Bolsonaro desencadeou uma crise no partido, dividindo as alas ligadas a ele e a Bivar.<\/p>\n","protected":false},"excerpt":{"rendered":"<p>Cria\u00e7\u00e3o do novo partido ainda precisa ser aprovada pelo TSE. Uni\u00e3o Brasil deve ser uma das maiores legendas do pa\u00eds mas fus\u00e3o tamb\u00e9m deve gerar sa\u00edda de filiados. Por Wellington<\/p>\n","protected":false},"author":1,"featured_media":7819,"comment_status":"closed","ping_status":"closed","sticky":false,"template":"","format":"standard","meta":[],"categories":[1],"tags":[],"_links":{"self":[{"href":"https:\/\/7ports.com.br\/index.php?rest_route=\/wp\/v2\/posts\/5355"}],"collection":[{"href":"https:\/\/7ports.com.br\/index.php?rest_route=\/wp\/v2\/posts"}],"about":[{"href":"https:\/\/7ports.com.br\/index.php?rest_route=\/wp\/v2\/types\/post"}],"author":[{"embeddable":true,"href":"https:\/\/7ports.com.br\/index.php?rest_route=\/wp\/v2\/users\/1"}],"replies":[{"embeddable":true,"href":"https:\/\/7ports.com.br\/index.php?rest_route=%2Fwp%2Fv2%2Fcomments&post=5355"}],"version-history":[{"count":2,"href":"https:\/\/7ports.com.br\/index.php?rest_route=\/wp\/v2\/posts\/5355\/revisions"}],"predecessor-version":[{"id":7820,"href":"https:\/\/7ports.com.br\/index.php?rest_route=\/wp\/v2\/posts\/5355\/revisions\/7820"}],"wp:featuredmedia":[{"embeddable":true,"href":"https:\/\/7ports.com.br\/index.php?rest_route=\/wp\/v2\/media\/7819"}],"wp:attachment":[{"href":"https:\/\/7ports.com.br\/index.php?rest_route=%2Fwp%2Fv2%2Fmedia&parent=5355"}],"wp:term":[{"taxonomy":"category","embeddable":true,"href":"https:\/\/7ports.com.br\/index.php?rest_route=%2Fwp%2Fv2%2Fcategories&post=5355"},{"taxonomy":"post_tag","embeddable":true,"href":"https:\/\/7ports.com.br\/index.php?rest_route=%2Fwp%2Fv2%2Ftags&post=5355"}],"curies":[{"name":"wp","href":"https:\/\/api.w.org\/{rel}","templated":true}]}}