
{"id":5360,"date":"2021-10-10T20:27:03","date_gmt":"2021-10-10T23:27:03","guid":{"rendered":"https:\/\/7ports.com.br\/?p=5360"},"modified":"2021-10-10T20:27:06","modified_gmt":"2021-10-10T23:27:06","slug":"sem-tomar-vacina-bolsonaro-e-impedido-de-assistir-jogo-do-santos","status":"publish","type":"post","link":"https:\/\/7ports.com.br\/?p=5360","title":{"rendered":"Sem tomar vacina, Bolsonaro \u00e9 impedido de assistir jogo do Santos"},"content":{"rendered":"\n<h2 class=\"wp-block-heading\" id=\"noticia-olho\">Comprovante de vacina\u00e7\u00e3o completo \u00e9 exigido para acessar est\u00e1dio em S\u00e3o Paulo<\/h2>\n\n\n\n<figure class=\"wp-block-image\"><img decoding=\"async\" src=\"https:\/\/i0.statig.com.br\/bancodeimagens\/42\/wt\/nf\/42wtnf1zfpvawdospmcz3ftc5.jpg\" alt=\"Presidente usou camisa do Santos em viagem\" title=\"Presidente usou camisa do Santos em viagem\"\/><figcaption>Reprodu\u00e7\u00e3oPresidente usou camisa do Santos em viagem<\/figcaption><\/figure>\n\n\n\n<p>Negacionista das vacinas contra a Covid-19, o presidente Jair Bolsonaro (sem partiu) come\u00e7ou a sentir o impacto cotidiano de sua postura. Neste domingo (10), ele pretendia assistir a uma partida de futebol na Vila Belmiro,&nbsp;<a href=\"https:\/\/esporte.ig.com.br\/futebol\/2021-10-10\/jogo-de-hoje-santos-x-gremio--provaveis-escalacoes-e-onde-assistir.html?Foto1\">onde o Santos enfrenta o Gr\u00eamio,<\/a>&nbsp;&nbsp;mas o acesso s\u00f3 \u00e9 permitido a pessoas completamente imunizadas.Continua ap\u00f3s a publicidadehttps:\/\/22a3ffce5789e316bff7b1ed49d11c2f.safeframe.googlesyndication.com\/safeframe\/1-0-38\/html\/container.html<\/p>\n\n\n\n<p>&#8220;Eu queria ver o jogo do Santos agora. Me falaram que tem que estar vacinado. Por que isso? Eu tenho mais anticorpos que quem tomou a vacina&#8221;, reclamou, ao falar com apoiadores.&nbsp;<\/p>\n","protected":false},"excerpt":{"rendered":"<p>Comprovante de vacina\u00e7\u00e3o completo \u00e9 exigido para acessar est\u00e1dio em S\u00e3o Paulo Negacionista das vacinas contra a Covid-19, o presidente Jair Bolsonaro (sem partiu) come\u00e7ou a sentir o impacto cotidiano<\/p>\n","protected":false},"author":1,"featured_media":5365,"comment_status":"closed","ping_status":"closed","sticky":false,"template":"","format":"standard","meta":[],"categories":[1],"tags":[],"_links":{"self":[{"href":"https:\/\/7ports.com.br\/index.php?rest_route=\/wp\/v2\/posts\/5360"}],"collection":[{"href":"https:\/\/7ports.com.br\/index.php?rest_route=\/wp\/v2\/posts"}],"about":[{"href":"https:\/\/7ports.com.br\/index.php?rest_route=\/wp\/v2\/types\/post"}],"author":[{"embeddable":true,"href":"https:\/\/7ports.com.br\/index.php?rest_route=\/wp\/v2\/users\/1"}],"replies":[{"embeddable":true,"href":"https:\/\/7ports.com.br\/index.php?rest_route=%2Fwp%2Fv2%2Fcomments&post=5360"}],"version-history":[{"count":1,"href":"https:\/\/7ports.com.br\/index.php?rest_route=\/wp\/v2\/posts\/5360\/revisions"}],"predecessor-version":[{"id":5366,"href":"https:\/\/7ports.com.br\/index.php?rest_route=\/wp\/v2\/posts\/5360\/revisions\/5366"}],"wp:featuredmedia":[{"embeddable":true,"href":"https:\/\/7ports.com.br\/index.php?rest_route=\/wp\/v2\/media\/5365"}],"wp:attachment":[{"href":"https:\/\/7ports.com.br\/index.php?rest_route=%2Fwp%2Fv2%2Fmedia&parent=5360"}],"wp:term":[{"taxonomy":"category","embeddable":true,"href":"https:\/\/7ports.com.br\/index.php?rest_route=%2Fwp%2Fv2%2Fcategories&post=5360"},{"taxonomy":"post_tag","embeddable":true,"href":"https:\/\/7ports.com.br\/index.php?rest_route=%2Fwp%2Fv2%2Ftags&post=5360"}],"curies":[{"name":"wp","href":"https:\/\/api.w.org\/{rel}","templated":true}]}}