
{"id":5367,"date":"2021-10-10T20:32:34","date_gmt":"2021-10-10T23:32:34","guid":{"rendered":"https:\/\/7ports.com.br\/?p=5367"},"modified":"2022-06-01T15:28:19","modified_gmt":"2022-06-01T18:28:19","slug":"cpi-ouve-na-quarta-feira-presidente-da-agencia-nacional-de-saude-suplementar","status":"publish","type":"post","link":"https:\/\/7ports.com.br\/?p=5367","title":{"rendered":"CPI ouve na quarta-feira presidente da Ag\u00eancia Nacional de Sa\u00fade Suplementar"},"content":{"rendered":"\n<p><small>Da Ag\u00eancia Senado |&nbsp;01\/10\/2021, 17h20<\/small><\/p>\n\n\n\n<figure class=\"wp-block-image\"><img decoding=\"async\" src=\"https:\/\/www12.senado.leg.br\/noticias\/materias\/2021\/10\/01\/cpi-ouve-na-quarta-feira-presidente-da-agencia-nacional-de-saude-suplementar\/20210714_00888pf.jpg\/@@images\/image\/imagem_materia\" alt=\"Comiss\u00e3o Parlamentar de Inqu\u00e9rito da Pandemia (CPIPANDEMIA) realiza oitiva da diretora t\u00e9cnica da Precisa Medicamentos, empresa que representa a Bharat Biotech no Brasil e que teria feito intermedia\u00e7\u00e3o nas negocia\u00e7\u00f5es para compra da vacina Covaxin.  O depoimento da diretora-executiva \u00e0 CPI da Pandemia foi adiado para hoje (14) ap\u00f3s a depoente afirmar estar \u201cexausta\u201d e sem condi\u00e7\u00f5es psicol\u00f3gicas de falar \u00e0 comiss\u00e3o na noite desta ter\u00e7a-feira (13). A depoente ainda est\u00e1 suportada por um habeas corpus que lhe d\u00e1 o direito de silenciar sobre perguntas que possam incrimin\u00e1-la.  Em pronunciamento, vice-presidente da CPIPANDEMIA, senador Randolfe Rodrigues (Rede-AP).  Foto: Pedro Fran\u00e7a\/Ag\u00eancia Senado\"\/><\/figure>\n\n\n\n<p>A CPI da Pandemia deve ouvir na pr\u00f3xima quarta-feira (6) o depoimento do diretor-presidente da Ag\u00eancia Nacional de Sa\u00fade Suplementar, Paulo Roberto Rebello Filho. Rebello foi tamb\u00e9m chefe de gabinete do Minist\u00e9rio da Sa\u00fade entre 2016 e 2018, na gest\u00e3o do deputado Ricardo Barros (PP-PR), que \u00e9 investigado pela CPI.<\/p>\n\n\n\n<p>A convoca\u00e7\u00e3o foi requerida pelo vice-presidente da CPI, senador Randolfe Rodrigues (Rede-AP), e tem a ver com as den\u00fancias de m\u00e1s pr\u00e1ticas m\u00e9dicas pela operadora de sa\u00fade Prevent Senior. Antes de ser diretor-presidente da ANS, Rebello comandava a diretoria de Normas e Habilita\u00e7\u00e3o das Operadoras.<\/p>\n\n\n\n<p>Randolfe afirma que a CPI j\u00e1 reuniu evid\u00eancias de \u201cin\u00fameras e grav\u00edssimas irregularidades\u201d cometidas pela Prevent Senior contra seus segurados e funcion\u00e1rios. Agora, precisa cobrar da ag\u00eancia reguladora do setor explica\u00e7\u00f5es sobre quais provid\u00eancias foram tomadas para coibir ou punir essas a\u00e7\u00f5es.<\/p>\n\n\n\n<p>As cobran\u00e7as da CPI sobre a ANS se intensificaram na \u00faltima ter\u00e7a-feira (28), com&nbsp;<a href=\"https:\/\/www12.senado.leg.br\/noticias\/materias\/2021\/10\/09\/28\/advogada-diz-a-cpi-que-prevent-obrigava-medicos-a-receitar-kit-covid\">o depoimento da advogada Bruna Morato<\/a>, representante de um grupo de m\u00e9dicos que trabalha na Prevent Senior. Segundo ela, os profissionais eram obrigados a receitar o \u201ckit covid\u201d para pacientes, e que os riscos dos medicamentos n\u00e3o eram informados.<\/p>\n\n\n\n<p>O relator da CPI, senador Renan Calheiros (MDB-AL), suspeita que a empresa estivesse blindada pela ag\u00eancia enquanto executava esse protocolo.<\/p>\n\n\n\n<p>\u2014 H\u00e1 muitos documentos e coment\u00e1rios de que os diretores executivos da Prevent Senior, quando sentiam alguma insatisfa\u00e7\u00e3o de algum m\u00e9dico para p\u00f4r em pr\u00e1tica o protocolo e aplicar o \u201ckit covid\u201d, diziam: &#8220;Olha, fica tranquilo que a ANS n\u00e3o chegar\u00e1 aqui&#8221; \u2014 disse ele, na ter\u00e7a-feira.<\/p>\n\n\n\n<p>O diretor-executivo da Prevent Senior, Pedro Benedito Batista J\u00fanior, afirmou&nbsp;<a href=\"https:\/\/www12.senado.leg.br\/noticias\/materias\/2021\/10\/09\/22\/cpi-diretor-da-prevent-senior-e-acusado-de-mentir-e-passa-a-condicao-de-investigado-1\">em seu depoimento \u00e0 CPI<\/a>&nbsp;que a empresa foi investigada pela ANS e os processos foram arquivados<\/p>\n\n\n\n<p>Paulo Roberto Rebello Filho \u00e9 diretor-presidente da ANS desde julho. Sua indica\u00e7\u00e3o chegou a ser retirada pelo presidente Jair Bolsonaro na v\u00e9spera do dia em que seria analisada pelo Senado, mas Bolsonaro voltou atr\u00e1s e&nbsp;<a href=\"https:\/\/www12.senado.leg.br\/noticias\/materias\/2021\/10\/07\/07\/apos-recuo-de-bolsonaro-plenario-aprova-indicacao-de-paulo-rebello-para-ans\">o Senado aprovou a condu\u00e7\u00e3o de Rebello<\/a>.<\/p>\n","protected":false},"excerpt":{"rendered":"<p>Da Ag\u00eancia Senado |&nbsp;01\/10\/2021, 17h20 A CPI da Pandemia deve ouvir na pr\u00f3xima quarta-feira (6) o depoimento do diretor-presidente da Ag\u00eancia Nacional de Sa\u00fade Suplementar, Paulo Roberto Rebello Filho. Rebello<\/p>\n","protected":false},"author":1,"featured_media":7817,"comment_status":"closed","ping_status":"closed","sticky":false,"template":"","format":"standard","meta":[],"categories":[1],"tags":[],"_links":{"self":[{"href":"https:\/\/7ports.com.br\/index.php?rest_route=\/wp\/v2\/posts\/5367"}],"collection":[{"href":"https:\/\/7ports.com.br\/index.php?rest_route=\/wp\/v2\/posts"}],"about":[{"href":"https:\/\/7ports.com.br\/index.php?rest_route=\/wp\/v2\/types\/post"}],"author":[{"embeddable":true,"href":"https:\/\/7ports.com.br\/index.php?rest_route=\/wp\/v2\/users\/1"}],"replies":[{"embeddable":true,"href":"https:\/\/7ports.com.br\/index.php?rest_route=%2Fwp%2Fv2%2Fcomments&post=5367"}],"version-history":[{"count":3,"href":"https:\/\/7ports.com.br\/index.php?rest_route=\/wp\/v2\/posts\/5367\/revisions"}],"predecessor-version":[{"id":7818,"href":"https:\/\/7ports.com.br\/index.php?rest_route=\/wp\/v2\/posts\/5367\/revisions\/7818"}],"wp:featuredmedia":[{"embeddable":true,"href":"https:\/\/7ports.com.br\/index.php?rest_route=\/wp\/v2\/media\/7817"}],"wp:attachment":[{"href":"https:\/\/7ports.com.br\/index.php?rest_route=%2Fwp%2Fv2%2Fmedia&parent=5367"}],"wp:term":[{"taxonomy":"category","embeddable":true,"href":"https:\/\/7ports.com.br\/index.php?rest_route=%2Fwp%2Fv2%2Fcategories&post=5367"},{"taxonomy":"post_tag","embeddable":true,"href":"https:\/\/7ports.com.br\/index.php?rest_route=%2Fwp%2Fv2%2Ftags&post=5367"}],"curies":[{"name":"wp","href":"https:\/\/api.w.org\/{rel}","templated":true}]}}