
{"id":5370,"date":"2021-10-10T20:43:25","date_gmt":"2021-10-10T23:43:25","guid":{"rendered":"https:\/\/7ports.com.br\/?p=5370"},"modified":"2021-10-10T20:43:27","modified_gmt":"2021-10-10T23:43:27","slug":"stf-arquiva-pedidos-de-investigacao-sobre-offshores-de-guedes-e-campos-neto","status":"publish","type":"post","link":"https:\/\/7ports.com.br\/?p=5370","title":{"rendered":"STF arquiva pedidos de investiga\u00e7\u00e3o sobre offshores de Guedes e Campos Neto"},"content":{"rendered":"\n<h1 class=\"wp-block-heading\">Dias Toffoli destacou que solicitar \u00e0 PGR a instaura\u00e7\u00e3o de um inqu\u00e9rito sobre o caso n\u00e3o \u00e9 fun\u00e7\u00e3o do <\/h1>\n\n\n\n<p>Ouvir not\u00edciahttps:\/\/audio10.audima.co\/iframe-later-new-cnn-audima.html?skin=new-cnn&amp;statistic=true&amp;clientAlias=<\/p>\n\n\n\n<p>O ministro Dias Toffoli, do&nbsp;<a href=\"https:\/\/www.cnnbrasil.com.br\/tudo-sobre\/supremo-tribunal-federal-stf\">Supremo Tribunal Federal<\/a>&nbsp;(STF), arquivou dois pedidos enviados \u00e0 Corte para que fosse solicitada \u00e0 Procuradoria-Geral da Rep\u00fablica uma investiga\u00e7\u00e3o sobre as empresas offshore do ministro da Economia,&nbsp;<a href=\"https:\/\/www.cnnbrasil.com.br\/tudo-sobre\/paulo-guedes\/\">Paulo Guedes<\/a>, e do presidente do Banco Central,&nbsp;<a href=\"https:\/\/www.cnnbrasil.com.br\/tudo-sobre\/roberto-campos-neto\/\">Roberto Campos Neto<\/a>.<\/p>\n\n\n\n<p>Os pedidos foram feitos pelo senador Randolfe Rodrigues (Rede-AP) e pela Associa\u00e7\u00e3o Brasileira de Economistas pela Democracia e outras entidades. O ministro ainda n\u00e3o analisou uma a\u00e7\u00e3o do PDT com a mesma solicita\u00e7\u00e3o.PUBLICIDADE<\/p>\n\n\n\n<p>Toffoli argumentou que o Supremo n\u00e3o teria o dever constitucional de, ap\u00f3s receber uma not\u00edcia-crime, solicitar \u00e0 PGR a abertura de um inqu\u00e9rito. Em vez disso, sugeriu o contr\u00e1rio aos solicitantes:<\/p>\n\n\n\n<p>\u201cO requerente pode apresentar a noticia crime diretamente \u00e0 Procuradoria-Geral da Rep\u00fablica, n\u00e3o cabendo ao Judici\u00e1rio imiscuir-se na atua\u00e7\u00e3o daquele \u00f3rg\u00e3o ou substituir o cidad\u00e3o nesse encaminhamento\u201d, escreveu.<\/p>\n\n\n\n<p>\u201cCabe exclusivamente ao&nbsp;<a href=\"https:\/\/www.cnnbrasil.com.br\/tudo-sobre\/procuradoria-geral-da-republica-pgr\/\">Procurador-Geral da Rep\u00fablica<\/a>&nbsp;o pedido de abertura de inqu\u00e9rito em face de autoridades titulares de foro por prerrogativa de fun\u00e7\u00e3o perante o Supremo Tribunal Federal\u201d, complementou.<\/p>\n\n\n\n<p>Leia Mais<\/p>\n\n\n\n<ul><li><a href=\"https:\/\/www.cnnbrasil.com.br\/business\/paraiso-fiscal-offshore-entenda-os-termos-e-suas-questoes-juridicas\/\">Para\u00edso fiscal, offshore: entenda os termos e suas quest\u00f5es jur\u00eddicas<\/a><\/li><li><a href=\"https:\/\/www.cnnbrasil.com.br\/politica\/guedes-offshore-foi-declarada-e-nao-houve-movimentacao-de-recursos\/\">Guedes: offshore foi declarada e n\u00e3o houve movimenta\u00e7\u00e3o de recursos<\/a><\/li><li><a href=\"https:\/\/www.cnnbrasil.com.br\/politica\/a-pgr-guedes-nega-que-politica-economica-tenha-beneficiado-offshore\/\">\u00c0 PGR, Guedes nega que pol\u00edtica econ\u00f4mica tenha beneficiado offshore<\/a><\/li><\/ul>\n\n\n\n<p>Os pedidos vieram ap\u00f3s a&nbsp;<a href=\"https:\/\/www.cnnbrasil.com.br\/politica\/pandora-papers-guedes-e-campos-neto-afirmam-que-contas-no-exterior-foram-declaradas-a-receita\/\">divulga\u00e7\u00e3o dos documentos conhecidos como Pandora Papers<\/a>, analisados pelo Cons\u00f3rcio Internacional de Jornalistas, que identificaram que tanto Guedes quanto Campos Neto teriam participa\u00e7\u00f5es milion\u00e1rias em&nbsp;<a href=\"https:\/\/www.cnnbrasil.com.br\/business\/paraiso-fiscal-offshore-entenda-os-termos-e-suas-questoes-juridicas\/\">offshores<\/a>&nbsp;localizadas em para\u00edsos fiscais.<\/p>\n\n\n\n<p>Em nota enviada \u00e0&nbsp;<strong>CNN<\/strong>, a defesa de Guedes afirmou que o arquivamento da a\u00e7\u00e3o \u201c\u00e9 mais uma demonstra\u00e7\u00e3o inequ\u00edvoca de que n\u00e3o h\u00e1 ilegalidade em manter um ve\u00edculo de investimento no exterior, declarado \u00e0 Receita e demais \u00f3rg\u00e3os competentes, muito antes de Paulo Guedes ingressar no governo\u201d.<\/p>\n\n\n\n<p>Os advogados Ticiano Figueiredo e Pedro Ivo Velloso, que representam Guedes no caso, ainda acrescentaram que o ministro teria se afastado da gest\u00e3o da empresa ao assumir o cargo de ministro e que \u201cjamais se beneficiou, de qualquer forma, do cargo que ocupa\u201d.<\/p>\n\n\n\n<p>A defesa de Campos Neto tamb\u00e9m posicionou-se ap\u00f3s a divulga\u00e7\u00e3o da exist\u00eancia das empresas. Campos Neto informou n\u00e3o ter feito nenhuma remessa de recursos para a Cor Assets \u2014 offshore criada em 2004 por ele no&nbsp;<a href=\"https:\/\/www.cnnbrasil.com.br\/tudo-sobre\/panama\/\" target=\"_blank\" rel=\"noreferrer noopener\">Panam\u00e1<\/a>&nbsp;\u2014 ap\u00f3s a nomea\u00e7\u00e3o para fun\u00e7\u00e3o p\u00fablica.<\/p>\n\n\n\n<p>Segundo ele, todo o patrim\u00f4nio em seu nome, no pa\u00eds e no exterior, havia sido declarado \u00e0 Receita Federal, ao Banco Central e \u00e0 Comiss\u00e3o de \u00c9tica P\u00fablica.<\/p>\n\n\n\n<h2 class=\"wp-block-heading\">Explica\u00e7\u00f5es<\/h2>\n\n\n\n<p>Mesmo com o arquivamento do pedido espec\u00edfico de Randolfe Rodrigues, Paulo Guedes ainda tem outros esclarecimentos a prestar. Ele foi convocado a explicar sobre sua empresa no exterior no&nbsp;<a href=\"https:\/\/www.cnnbrasil.com.br\/politica\/camara-aprova-a-convocacao-de-paulo-guedes-para-explicar-offshore\/\">plen\u00e1rio da C\u00e2mara dos Deputados<\/a>. A sess\u00e3o que ouvir\u00e1 o ministro ainda n\u00e3o foi marcada.<\/p>\n\n\n\n<p>Al\u00e9m disso, o ministro j\u00e1 se manifestou perante a PGR sobre o caso. Em documento encaminhado na tarde de quarta-feira (6), Guedes afirmou que, desde janeiro de 2019, quando assumiu a pasta,&nbsp;<a href=\"https:\/\/www.cnnbrasil.com.br\/politica\/a-pgr-guedes-nega-que-politica-economica-tenha-beneficiado-offshore\/\">n\u00e3o houve qualquer remessa de valores para a sua empresa offshore<\/a>&nbsp;e nem da empresa para o Brasil.<\/p>\n\n\n\n<p>Isso, de acordo com o ministro, demonstraria que n\u00e3o houve nenhum benef\u00edcio com a offshore desde 2014, quando a empresa foi criada. Guedes cita expressamente, segundo relataram fontes do governo a Caio Junqueira, analista de pol\u00edtica da&nbsp;<strong>CNN<\/strong>, que a offshore nunca se beneficiou das pol\u00edticas econ\u00f4micas do Brasil.<\/p>\n\n\n\n<div class=\"wp-block-group is-layout-flow\"><div class=\"wp-block-group__inner-container\"><\/div><\/div>\n","protected":false},"excerpt":{"rendered":"<p>Dias Toffoli destacou que solicitar \u00e0 PGR a instaura\u00e7\u00e3o de um inqu\u00e9rito sobre o caso n\u00e3o \u00e9 fun\u00e7\u00e3o do Ouvir not\u00edciahttps:\/\/audio10.audima.co\/iframe-later-new-cnn-audima.html?skin=new-cnn&amp;statistic=true&amp;clientAlias= O ministro Dias Toffoli, do&nbsp;Supremo Tribunal Federal&nbsp;(STF), arquivou dois<\/p>\n","protected":false},"author":1,"featured_media":5371,"comment_status":"closed","ping_status":"closed","sticky":false,"template":"","format":"standard","meta":[],"categories":[1],"tags":[],"_links":{"self":[{"href":"https:\/\/7ports.com.br\/index.php?rest_route=\/wp\/v2\/posts\/5370"}],"collection":[{"href":"https:\/\/7ports.com.br\/index.php?rest_route=\/wp\/v2\/posts"}],"about":[{"href":"https:\/\/7ports.com.br\/index.php?rest_route=\/wp\/v2\/types\/post"}],"author":[{"embeddable":true,"href":"https:\/\/7ports.com.br\/index.php?rest_route=\/wp\/v2\/users\/1"}],"replies":[{"embeddable":true,"href":"https:\/\/7ports.com.br\/index.php?rest_route=%2Fwp%2Fv2%2Fcomments&post=5370"}],"version-history":[{"count":1,"href":"https:\/\/7ports.com.br\/index.php?rest_route=\/wp\/v2\/posts\/5370\/revisions"}],"predecessor-version":[{"id":5372,"href":"https:\/\/7ports.com.br\/index.php?rest_route=\/wp\/v2\/posts\/5370\/revisions\/5372"}],"wp:featuredmedia":[{"embeddable":true,"href":"https:\/\/7ports.com.br\/index.php?rest_route=\/wp\/v2\/media\/5371"}],"wp:attachment":[{"href":"https:\/\/7ports.com.br\/index.php?rest_route=%2Fwp%2Fv2%2Fmedia&parent=5370"}],"wp:term":[{"taxonomy":"category","embeddable":true,"href":"https:\/\/7ports.com.br\/index.php?rest_route=%2Fwp%2Fv2%2Fcategories&post=5370"},{"taxonomy":"post_tag","embeddable":true,"href":"https:\/\/7ports.com.br\/index.php?rest_route=%2Fwp%2Fv2%2Ftags&post=5370"}],"curies":[{"name":"wp","href":"https:\/\/api.w.org\/{rel}","templated":true}]}}