
{"id":5401,"date":"2021-10-11T20:51:23","date_gmt":"2021-10-11T23:51:23","guid":{"rendered":"https:\/\/7ports.com.br\/?p=5401"},"modified":"2022-02-24T12:11:38","modified_gmt":"2022-02-24T15:11:38","slug":"justica-afasta-sergio-camargo-da-fundacao-palmares","status":"publish","type":"post","link":"https:\/\/7ports.com.br\/?p=5401","title":{"rendered":"Justi\u00e7a afasta S\u00e9rgio Camargo da Funda\u00e7\u00e3o Palmares"},"content":{"rendered":"\n<h1 class=\"wp-block-heading\">Justi\u00e7a afasta S\u00e9rgio Camargo da gest\u00e3o de pessoal da Funda\u00e7\u00e3o Palmares por ass\u00e9dio moral<\/h1>\n\n\n\n<h3 class=\"wp-block-heading\">Pedido foi feito pelo Minist\u00e9rio P\u00fablico do Trabalho e aponta, al\u00e9m do ass\u00e9dio, persegui\u00e7\u00e3o ideol\u00f3gica e discrimina\u00e7\u00e3o contra funcion\u00e1rios<\/h3>\n\n\n\n<p><img decoding=\"async\" loading=\"lazy\" width=\"1024\" height=\"766\" src=\"https:\/\/jpimg.com.br\/uploads\/2020\/10\/sergio-camargo2-1024x766.jpg\" alt=\"\" srcset=\"\/\/jpimg.com.br\/uploads\/2020\/10\/sergio-camargo2-1024x766.jpg 1024w, \/\/jpimg.com.br\/uploads\/2020\/10\/sergio-camargo2-668x500.jpg 668w, \/\/jpimg.com.br\/uploads\/2020\/10\/sergio-camargo2-768x575.jpg 768w, \/\/jpimg.com.br\/uploads\/2020\/10\/sergio-camargo2-962x720.jpg 962w, \/\/jpimg.com.br\/uploads\/2020\/10\/sergio-camargo2-577x432.jpg 577w, \/\/jpimg.com.br\/uploads\/2020\/10\/sergio-camargo2-770x576.jpg 770w, \/\/jpimg.com.br\/uploads\/2020\/10\/sergio-camargo2-450x337.jpg 450w, \/\/jpimg.com.br\/uploads\/2020\/10\/sergio-camargo2.jpg 1160w\">Sergio Camargo foi afastado do cargo por ass\u00e9dio moral<\/p>\n\n\n\n<p id=\"Corpo\">A&nbsp;<a href=\"https:\/\/jovempan.com.br\/tag\/justica-do-trabalho\"><strong>Justi\u00e7a do Trabalho<\/strong><\/a>&nbsp;determinou nesta segunda-feira, 11, o afastamento do presidente da&nbsp;<a href=\"https:\/\/jovempan.com.br\/tag\/fundacao-palmares\"><strong>Funda\u00e7\u00e3o Palmares<\/strong><\/a>,&nbsp;<a href=\"https:\/\/jovempan.com.br\/tag\/sergio-camargo\"><strong>S\u00e9rgio Camargo<\/strong><\/a>, das atividades de gest\u00e3o de pessoal. Com a decis\u00e3o, ele fica proibido de nomear, contratar e afastar servidores da entidade. A senten\u00e7a \u00e9 assinada pelo juiz Gustavo Carvalho Chehab, da 21\u00aa Vara do Trabalho de Bras\u00edlia, que atendeu a um pedido do&nbsp;<a href=\"https:\/\/jovempan.com.br\/tag\/ministerio-publico-do-trabalho\"><strong>Minist\u00e9rio P\u00fablico do Trabalho<\/strong><\/a>. O \u00f3rg\u00e3o diz que S\u00e9rgio Camargo cometeu&nbsp;<strong>ass\u00e9dio moral<\/strong>,&nbsp;<strong>persegui\u00e7\u00e3o ideol\u00f3gica<\/strong>&nbsp;e&nbsp;<strong>discrimina\u00e7\u00e3o<\/strong>&nbsp;contra funcion\u00e1rios. \u201cOs elementos iniciais de provas trazidos pelo autor indicam que, pela \u00f3tica dos relatos colhidos no procedimento investigativo pr\u00e9vio a esta demanda, o ambiente laboral sofreu degrada\u00e7\u00e3o e que ex-trabalhadores narram situa\u00e7\u00f5es de fobias, de p\u00e2nico e de abalo emocional\u201d, diz um trecho da decis\u00e3o. A multa di\u00e1ria em caso de descumprimento \u00e9 de R$ 5 mil.https:\/\/689a3218d8449d1dc06fef060325bae1.safeframe.googlesyndication.com\/safeframe\/1-0-38\/html\/container.html<\/p>\n\n\n\n<p>Em sua decis\u00e3o, o juiz disse ainda que a medida \u00e9 cautelar e pode ser revista, mas \u00e9 necess\u00e1ria para \u2018coibir eventuais pr\u00e1ticas tidas, a princ\u00edpio, como abusivas\u2019. \u201cO alegado abuso do r\u00e9u est\u00e1 centrado na gest\u00e3o de pessoas e na poss\u00edvel execra\u00e7\u00e3o p\u00fablica de indiv\u00edduos (quest\u00e3o afeta \u00e0 2a medida tutelar requerida). Ora, se a atua\u00e7\u00e3o tida como abusiva do 2o r\u00e9u pode ser identificada e isolada (ou afastada) em determinada atribui\u00e7\u00e3o, ent\u00e3o o provimento inibit\u00f3rio deve sobre essa recair e n\u00e3o sobre a totalidade do exerc\u00edcio do mandato confiado pelo Excelent\u00edssimo Sr. Presidente da Rep\u00fablica\u201d, escreveu.<\/p>\n","protected":false},"excerpt":{"rendered":"<p>Justi\u00e7a afasta S\u00e9rgio Camargo da gest\u00e3o de pessoal da Funda\u00e7\u00e3o Palmares por ass\u00e9dio moral Pedido foi feito pelo Minist\u00e9rio P\u00fablico do Trabalho e aponta, al\u00e9m do ass\u00e9dio, persegui\u00e7\u00e3o ideol\u00f3gica e<\/p>\n","protected":false},"author":1,"featured_media":5402,"comment_status":"closed","ping_status":"closed","sticky":false,"template":"","format":"standard","meta":[],"categories":[1],"tags":[],"_links":{"self":[{"href":"https:\/\/7ports.com.br\/index.php?rest_route=\/wp\/v2\/posts\/5401"}],"collection":[{"href":"https:\/\/7ports.com.br\/index.php?rest_route=\/wp\/v2\/posts"}],"about":[{"href":"https:\/\/7ports.com.br\/index.php?rest_route=\/wp\/v2\/types\/post"}],"author":[{"embeddable":true,"href":"https:\/\/7ports.com.br\/index.php?rest_route=\/wp\/v2\/users\/1"}],"replies":[{"embeddable":true,"href":"https:\/\/7ports.com.br\/index.php?rest_route=%2Fwp%2Fv2%2Fcomments&post=5401"}],"version-history":[{"count":1,"href":"https:\/\/7ports.com.br\/index.php?rest_route=\/wp\/v2\/posts\/5401\/revisions"}],"predecessor-version":[{"id":5403,"href":"https:\/\/7ports.com.br\/index.php?rest_route=\/wp\/v2\/posts\/5401\/revisions\/5403"}],"wp:featuredmedia":[{"embeddable":true,"href":"https:\/\/7ports.com.br\/index.php?rest_route=\/wp\/v2\/media\/5402"}],"wp:attachment":[{"href":"https:\/\/7ports.com.br\/index.php?rest_route=%2Fwp%2Fv2%2Fmedia&parent=5401"}],"wp:term":[{"taxonomy":"category","embeddable":true,"href":"https:\/\/7ports.com.br\/index.php?rest_route=%2Fwp%2Fv2%2Fcategories&post=5401"},{"taxonomy":"post_tag","embeddable":true,"href":"https:\/\/7ports.com.br\/index.php?rest_route=%2Fwp%2Fv2%2Ftags&post=5401"}],"curies":[{"name":"wp","href":"https:\/\/api.w.org\/{rel}","templated":true}]}}