
{"id":5411,"date":"2021-10-12T10:01:18","date_gmt":"2021-10-12T13:01:18","guid":{"rendered":"https:\/\/7ports.com.br\/?p=5411"},"modified":"2022-05-31T13:17:04","modified_gmt":"2022-05-31T16:17:04","slug":"o-cristo-redentor-completa-90-anos-neste-dia-12-de-outubro-juntamente-as-comemoracoes-do-dia-de-nossa-senhora-aparecida","status":"publish","type":"post","link":"https:\/\/7ports.com.br\/?p=5411","title":{"rendered":"O Cristo Redentor completa 90 anos neste dia 12 de outubro, juntamente \u00e0s comemora\u00e7\u00f5es do Dia de Nossa Senhora Aparecida."},"content":{"rendered":"\n<p>O monumento foi declarado uma das Sete Maravilhas do Mundo Moderno, e faz jus ao t\u00edtulo \u2013 com seus bra\u00e7os abertos a mais de 700 metros acima do n\u00edvel do mar, ele \u00e9 admirado por turistas de todo o mundo.<\/p>\n\n\n\n<p><em><strong>Cristo Redentor<\/strong><\/em>&nbsp;(<a href=\"https:\/\/en.wikipedia.org\/wiki\/Portuguese_language\">&nbsp;portugu\u00eas<\/a>&nbsp;:<em>&nbsp;Cristo Redentor<\/em>&nbsp;,&nbsp;portugu\u00eas brasileiro&nbsp;<small>padr\u00e3o&nbsp;<\/small>:&nbsp;&nbsp;<a href=\"https:\/\/en.wikipedia.org\/wiki\/Help:IPA\/Portuguese\">[\u02c8k\u027eistu \u0281ed\u1ebd\u02c8to\u0281]<\/a>&nbsp;,<small>&nbsp;pron\u00fancia local:&nbsp;&nbsp;<\/small><a href=\"https:\/\/en.wikipedia.org\/wiki\/Help:IPA\">[\u02c8k\u027ei\u0255t\u016d\u0325 xe\u031ed\u1ebd\u02c8to\u0266]<\/a>&nbsp;) \u00e9 umaest\u00e1tua<a href=\"https:\/\/en.wikipedia.org\/wiki\/Art_Deco\">&nbsp;Art D\u00e9co<\/a>&nbsp;de<a href=\"https:\/\/en.wikipedia.org\/wiki\/Jesus_Christ\">&nbsp;Jesus Cristo<\/a>&nbsp;no<a href=\"https:\/\/en.wikipedia.org\/wiki\/Rio_de_Janeiro\">&nbsp;Rio de Janeiro<\/a>&nbsp;,<a href=\"https:\/\/en.wikipedia.org\/wiki\/Brazil\">&nbsp;Brasil<\/a>&nbsp;, criada pelo escultor franc\u00eas<a href=\"https:\/\/en.wikipedia.org\/wiki\/Paul_Landowski\">&nbsp;Paul Landowski<\/a>&nbsp;e constru\u00edda por Engenheiro brasileiro<a href=\"https:\/\/en.wikipedia.org\/wiki\/Heitor_da_Silva_Costa\">&nbsp;Heitor da Silva Costa<\/a>&nbsp;, em colabora\u00e7\u00e3o com o engenheiro franc\u00eas<a href=\"https:\/\/en.wikipedia.org\/wiki\/Albert_Caquot\">&nbsp;Albert Caquot<\/a>&nbsp;.&nbsp;Escultor<a href=\"https:\/\/en.wikipedia.org\/wiki\/Romanians\">&nbsp;romeno&nbsp;<\/a><a href=\"https:\/\/en.wikipedia.org\/wiki\/Gheorghe_Leonida\">Gheorghe Leonida<\/a>moldou o rosto.&nbsp;Constru\u00edda entre 1922 e 1931, a est\u00e1tua tem 30 metros (98 p\u00e9s) de altura, excluindo seu&nbsp;<a href=\"https:\/\/en.wikipedia.org\/wiki\/Pedestal\">pedestal de<\/a>&nbsp;8 metros (26 p\u00e9s)&nbsp;.&nbsp;Os bra\u00e7os se estendem por 28 metros (92 p\u00e9s) de largura.&nbsp;<sup><a href=\"https:\/\/en.wikipedia.org\/wiki\/Christ_the_Redeemer_(statue)#cite_note-brit-1\">[1]&nbsp;<\/a><a href=\"https:\/\/en.wikipedia.org\/wiki\/Christ_the_Redeemer_(statue)#cite_note-giumbelli2014-2\">[2]<\/a><\/sup><\/p>\n\n\n\n<p>A est\u00e1tua pesa 635&nbsp;<a href=\"https:\/\/en.wikipedia.org\/wiki\/Metric_ton\">toneladas m\u00e9tricas<\/a>&nbsp;(625 de&nbsp;<a href=\"https:\/\/en.wikipedia.org\/wiki\/Long_ton\">comprimento<\/a>&nbsp;, 700&nbsp;<a href=\"https:\/\/en.wikipedia.org\/wiki\/Short_ton\">toneladas curtas<\/a>&nbsp;) e est\u00e1 localizada no pico da&nbsp;montanha do&nbsp;<a href=\"https:\/\/en.wikipedia.org\/wiki\/Corcovado\">Corcovado,<\/a>&nbsp;de 700 metros,&nbsp;no&nbsp;Parque Nacional da&nbsp;<a href=\"https:\/\/en.wikipedia.org\/wiki\/Tijuca_Forest\">Floresta<\/a>&nbsp;da&nbsp;<a href=\"https:\/\/en.wikipedia.org\/wiki\/Tijuca_Forest\">Tijuca<\/a>&nbsp;, com vista para a cidade do Rio de Janeiro.&nbsp;Um s\u00edmbolo do&nbsp;<a href=\"https:\/\/en.wikipedia.org\/wiki\/Christianity\">cristianismo em<\/a>&nbsp;todo o mundo, a est\u00e1tua tamb\u00e9m se tornou um&nbsp;<a href=\"https:\/\/en.wikipedia.org\/wiki\/Cultural_icon\">\u00edcone cultural<\/a>&nbsp;do Rio de Janeiro e do Brasil e foi eleita uma das&nbsp;<a href=\"https:\/\/en.wikipedia.org\/wiki\/New_Seven_Wonders_of_the_World\">Novas Sete Maravilhas do Mundo<\/a>&nbsp;.&nbsp;<sup><a href=\"https:\/\/en.wikipedia.org\/wiki\/Christ_the_Redeemer_(statue)#cite_note-Hindustan_times-3\">[3]<\/a><\/sup>&nbsp;\u00c9 feito de&nbsp;<a href=\"https:\/\/en.wikipedia.org\/wiki\/Reinforced_concrete\">concreto armado<\/a>&nbsp;e&nbsp;<a href=\"https:\/\/en.wikipedia.org\/wiki\/Soapstone\">pedra<\/a>&nbsp;&#8211;&nbsp;<a href=\"https:\/\/en.wikipedia.org\/wiki\/Soapstone\">sab\u00e3o<\/a>&nbsp;.&nbsp;<sup><a href=\"https:\/\/en.wikipedia.org\/wiki\/Christ_the_Redeemer_(statue)#cite_note-Largest_christ-4\">[4]&nbsp;<\/a><\/sup><sup><a href=\"https:\/\/en.wikipedia.org\/wiki\/Christ_the_Redeemer_(statue)#cite_note-Travel_Channel-5\">[5]&nbsp;<\/a><\/sup><sup><a href=\"https:\/\/en.wikipedia.org\/wiki\/Christ_the_Redeemer_(statue)#cite_note-BBC-6\">[6]<\/a><\/sup><\/p>\n\n\n\n<h2 class=\"wp-block-heading\" id=\"mw-toc-heading\">Conte\u00fado<\/h2>\n\n\n\n<ul><li><a href=\"https:\/\/en.wikipedia.org\/wiki\/Christ_the_Redeemer_(statue)#History\">1Hist\u00f3ria<\/a><\/li><li><a href=\"https:\/\/en.wikipedia.org\/wiki\/Christ_the_Redeemer_(statue)#Restoration\">2Restaura\u00e7\u00e3o<\/a><\/li><li><a href=\"https:\/\/en.wikipedia.org\/wiki\/Christ_the_Redeemer_(statue)#Similar_structures\">3Estruturas semelhantes<\/a><\/li><li><a href=\"https:\/\/en.wikipedia.org\/wiki\/Christ_the_Redeemer_(statue)#Gallery\">4Galeria<\/a><\/li><li><a href=\"https:\/\/en.wikipedia.org\/wiki\/Christ_the_Redeemer_(statue)#See_also\">5Veja tamb\u00e9m<\/a><\/li><li><a href=\"https:\/\/en.wikipedia.org\/wiki\/Christ_the_Redeemer_(statue)#References\">6Refer\u00eancias<\/a><\/li><li><a href=\"https:\/\/en.wikipedia.org\/wiki\/Christ_the_Redeemer_(statue)#Further_reading\">7Leitura adicional<\/a><\/li><li><a href=\"https:\/\/en.wikipedia.org\/wiki\/Christ_the_Redeemer_(statue)#External_links\">8links externos<\/a><\/li><\/ul>\n\n\n\n<h2 class=\"wp-block-heading\">Hist\u00f3ria&nbsp;[&nbsp;<a href=\"https:\/\/en.wikipedia.org\/w\/index.php?title=Christ_the_Redeemer_(statue)&amp;action=edit&amp;section=1\">editar&nbsp;<\/a>]<\/h2>\n\n\n\n<p><a href=\"https:\/\/en.wikipedia.org\/wiki\/File:Corcovadoporferrez.jpg\"><\/a><a href=\"https:\/\/en.wikipedia.org\/wiki\/File:Corcovadoporferrez.jpg\"><\/a>Vista do Corcovado antes da constru\u00e7\u00e3o, s\u00e9culo 19<a href=\"https:\/\/en.wikipedia.org\/wiki\/File:Est%C3%A1tua_do_Cristo_Redentor_nas_cores_da_Bandeira_do_Brasil.jpg\"><\/a><a href=\"https:\/\/en.wikipedia.org\/wiki\/File:Est%C3%A1tua_do_Cristo_Redentor_nas_cores_da_Bandeira_do_Brasil.jpg\"><\/a>Est\u00e1tua iluminada com as cores da&nbsp;<a href=\"https:\/\/en.wikipedia.org\/wiki\/Flag_of_Brazil\">Bandeira do Brasil<\/a><\/p>\n\n\n\n<p><a href=\"https:\/\/en.wikipedia.org\/wiki\/Congregation_of_the_Mission\">O<\/a>&nbsp;padre&nbsp;<a href=\"https:\/\/en.wikipedia.org\/wiki\/Congregation_of_the_Mission\">vicentino<\/a>&nbsp;Pedro Maria Boss sugeriu pela primeira vez a coloca\u00e7\u00e3o de um monumento crist\u00e3o no Monte Corcovado em meados da d\u00e9cada de 1850 para homenagear a&nbsp;<a href=\"https:\/\/en.wikipedia.org\/wiki\/Isabel,_Princess_Imperial_of_Brazil\">princesa Isabel<\/a>&nbsp;, regente do Brasil e filha do&nbsp;<a href=\"https:\/\/en.wikipedia.org\/wiki\/Emperor_Pedro_II\">imperador Pedro II<\/a>&nbsp;, mas o projeto n\u00e3o foi aprovado.&nbsp;<sup><a href=\"https:\/\/en.wikipedia.org\/wiki\/Christ_the_Redeemer_(statue)#cite_note-brit-1\">[1]<\/a><\/sup>&nbsp;Em 1889, o pa\u00eds tornou-se uma rep\u00fablica e, devido \u00e0&nbsp;<a href=\"https:\/\/en.wikipedia.org\/wiki\/Separation_of_church_and_state\">separa\u00e7\u00e3o entre a igreja e o estado,<\/a>&nbsp;a est\u00e1tua proposta foi rejeitada.&nbsp;<sup><a href=\"https:\/\/en.wikipedia.org\/wiki\/Christ_the_Redeemer_(statue)#cite_note-7\">[7]<\/a><\/sup><\/p>\n\n\n\n<p>O C\u00edrculo Cat\u00f3lico&nbsp;<sup>[&nbsp;<em><a href=\"https:\/\/en.wikipedia.org\/wiki\/Wikipedia:Please_clarify\">necess\u00e1rio esclarecimento<\/a><\/em>&nbsp;]<\/sup>&nbsp;do Rio fez uma segunda proposta para uma est\u00e1tua emblem\u00e1tica na montanha em 1920.&nbsp;<sup><a href=\"https:\/\/en.wikipedia.org\/wiki\/Christ_the_Redeemer_(statue)#cite_note-Riotur-8\">[8]<\/a><\/sup>&nbsp;O grupo organizou um evento chamado&nbsp;<em>Semana do Monumento<\/em>&nbsp;para atrair doa\u00e7\u00f5es e coletar assinaturas para apoiar os constru\u00e7\u00e3o da est\u00e1tua.&nbsp;A organiza\u00e7\u00e3o foi motivada pelo que eles percebiam como &#8216;impiedade&#8217; na sociedade.&nbsp;As doa\u00e7\u00f5es vieram principalmente de&nbsp;<a href=\"https:\/\/en.wikipedia.org\/wiki\/Roman_Catholicism_in_Brazil\">cat\u00f3licos brasileiros<\/a>&nbsp;.&nbsp;<sup><a href=\"https:\/\/en.wikipedia.org\/wiki\/Christ_the_Redeemer_(statue)#cite_note-Largest_christ-4\">[4]<\/a><\/sup>&nbsp;Os desenhos considerados para a &#8220;Est\u00e1tua do Cristo&#8221; inclu\u00edam uma representa\u00e7\u00e3o da&nbsp;<a href=\"https:\/\/en.wikipedia.org\/wiki\/Christian_cross\">cruz crist\u00e3<\/a>&nbsp;, uma est\u00e1tua de Jesus com um globo nas m\u00e3os e um pedestal simbolizando o mundo.&nbsp;<sup><a href=\"https:\/\/en.wikipedia.org\/wiki\/Christ_the_Redeemer_(statue)#cite_note-JB-9\">[9]<\/a><\/sup>&nbsp;A est\u00e1tua de Cristo, o<a href=\"https:\/\/en.wikipedia.org\/wiki\/Redeemer_(Christianity)\">O Redentor de<\/a>&nbsp;bra\u00e7os abertos, s\u00edmbolo da paz, foi escolhido.<\/p>\n\n\n\n<p>O engenheiro local&nbsp;<a href=\"https:\/\/en.wikipedia.org\/wiki\/Heitor_da_Silva_Costa\">Heitor da Silva Costa<\/a>&nbsp;e o artista pl\u00e1stico&nbsp;<a href=\"https:\/\/en.wikipedia.org\/w\/index.php?title=Carlos_Oswald&amp;action=edit&amp;redlink=1\">Carlos Oswald<\/a>&nbsp;projetaram a est\u00e1tua.&nbsp;<sup><a href=\"https:\/\/en.wikipedia.org\/wiki\/Christ_the_Redeemer_(statue)#cite_note-10\">[10]<\/a><\/sup>&nbsp;O escultor franc\u00eas&nbsp;<a href=\"https:\/\/en.wikipedia.org\/wiki\/Paul_Landowski\">Paul Landowski<\/a>&nbsp;criou a obra.&nbsp;<sup><a href=\"https:\/\/en.wikipedia.org\/wiki\/Christ_the_Redeemer_(statue)#cite_note-11\">[11]<\/a><\/sup><\/p>\n\n\n\n<p>Em 1922, Landowski contratou o&nbsp;escultor&nbsp;parisiense&nbsp;<a href=\"https:\/\/en.wikipedia.org\/wiki\/Romania\">romeno&nbsp;<\/a><a href=\"https:\/\/en.wikipedia.org\/wiki\/Gheorghe_Leonida\">Gheorghe Leonida<\/a>&nbsp;, que estudou escultura no Conservat\u00f3rio de Belas Artes de Bucareste e na It\u00e1lia.&nbsp;<sup><a href=\"https:\/\/en.wikipedia.org\/wiki\/Christ_the_Redeemer_(statue)#cite_note-12\">[12]<\/a><\/sup><\/p>\n\n\n\n<p>Um grupo de engenheiros e t\u00e9cnicos estudou as submiss\u00f5es de Landowski e sentiu que construir a estrutura de&nbsp;<a href=\"https:\/\/en.wikipedia.org\/wiki\/Reinforced_concrete\">concreto armado<\/a>&nbsp;(projetada por&nbsp;<a href=\"https:\/\/en.wikipedia.org\/wiki\/Albert_Caquot\">Albert Caquot<\/a>&nbsp;) em vez de a\u00e7o era mais adequado para a&nbsp;est\u00e1tua em forma de&nbsp;<a href=\"https:\/\/en.wikipedia.org\/wiki\/Cross\">cruz<\/a>&nbsp;.&nbsp;O concreto que comp\u00f5e a base foi fornecido de&nbsp;<a href=\"https:\/\/en.wikipedia.org\/wiki\/Limhamn\">Limhamn<\/a>&nbsp;, Su\u00e9cia.&nbsp;<sup><a href=\"https:\/\/en.wikipedia.org\/wiki\/Christ_the_Redeemer_(statue)#cite_note-13\">[13]&nbsp;<\/a><\/sup><sup><a href=\"https:\/\/en.wikipedia.org\/wiki\/Christ_the_Redeemer_(statue)#cite_note-14\">[14]<\/a><\/sup>&nbsp;As camadas externas s\u00e3o de&nbsp;<a href=\"https:\/\/en.wikipedia.org\/wiki\/Soapstone\">pedra-sab\u00e3o<\/a>&nbsp;, escolhidas por suas qualidades duradouras e facilidade de uso.&nbsp;<sup><a href=\"https:\/\/en.wikipedia.org\/wiki\/Christ_the_Redeemer_(statue)#cite_note-Travel_Channel-5\">[5] A<\/a><\/sup>&nbsp;constru\u00e7\u00e3o durou nove anos, de 1922 a 1931, e custou o equivalente a&nbsp;US $ 250.000&nbsp;(equivalente a $ 3.600.000 em 2020) e o monumento foi inaugurado em 12 de outubro de 1931.&nbsp;<sup><a href=\"https:\/\/en.wikipedia.org\/wiki\/Christ_the_Redeemer_(statue)#cite_note-Travel_Channel-5\">[5]&nbsp;<\/a><\/sup><sup><a href=\"https:\/\/en.wikipedia.org\/wiki\/Christ_the_Redeemer_(statue)#cite_note-BBC-6\">[6]<\/a><\/sup>Durante a cerim\u00f4nia de abertura, a est\u00e1tua seria iluminada por uma bateria de&nbsp;<a href=\"https:\/\/en.wikipedia.org\/wiki\/Floodlight\">holofotes<\/a>&nbsp;acesos remotamente pelo&nbsp;inventor&nbsp;italiano do&nbsp;<a href=\"https:\/\/en.wikipedia.org\/wiki\/Shortwave_radio\">r\u00e1dio de ondas curtas&nbsp;<\/a><a href=\"https:\/\/en.wikipedia.org\/wiki\/Guglielmo_Marconi\">Guglielmo Marconi<\/a>&nbsp;, estacionado a 9.200 quil\u00f4metros (5.700 milhas) de dist\u00e2ncia em Roma, mas devido ao mau tempo, as luzes foram ativadas no local .&nbsp;<sup><a href=\"https:\/\/en.wikipedia.org\/wiki\/Christ_the_Redeemer_(statue)#cite_note-Riotur-8\">[8]<\/a><\/sup><\/p>\n\n\n\n<p>Em outubro de 2006, no 75\u00ba anivers\u00e1rio da conclus\u00e3o da est\u00e1tua, o&nbsp;<a href=\"https:\/\/en.wikipedia.org\/wiki\/Cardinal_(Catholicism)\">cardeal&nbsp;<\/a><a href=\"https:\/\/en.wikipedia.org\/wiki\/Eusebio_Oscar_Scheid\">Eusebio Oscar Scheid<\/a>&nbsp;,&nbsp;<a href=\"https:\/\/en.wikipedia.org\/wiki\/Archbishop\">arcebispo<\/a>&nbsp;do Rio, consagrou uma&nbsp;<a href=\"https:\/\/en.wikipedia.org\/wiki\/Chapel\">capela<\/a>&nbsp;, com o nome da padroeira do Brasil &#8211;&nbsp;<a href=\"https:\/\/en.wikipedia.org\/wiki\/Nossa_Senhora_Aparecida\">Nossa Senhora da Apari\u00e7\u00e3o<\/a>&nbsp;&#8211; sob a est\u00e1tua, permitindo que os cat\u00f3licos realizassem batismos e casamentos l\u00e1 .&nbsp;<sup><a href=\"https:\/\/en.wikipedia.org\/wiki\/Christ_the_Redeemer_(statue)#cite_note-BBC-6\">[6]<\/a><\/sup><\/p>\n\n\n\n<p>Um raio atingiu a est\u00e1tua durante uma violenta&nbsp;<a href=\"https:\/\/en.wikipedia.org\/wiki\/Thunderstorm\">tempestade<\/a>&nbsp;em 10 de fevereiro de 2008, causando alguns danos aos dedos, cabe\u00e7a e sobrancelhas.&nbsp;O&nbsp;governo do&nbsp;<a href=\"https:\/\/en.wikipedia.org\/wiki\/Rio_de_Janeiro_(state)\">estado do Rio de Janeiro<\/a>&nbsp;iniciou um esfor\u00e7o de restaura\u00e7\u00e3o para substituir algumas das camadas externas de pedra-sab\u00e3o e consertar os p\u00e1ra-raios da est\u00e1tua.&nbsp;Um raio danificou-o novamente em 17 de janeiro de 2014, deslocando um dedo da m\u00e3o direita.&nbsp;<sup><a href=\"https:\/\/en.wikipedia.org\/wiki\/Christ_the_Redeemer_(statue)#cite_note-Estad%C3%A3o.com.br-15\">[15]&nbsp;<\/a><\/sup><sup><a href=\"https:\/\/en.wikipedia.org\/wiki\/Christ_the_Redeemer_(statue)#cite_note-%C3%9Altimo_Segundo(2)-16\">[16]&nbsp;<\/a><\/sup><sup><a href=\"https:\/\/en.wikipedia.org\/wiki\/Christ_the_Redeemer_(statue)#cite_note-Canteiro_de_Obras-17\">[17]&nbsp;<\/a><\/sup><sup><a href=\"https:\/\/en.wikipedia.org\/wiki\/Christ_the_Redeemer_(statue)#cite_note-The_Age_newspaper-18\">[18]<\/a><\/sup><\/p>\n\n\n\n<p>Em 2010, uma restaura\u00e7\u00e3o massiva da est\u00e1tua come\u00e7ou.&nbsp;Os trabalhos inclu\u00edram limpeza, substitui\u00e7\u00e3o da argamassa e pedra-sab\u00e3o no exterior, restauro do ferro da estrutura interna e impermeabiliza\u00e7\u00e3o do monumento.&nbsp;Os v\u00e2ndalos atacaram a est\u00e1tua durante a reforma, espalhando tinta ao longo do bra\u00e7o.&nbsp;O prefeito&nbsp;<a href=\"https:\/\/en.wikipedia.org\/wiki\/Eduardo_Paes\">Eduardo Paes<\/a>&nbsp;qualificou o ato de &#8220;um crime contra a na\u00e7\u00e3o&#8221;.&nbsp;Os culpados posteriormente se desculparam e se apresentaram \u00e0 pol\u00edcia.&nbsp;<sup><a href=\"https:\/\/en.wikipedia.org\/wiki\/Christ_the_Redeemer_(statue)#cite_note-19\">[19]&nbsp;<\/a><\/sup><sup><a href=\"https:\/\/en.wikipedia.org\/wiki\/Christ_the_Redeemer_(statue)#cite_note-Globo_vandalism-20\">[20]&nbsp;<\/a><\/sup><sup><a href=\"https:\/\/en.wikipedia.org\/wiki\/Christ_the_Redeemer_(statue)#cite_note-21\">[21]<\/a><\/sup><\/p>\n\n\n\n<p>Em refer\u00eancia \u00e0&nbsp;<a href=\"https:\/\/en.wikipedia.org\/wiki\/Goal_celebration\">comemora\u00e7\u00e3o<\/a>&nbsp;do&nbsp;<a href=\"https:\/\/en.wikipedia.org\/wiki\/Goal_celebration\">gol<\/a>&nbsp;do&nbsp;atacante brasileiro&nbsp;<a href=\"https:\/\/en.wikipedia.org\/wiki\/Ronaldo_(Brazilian_footballer)\">Ronaldo com<\/a>&nbsp;os&nbsp;dois bra\u00e7os estendidos, a&nbsp;empresa de pneus&nbsp;<a href=\"https:\/\/en.wikipedia.org\/wiki\/Pirelli\">Pirelli<\/a>&nbsp;fez um comercial de 1998 no qual ele substituiu a est\u00e1tua enquanto estava em uma pista do Inter de Mil\u00e3o.&nbsp;<sup><a href=\"https:\/\/en.wikipedia.org\/wiki\/Christ_the_Redeemer_(statue)#cite_note-22\">[22]<\/a><\/sup>&nbsp;O comercial foi controverso com a Igreja Cat\u00f3lica.&nbsp;<sup><a href=\"https:\/\/en.wikipedia.org\/wiki\/Christ_the_Redeemer_(statue)#cite_note-23\">[23]<\/a><\/sup><a href=\"https:\/\/en.wikipedia.org\/wiki\/Goal_celebration\"><\/a><a href=\"https:\/\/en.wikipedia.org\/wiki\/Pirelli\"><\/a><sup><a href=\"https:\/\/en.wikipedia.org\/wiki\/Christ_the_Redeemer_(statue)#cite_note-22\"><\/a><\/sup><sup><a href=\"https:\/\/en.wikipedia.org\/wiki\/Christ_the_Redeemer_(statue)#cite_note-23\"><\/a><\/sup><\/p>\n\n\n\n<h2 class=\"wp-block-heading\">Restaura\u00e7\u00e3o&nbsp;[&nbsp;<a href=\"https:\/\/en.wikipedia.org\/w\/index.php?title=Christ_the_Redeemer_(statue)&amp;action=edit&amp;section=2\">editar&nbsp;<\/a>]<\/h2>\n\n\n\n<p><a href=\"https:\/\/en.wikipedia.org\/wiki\/File:Christ_on_Corcovado_mountain.JPG\"><\/a><a href=\"https:\/\/en.wikipedia.org\/wiki\/File:Christ_on_Corcovado_mountain.JPG\"><\/a>Vista panor\u00e2mica da est\u00e1tua no topo do&nbsp;<a href=\"https:\/\/en.wikipedia.org\/wiki\/Corcovado\">Corcovado<\/a>&nbsp;com o&nbsp;<a href=\"https:\/\/en.wikipedia.org\/wiki\/Sugarloaf_Mountain_(Brazil)\">P\u00e3o de A\u00e7\u00facar<\/a>&nbsp;(centro) e a&nbsp;<a href=\"https:\/\/en.wikipedia.org\/wiki\/Guanabara_Bay\">Ba\u00eda de Guanabara<\/a>&nbsp;ao fundo.<a href=\"https:\/\/en.wikipedia.org\/wiki\/File:Rio_Larson_3.jpg\"><\/a><a href=\"https:\/\/en.wikipedia.org\/wiki\/File:Rio_Larson_3.jpg\"><\/a><em><\/em>Vista a\u00e9rea&nbsp;<em>do Cristo Redentor<\/em>&nbsp;com a&nbsp;<a href=\"https:\/\/en.wikipedia.org\/wiki\/Tijuca_Forest\">Floresta da Tijuca<\/a><a href=\"https:\/\/en.wikipedia.org\/wiki\/File:Trem_do_Corcovado_na_Esta%C3%A7%C3%A3o_Paineiras_01.jpg\"><\/a><a href=\"https:\/\/en.wikipedia.org\/wiki\/File:Trem_do_Corcovado_na_Esta%C3%A7%C3%A3o_Paineiras_01.jpg\"><\/a><a href=\"https:\/\/en.wikipedia.org\/wiki\/Corcovado_Rack_Railway\">Ferrovia de cremalheira do Corcovado<\/a><a href=\"https:\/\/en.wikipedia.org\/wiki\/File:Morro_do_Corcovado.jpg\"><\/a><a href=\"https:\/\/en.wikipedia.org\/wiki\/File:Morro_do_Corcovado.jpg\"><\/a><em>Cristo Redentor<\/em>&nbsp;no topo do&nbsp;<a href=\"https:\/\/en.wikipedia.org\/wiki\/Corcovado\">Corcovado<\/a>&nbsp;com o&nbsp;<a href=\"https:\/\/en.wikipedia.org\/wiki\/Sugarloaf_Mountain\">P\u00e3o de A\u00e7\u00facar<\/a>&nbsp;ao fundo<a href=\"https:\/\/en.wikipedia.org\/wiki\/File:Christ_the_Redeemer.stl\"><\/a><a href=\"https:\/\/en.wikipedia.org\/wiki\/File:Christ_the_Redeemer.stl\"><\/a>Modelo 3D, clique para interagir.<\/p>\n\n\n\n<p>Em 1990, v\u00e1rias organiza\u00e7\u00f5es, incluindo a&nbsp;<a href=\"https:\/\/en.wikipedia.org\/wiki\/Roman_Catholic_Archdiocese_of_S%C3%A3o_Sebasti%C3%A3o_do_Rio_de_Janeiro\">Arquidiocese do Rio de Janeiro<\/a>&nbsp;, a empresa de m\u00eddia&nbsp;<a href=\"https:\/\/en.wikipedia.org\/wiki\/Grupo_Globo\">Grupo Globo<\/a>&nbsp;, a petrol\u00edfera Shell do Brasil, o \u00f3rg\u00e3o regulador ambiental&nbsp;<a href=\"https:\/\/en.wikipedia.org\/wiki\/Brazilian_Institute_of_Environment_and_Renewable_Natural_Resources\">IBAMA<\/a>&nbsp;,&nbsp;<a href=\"https:\/\/en.wikipedia.org\/wiki\/National_Institute_of_Historic_and_Artistic_Heritage\">o Instituto do Patrim\u00f4nio Hist\u00f3rico e Art\u00edstico Nacional<\/a>&nbsp;e a prefeitura do Rio de Janeiro firmaram um acordo para realizar trabalhos de restaura\u00e7\u00e3o.<\/p>\n\n\n\n<p>Mais trabalhos na est\u00e1tua e seus arredores foram conduzidos em 2003 e no in\u00edcio de 2010. Em 2003, um conjunto de&nbsp;<a href=\"https:\/\/en.wikipedia.org\/wiki\/Escalator\">escadas rolantes<\/a>&nbsp;, passarelas e elevadores foram instalados para facilitar o acesso \u00e0 plataforma ao redor da est\u00e1tua.&nbsp;A restaura\u00e7\u00e3o de quatro meses em 2010&nbsp;<sup><a href=\"https:\/\/en.wikipedia.org\/wiki\/Christ_the_Redeemer_(statue)#cite_note-BBC,_2010-07-01-24\">[24]<\/a><\/sup>&nbsp;focou na pr\u00f3pria est\u00e1tua.&nbsp;A estrutura interna da est\u00e1tua foi reformada e sua cobertura em mosaico de pedra-sab\u00e3o foi restaurada com a remo\u00e7\u00e3o de uma crosta de fungos e outros microorganismos e o conserto de pequenas rachaduras.&nbsp;Os&nbsp;<a href=\"https:\/\/en.wikipedia.org\/wiki\/Lightning_rod\">p\u00e1ra-raios<\/a>&nbsp;localizados na cabe\u00e7a e nos bra\u00e7os da est\u00e1tua tamb\u00e9m foram reparados, e novas lumin\u00e1rias foram instaladas aos p\u00e9s da est\u00e1tua.&nbsp;<sup><a href=\"https:\/\/en.wikipedia.org\/wiki\/Christ_the_Redeemer_(statue)#cite_note-25\">[25]<\/a><\/sup><\/p>\n\n\n\n<p>A restaura\u00e7\u00e3o envolveu cem pessoas e usou mais de 60.000 pe\u00e7as de pedra retiradas da mesma&nbsp;<a href=\"https:\/\/en.wikipedia.org\/wiki\/Quarry\">pedreira<\/a>&nbsp;da est\u00e1tua original.&nbsp;<sup><a href=\"https:\/\/en.wikipedia.org\/wiki\/Christ_the_Redeemer_(statue)#cite_note-BBC,_2010-07-01-24\">[24]<\/a><\/sup>&nbsp;Durante a inaugura\u00e7\u00e3o da est\u00e1tua restaurada, ela foi iluminada com luzes verdes e amarelas em apoio \u00e0&nbsp;<a href=\"https:\/\/en.wikipedia.org\/wiki\/Brazil_national_football_team\">sele\u00e7\u00e3o brasileira de futebol<\/a>&nbsp;jogando na&nbsp;<a href=\"https:\/\/en.wikipedia.org\/wiki\/2010_FIFA_World_Cup\">Copa do Mundo FIFA 2010<\/a>&nbsp;.&nbsp;<sup><a href=\"https:\/\/en.wikipedia.org\/wiki\/Christ_the_Redeemer_(statue)#cite_note-BBC,_2010-07-01-24\">[24]<\/a><\/sup><\/p>\n\n\n\n<p>O trabalho de manuten\u00e7\u00e3o deve ser realizado periodicamente devido aos&nbsp;<a href=\"https:\/\/en.wikipedia.org\/wiki\/Aeolian_processes\">fortes ventos<\/a>&nbsp;e&nbsp;\u00e0&nbsp;<a href=\"https:\/\/en.wikipedia.org\/wiki\/Erosion\">eros\u00e3o<\/a>&nbsp;a que a est\u00e1tua est\u00e1 exposta, bem como \u00e0 queda de raios.&nbsp;<sup><a href=\"https:\/\/en.wikipedia.org\/wiki\/Christ_the_Redeemer_(statue)#cite_note-Veja_Rio_(27_January_2010)-26\">[26]<\/a><\/sup>&nbsp;A pedra clara original n\u00e3o est\u00e1 mais dispon\u00edvel em quantidade suficiente e as pedras de reposi\u00e7\u00e3o est\u00e3o cada vez mais escuras.&nbsp;<sup><a href=\"https:\/\/en.wikipedia.org\/wiki\/Christ_the_Redeemer_(statue)#cite_note-27\">[27]<\/a><\/sup><\/p>\n\n\n\n<h2 class=\"wp-block-heading\">Estruturas similares&nbsp;[&nbsp;<a href=\"https:\/\/en.wikipedia.org\/w\/index.php?title=Christ_the_Redeemer_(statue)&amp;action=edit&amp;section=3\">editar&nbsp;<\/a>]<\/h2>\n\n\n\n<ul><li><a href=\"https:\/\/en.wikipedia.org\/wiki\/Christ_the_Protector\">Cristo Protetor<\/a>&nbsp;em&nbsp;<a href=\"https:\/\/en.wikipedia.org\/wiki\/Encantado,_Rio_Grande_do_Sul\">Encantado, Rio Grande do Sul<\/a>&nbsp;, Brasil (43m)<\/li><li>Cristo Redentor em&nbsp;<a href=\"https:\/\/en.wikipedia.org\/wiki\/Rio_Verde,_Goi%C3%A1s\">Rio Verde, Goi\u00e1s<\/a>&nbsp;, Brasil<\/li><li>Cristo no Monte em&nbsp;<a href=\"https:\/\/en.wikipedia.org\/wiki\/Pitangui\">Pitangui<\/a>&nbsp;,&nbsp;<a href=\"https:\/\/en.wikipedia.org\/wiki\/Minas_Gerais\">Minas Gerais<\/a>&nbsp;, Brasil<\/li><li><a href=\"https:\/\/en.wikipedia.org\/wiki\/Cristo_del_Otero\">Cristo del Otero<\/a>&nbsp;em&nbsp;<a href=\"https:\/\/en.wikipedia.org\/wiki\/Palencia\">Palencia<\/a>&nbsp;,&nbsp;<a href=\"https:\/\/en.wikipedia.org\/wiki\/Spain\">Espanha<\/a>&nbsp;,&nbsp;constru\u00eddo em 1930 (21 m)<\/li><li><a href=\"https:\/\/en.wikipedia.org\/wiki\/Cristo_Rey_(statue,_Mexico)\">Cristo Rey (est\u00e1tua, M\u00e9xico)<\/a>&nbsp;localizado no&nbsp;<a href=\"https:\/\/en.wikipedia.org\/wiki\/Cerro_del_Cubilete\">Cerro del Cubilete<\/a>&nbsp;em&nbsp;<a href=\"https:\/\/en.wikipedia.org\/wiki\/Guanajuato,_Guanajuato\">Guanajuato<\/a>&nbsp;, M\u00e9xico, inspirado no Cristo Redentor do Rio (23 m)<\/li><li>Cristo Rey em&nbsp;<a href=\"https:\/\/en.wikipedia.org\/wiki\/Tenancingo,_State_of_Mexico\">Tenancingo, M\u00e9xico<\/a>&nbsp;, M\u00e9xico (30 m)<\/li><li><a href=\"https:\/\/en.wikipedia.org\/wiki\/Christ_Blessing\">B\u00ean\u00e7\u00e3o de Cristo<\/a>&nbsp;em Manado, Sulawesi do Norte, Indon\u00e9sia (30 m)<\/li><li><a href=\"https:\/\/en.wikipedia.org\/wiki\/Christ_of_Havana\">Cristo de Havana<\/a>&nbsp;em&nbsp;<a href=\"https:\/\/en.wikipedia.org\/wiki\/Havana\">Havana<\/a>&nbsp;, Cuba, inspirado no Cristo Redentor (20 m)<\/li><li><a href=\"https:\/\/en.wikipedia.org\/wiki\/Christ_of_the_Abyss\">Cristo do Abismo<\/a>&nbsp;em v\u00e1rios locais subaqu\u00e1ticos<\/li><li><a href=\"https:\/\/en.wikipedia.org\/wiki\/Christ_of_the_Ozarks\">Cristo dos Ozarks<\/a>&nbsp;em&nbsp;<a href=\"https:\/\/en.wikipedia.org\/wiki\/Arkansas\">Arkansas<\/a>&nbsp;, Estados Unidos, inspirado no Cristo Redentor do Rio (20 m)<\/li><li><a href=\"https:\/\/en.wikipedia.org\/wiki\/Christ_of_V%C5%A9ng_T%C3%A0u\">Cristo de V\u0169ng T\u00e0u<\/a>&nbsp;no Vietn\u00e3 (32 m)<\/li><li><a href=\"https:\/\/en.wikipedia.org\/wiki\/Christ_the_King_(%C5%9Awiebodzin)\">Cristo Rei<\/a>&nbsp;em&nbsp;<a href=\"https:\/\/en.wikipedia.org\/wiki\/%C5%9Awiebodzin\">\u015awiebodzin<\/a>&nbsp;, Pol\u00f4nia (33 m)<\/li><li><a href=\"https:\/\/en.wikipedia.org\/wiki\/Christ_the_Redeemer_of_the_Andes\">Cristo Redentor dos Andes<\/a>&nbsp;(Argentina \/ Chile)<\/li><li><a href=\"https:\/\/en.wikipedia.org\/wiki\/Sagrat_Cor_de_Jesus\">Cristo Sagrado Cora\u00e7\u00e3o de Jesus<\/a>&nbsp;,&nbsp;<a href=\"https:\/\/en.wikipedia.org\/wiki\/Ibiza\">Ibiza<\/a>&nbsp;, Espanha, inspirado no Cristo Redentor (23 m)<\/li><li>Cristo Blanco em&nbsp;<a href=\"https:\/\/en.wikipedia.org\/wiki\/Cusco\">Cusco<\/a>&nbsp;, Peru<\/li><li><a href=\"https:\/\/en.wikipedia.org\/wiki\/Cristo_de_la_Concordia\">Cristo de la Concordia<\/a>&nbsp;em&nbsp;<a href=\"https:\/\/en.wikipedia.org\/wiki\/Cochabamba\">Cochabamba<\/a>&nbsp;, Bol\u00edvia (34 m)<\/li><li><a href=\"https:\/\/en.wikipedia.org\/wiki\/Cristo_de_las_Noas\">Cristo de las Noas<\/a>&nbsp;em&nbsp;<a href=\"https:\/\/en.wikipedia.org\/wiki\/Torre%C3%B3n\">Torre\u00f3n<\/a>&nbsp;, M\u00e9xico (22 m)<\/li><li><a href=\"https:\/\/en.wikipedia.org\/wiki\/Cristo_del_Pac%C3%ADfico\">Cristo del Pac\u00edfico<\/a>&nbsp;em&nbsp;<a href=\"https:\/\/en.wikipedia.org\/wiki\/Lima\">Lima<\/a>&nbsp;, Peru, erguido em 2011 (37 m)<\/li><li><a href=\"https:\/\/en.wikipedia.org\/wiki\/Patung_Yesus_Kristus\">Patung Yesus Kristus&nbsp;<\/a><sup><a href=\"https:\/\/en.wikipedia.org\/wiki\/Christ_the_Redeemer_(statue)#cite_note-28\">[28]<\/a><\/sup>&nbsp;na Ilha Mansinam, Papua Ocidental, Indon\u00e9sia (30 m)<\/li><li><a href=\"https:\/\/en.wikipedia.org\/wiki\/Cristo_Redentore\">Cristo Redentore<\/a>&nbsp;(Cristo Redentor) de&nbsp;<a href=\"https:\/\/en.wikipedia.org\/wiki\/Maratea\">Maratea<\/a>&nbsp;, It\u00e1lia (21 m)<\/li><li><a href=\"https:\/\/en.wikipedia.org\/wiki\/Christ_the_King_(Almada)\">Cristo Rei<\/a>&nbsp;(Cristo Rei) em&nbsp;<a href=\"https:\/\/en.wikipedia.org\/wiki\/Almada\">Almada<\/a>&nbsp;, Portugal (28 m)<\/li><li><a href=\"https:\/\/en.wikipedia.org\/wiki\/Cristo_Rei_of_Dili\">Cristo Rei de Dili<\/a>&nbsp;em Dili, Timor-Leste (27 m)<\/li><li><a href=\"https:\/\/en.wikipedia.org\/wiki\/Cristo_Rei,_Madeira\">Cristo Rei, Madeira<\/a>&nbsp;na&nbsp;ilha da&nbsp;<a href=\"https:\/\/en.wikipedia.org\/wiki\/Madeira\">Madeira<\/a>&nbsp;, conclu\u00eddo em 1927 (15 m)<\/li><li><a href=\"https:\/\/en.wikipedia.org\/wiki\/Cristo_Rei,_Lubango\">Cristo Rei<\/a>&nbsp;no&nbsp;<a href=\"https:\/\/en.wikipedia.org\/wiki\/Lubango\">Lubango<\/a>&nbsp;, Angola (14 m)<\/li><li>Est\u00e1tua do&nbsp;<a href=\"https:\/\/en.wikipedia.org\/wiki\/Cristo_Luz\">Cristo Luz<\/a>&nbsp;em&nbsp;<a href=\"https:\/\/en.wikipedia.org\/wiki\/Balne%C3%A1rio_Cambori%C3%BA\">Balne\u00e1rio Cambori\u00fa<\/a>&nbsp;, Santa Catarina, Brasil<\/li><li>Est\u00e1tua de Jesus Cristo no topo do&nbsp;<a href=\"https:\/\/en.wikipedia.org\/wiki\/Sagrat_Cor\">Sagrat Cor<\/a>&nbsp;,&nbsp;<a href=\"https:\/\/en.wikipedia.org\/wiki\/Barcelona\">Barcelona<\/a>&nbsp;, Espanha<\/li><li>Tas-Salvatur,&nbsp;<a href=\"https:\/\/en.wikipedia.org\/wiki\/Malta\">Malta<\/a>&nbsp;(12 m)<\/li><li>Est\u00e1tua de Jesus Cristo, Monte Urgull, Donostia-&nbsp;<a href=\"https:\/\/en.wikipedia.org\/wiki\/San_Sebastian,_Spain\">San Sebastian, Espanha<\/a>&nbsp;&#8211; 12 m<\/li><li><a href=\"https:\/\/en.wikipedia.org\/wiki\/Jesus_de_Greatest\">Jesus de Maior<\/a>&nbsp;em&nbsp;<a href=\"https:\/\/en.wikipedia.org\/wiki\/Imo_(state)\">Imo<\/a>&nbsp;, Nig\u00e9ria, a est\u00e1tua de Jesus mais alta da \u00c1frica e a quinta est\u00e1tua mais alta do continente (8,53 m)<\/li><li>Cristo del Picacho em Tegucigalpa, Honduras<\/li><li>Cristo Redentor, Puerto Plata, Rep\u00fablica Dominicana<\/li><li>Cristo, o rei do L\u00edbano<\/li><li>Outra est\u00e1tua de imita\u00e7\u00e3o do Cristo Redentor est\u00e1 em Nelore, Andhra Pradesh, \u00cdndia. (Shrish Patil)<\/li><li>imita\u00e7\u00e3o em Kovalam, perto de Trivandrum, Kerala, \u00cdndia.<\/li><li>Imita\u00e7\u00e3o no Ecoparque, Calcut\u00e1, \u00cdndia.&nbsp;<sup><a href=\"https:\/\/en.wikipedia.org\/wiki\/Christ_the_Redeemer_(statue)#cite_note-29\">[29]<\/a><\/sup><\/li><li>O Cristo Redentor de Malaca est\u00e1 na Pra\u00e7a da&nbsp;<a href=\"https:\/\/en.wikipedia.org\/wiki\/Melaka\">Col\u00f4nia<\/a>&nbsp;Portuguesa em&nbsp;<a href=\"https:\/\/en.wikipedia.org\/wiki\/Melaka\">Melaka<\/a>&nbsp;,&nbsp;<a href=\"https:\/\/en.wikipedia.org\/wiki\/Malaysia\">Mal\u00e1sia<\/a>&nbsp;(20 &#8216;de altura)<\/li><li><a href=\"https:\/\/en.wikipedia.org\/wiki\/Cristo_Rey_(Colombian_statue)\">Cristo Rey<\/a>&nbsp;na&nbsp;<a href=\"https:\/\/en.wikipedia.org\/wiki\/Colombia\">Col\u00f4mbia<\/a>&nbsp;(26 m)<\/li><li>Cristo Rey por&nbsp;<a href=\"https:\/\/en.wikipedia.org\/wiki\/Urbici_Soler_i_Manonelles\">Urbici Soler<\/a>&nbsp;em&nbsp;<a href=\"https:\/\/en.wikipedia.org\/wiki\/Sunland_Park,_New_Mexico\">Sunland Park, Novo M\u00e9xico<\/a>&nbsp;&#8211; (8,83&nbsp;<a href=\"https:\/\/en.wikipedia.org\/wiki\/Urbici_Soler_i_Manonelles\">milh\u00f5es<\/a>&nbsp;)<\/li><li><a href=\"https:\/\/es.wikipedia.org\/wiki\/Archivo:Cristo_redentor_barranca.jpg\">Cristo Redentor<\/a>&nbsp;(prov\u00edncia de Barranca, Lima, Peru)<\/li><li>Cristo Rey Tijuanense, na Iglesia de San Mart\u00edn de Porres perto de Colonia Los \u00c1lamos, Tijuana, Baja California, M\u00e9xico (23 m 30 cm)<\/li><\/ul>\n\n\n\n<h2 class=\"wp-block-heading\">Galeria&nbsp;[&nbsp;<a href=\"https:\/\/en.wikipedia.org\/w\/index.php?title=Christ_the_Redeemer_(statue)&amp;action=edit&amp;section=4\">editar&nbsp;<\/a>]<\/h2>\n\n\n\n<ul><li><a href=\"https:\/\/en.wikipedia.org\/wiki\/File:Cristo_Redentor_Rio_de_Janeiro_4.jpg\"><\/a>A est\u00e1tua<\/li><li><a href=\"https:\/\/en.wikipedia.org\/wiki\/File:Cristo_Redentor_Rio_de_Janeiro_Dezembro_de_2020.jpg\"><\/a>Escadas rolantes de acesso<\/li><li><a href=\"https:\/\/en.wikipedia.org\/wiki\/File:O_Cristo_Redentor.JPG\"><\/a><em>Cristo Redentor<\/em>&nbsp;ap\u00f3s a restaura\u00e7\u00e3o<\/li><li><a href=\"https:\/\/en.wikipedia.org\/wiki\/File:Cristo_Redentor_Brasil.JPG\"><\/a>A est\u00e1tua iluminou em amarelo e verde, as cores do Brasil, durante a&nbsp;<a href=\"https:\/\/en.wikipedia.org\/wiki\/2014_FIFA_World_Cup\">Copa do Mundo FIFA 2014<\/a>&nbsp;.<\/li><li><a href=\"https:\/\/en.wikipedia.org\/wiki\/File:Morro_do_P%C3%A3o_de_A%C3%A7%C3%BAcar_RJ_04.jpg\"><\/a>O&nbsp;<a href=\"https:\/\/en.wikipedia.org\/wiki\/Corcovado\">Corcovado<\/a>&nbsp;e o&nbsp;<em>Cristo Redentor<\/em>&nbsp;vistos do&nbsp;<a href=\"https:\/\/en.wikipedia.org\/wiki\/Sugarloaf_Mountain\">P\u00e3o<\/a>&nbsp;de&nbsp;<a href=\"https:\/\/en.wikipedia.org\/wiki\/Sugarloaf_Mountain\">A\u00e7\u00facar<\/a>&nbsp;.<\/li><li><a href=\"https:\/\/en.wikipedia.org\/wiki\/File:Unique_Moment_with_the_Moon_and_Christ_the_Redeemer_3.jpg\"><\/a><em>Cristo Redentor<\/em>&nbsp;com a lua ao fundo.<\/li><li><a href=\"https:\/\/en.wikipedia.org\/wiki\/File:P1170797-B.jpg\"><\/a>Cristo \u00e0 noite<\/li><\/ul>\n\n\n\n<h2 class=\"wp-block-heading\">Veja tamb\u00e9m&nbsp;[&nbsp;<a href=\"https:\/\/en.wikipedia.org\/w\/index.php?title=Christ_the_Redeemer_(statue)&amp;action=edit&amp;section=5\">editar&nbsp;<\/a>]<\/h2>\n\n\n\n<p><a href=\"https:\/\/en.wikipedia.org\/wiki\/File:Height_comparison_of_notable_statues_(vector).svg\"><\/a><a href=\"https:\/\/en.wikipedia.org\/wiki\/File:Height_comparison_of_notable_statues_(vector).svg\"><\/a>Alturas aproximadas de v\u00e1rias est\u00e1tuas not\u00e1veis:<br>1.&nbsp;<em><a href=\"https:\/\/en.wikipedia.org\/wiki\/Statue_of_Unity\">Est\u00e1tua da Unidade<\/a><\/em>&nbsp;240 m (790 ft) (incl. 58 m (190 ft) de base)<br>2.&nbsp;<a href=\"https:\/\/en.wikipedia.org\/wiki\/Spring_Temple_Buddha\">Spring Temple Buddha<\/a>&nbsp;153 m (502 ft) (incl. 25 m (82 ft) pedestal e trono de 20 m (66 p\u00e9s))<br>3.&nbsp;<a href=\"https:\/\/en.wikipedia.org\/wiki\/Statue_of_Liberty\">Est\u00e1tua da Liberdade<\/a>&nbsp;(&nbsp;<em>Liberdade iluminando o mundo<\/em>&nbsp;) 93 m (305 p\u00e9s) (incl. 47 m (154 p\u00e9s) pedestal)<br>4.&nbsp;<em><a href=\"https:\/\/en.wikipedia.org\/wiki\/The_Motherland_Calls\">A p\u00e1tria chama<\/a><\/em>&nbsp;87 m (285 p\u00e9s) (incl. . Pedestal de 2 m (6 p\u00e9s 7 pol.))<br>5.&nbsp;<em><strong>Cristo Redentor<\/strong><\/em>&nbsp;38 m (125 p\u00e9s) (incl. Pedestal de 8 m (26 p\u00e9s))<br>6.&nbsp;<a href=\"https:\/\/en.wikipedia.org\/wiki\/David_(Michelangelo)\"><em>David<\/em><\/a><a href=\"https:\/\/en.wikipedia.org\/wiki\/David_(Michelangelo)\">&nbsp;de Michelangelo<em><\/em><\/a>&nbsp;5,17 m (17,0 p\u00e9s) (excl. 2,5 m (8 p\u00e9, 2 pol.) pedestal)<\/p>\n\n\n\n<ul><li><a href=\"https:\/\/en.wikipedia.org\/wiki\/List_of_statues_by_height\">Lista de est\u00e1tuas por altura<\/a><\/li><\/ul>\n\n\n\n<h2 class=\"wp-block-heading\">Refer\u00eancias&nbsp;[&nbsp;<a href=\"https:\/\/en.wikipedia.org\/w\/index.php?title=Christ_the_Redeemer_(statue)&amp;action=edit&amp;section=6\">editar&nbsp;<\/a>]<\/h2>\n\n\n\n<ol><li>^&nbsp;<a href=\"https:\/\/en.wikipedia.org\/wiki\/Christ_the_Redeemer_(statue)#cite_ref-brit_1-0\">V\u00e1 at\u00e9:<sup><em><strong>a&nbsp;<\/strong><\/em><\/sup><\/a><a href=\"https:\/\/en.wikipedia.org\/wiki\/Christ_the_Redeemer_(statue)#cite_ref-brit_1-1\"><sup><em><strong>b<\/strong><\/em><\/sup><\/a>&nbsp;Murray, Lorraine.&nbsp;<a href=\"http:\/\/www.britannica.com\/EBchecked\/topic\/1435544\/Christ-the-Redeemer\">&#8220;Cristo Redentor (\u00faltima atualiza\u00e7\u00e3o em 13 de janeiro de 2014)&#8221;<\/a>.&nbsp;<em><a href=\"https:\/\/en.wikipedia.org\/wiki\/Encyclop%C3%A6dia_Britannica\">Encyclop\u00e6dia Britannica<\/a><\/em>&nbsp;.&nbsp;Recuperado&nbsp;em 11 de julho de&nbsp;2014.<\/li><li><strong><a href=\"https:\/\/en.wikipedia.org\/wiki\/Christ_the_Redeemer_(statue)#cite_ref-giumbelli2014_2-0\">^<\/a><\/strong>&nbsp;Giumbelli, Emerson (2014).&nbsp;<em>S\u00edmbolos Religiosos em Controv\u00e9rsia<\/em>&nbsp;(em portugu\u00eas).&nbsp;S\u00e3o Paulo.&nbsp;244.&nbsp;<a href=\"https:\/\/en.wikipedia.org\/wiki\/ISBN_(identifier)\">ISBN<\/a><a href=\"https:\/\/en.wikipedia.org\/wiki\/ISBN_(identifier)\"><\/a>&nbsp;<a href=\"https:\/\/en.wikipedia.org\/wiki\/Special:BookSources\/978-85-7816-137-8\"><bdi>978-85-7816-137-8<\/bdi><\/a>.<\/li><li><strong><a href=\"https:\/\/en.wikipedia.org\/wiki\/Christ_the_Redeemer_(statue)#cite_ref-Hindustan_times_3-0\">^&nbsp;<\/a><\/strong><a href=\"https:\/\/web.archive.org\/web\/20070930043832\/http:\/\/www.hindustantimes.com\/StoryPage\/StoryPage.aspx?id=c7e6494a-0e6c-46b4-9982-60b6b4bf20c1&amp;ParentID=f702d4d5-e16e-4a07-bd0a-5bebf5c9b825&amp;MatchID1=4488&amp;TeamID1=8&amp;TeamID2=10&amp;MatchType1=1&amp;SeriesID1=1120&amp;PrimaryID=4488&amp;Headline=The+new+Seven+Wonders+of+the+World\">&#8220;As Novas Sete Maravilhas do Mundo&#8221;<\/a>&nbsp;.&nbsp;<em><a href=\"https:\/\/en.wikipedia.org\/wiki\/Hindustan_Times\">Hindustan Times<\/a><\/em>&nbsp;.&nbsp;8 de julho de 2007. Arquivado do&nbsp;<a href=\"http:\/\/www.hindustantimes.com\/StoryPage\/StoryPage.aspx?id=c7e6494a-0e6c-46b4-9982-60b6b4bf20c1&amp;ParentID=f702d4d5-e16e-4a07-bd0a-5bebf5c9b825&amp;MatchID1=4488&amp;TeamID1=8&amp;TeamID2=10&amp;MatchType1=1&amp;SeriesID1=1120&amp;PrimaryID=4488&amp;Headline=The+new+Seven+Wonders+of+the+World\">original<\/a>&nbsp;em 30 de setembro de 2007&nbsp;.&nbsp;Recuperado&nbsp;em 11 de julho de&nbsp;2007&nbsp;.<a href=\"https:\/\/web.archive.org\/web\/20070930043832\/http:\/\/www.hindustantimes.com\/StoryPage\/StoryPage.aspx?id=c7e6494a-0e6c-46b4-9982-60b6b4bf20c1&amp;ParentID=f702d4d5-e16e-4a07-bd0a-5bebf5c9b825&amp;MatchID1=4488&amp;TeamID1=8&amp;TeamID2=10&amp;MatchType1=1&amp;SeriesID1=1120&amp;PrimaryID=4488&amp;Headline=The+new+Seven+Wonders+of+the+World\"><\/a><em><a href=\"https:\/\/en.wikipedia.org\/wiki\/Hindustan_Times\"><\/a><\/em><a href=\"http:\/\/www.hindustantimes.com\/StoryPage\/StoryPage.aspx?id=c7e6494a-0e6c-46b4-9982-60b6b4bf20c1&amp;ParentID=f702d4d5-e16e-4a07-bd0a-5bebf5c9b825&amp;MatchID1=4488&amp;TeamID1=8&amp;TeamID2=10&amp;MatchType1=1&amp;SeriesID1=1120&amp;PrimaryID=4488&amp;Headline=The+new+Seven+Wonders+of+the+World\"><\/a><\/li><li>^&nbsp;<a href=\"https:\/\/en.wikipedia.org\/wiki\/Christ_the_Redeemer_(statue)#cite_ref-Largest_christ_4-0\">V\u00e1 at\u00e9:<sup><em><strong>a&nbsp;<\/strong><\/em><\/sup><\/a><a href=\"https:\/\/en.wikipedia.org\/wiki\/Christ_the_Redeemer_(statue)#cite_ref-Largest_christ_4-1\"><sup><em><strong>b<\/strong><\/em><\/sup><\/a>&nbsp;<a href=\"https:\/\/web.archive.org\/web\/20070930035058\/http:\/\/www.time.com\/time\/magazine\/article\/0,9171,742502,00.html\">&#8220;Cristo Redentor&#8221;<\/a>.&nbsp;<em><a href=\"https:\/\/en.wikipedia.org\/wiki\/Time_(magazine)\">TIME<\/a><\/em>&nbsp;.&nbsp;26 de outubro de 1931. Arquivado do<a href=\"http:\/\/www.time.com\/time\/magazine\/article\/0,9171,742502,00.html\">original<\/a>em 30 de setembro de 2007.&nbsp;Recuperado&nbsp;em 11 de julho de2007.<a href=\"https:\/\/web.archive.org\/web\/20070930035058\/http:\/\/www.time.com\/time\/magazine\/article\/0,9171,742502,00.html\"><\/a><em><a href=\"https:\/\/en.wikipedia.org\/wiki\/Time_(magazine)\"><\/a><\/em><a href=\"http:\/\/www.time.com\/time\/magazine\/article\/0,9171,742502,00.html\"><\/a><\/li><li>^&nbsp;<a href=\"https:\/\/en.wikipedia.org\/wiki\/Christ_the_Redeemer_(statue)#cite_ref-Travel_Channel_5-0\">V\u00e1 at\u00e9:<sup><em><strong>a&nbsp;<\/strong><\/em><\/sup><\/a><a href=\"https:\/\/en.wikipedia.org\/wiki\/Christ_the_Redeemer_(statue)#cite_ref-Travel_Channel_5-1\"><sup><em><strong>b&nbsp;<\/strong><\/em><\/sup><\/a><a href=\"https:\/\/en.wikipedia.org\/wiki\/Christ_the_Redeemer_(statue)#cite_ref-Travel_Channel_5-2\"><sup><em><strong>c<\/strong><\/em><\/sup><\/a>&nbsp;<a href=\"https:\/\/web.archive.org\/web\/20070516094903\/http:\/\/travel.discovery.com\/video\/video.html?videoRef=c8fbe1ab8af1bb5087cbd1d996d8baf851e4672b\">&#8220;Brasil: Serra do Crocovado &#8211; Est\u00e1tua do Cristo&#8221;<\/a>.&nbsp;<a href=\"https:\/\/en.wikipedia.org\/wiki\/Travel_Channel\">Canal de viagens<\/a>.&nbsp;Arquivado do<a href=\"http:\/\/travel.discovery.com\/video\/video.html?videoRef=c8fbe1ab8af1bb5087cbd1d996d8baf851e4672b\">original<\/a>em 16 de maio de 2007.&nbsp;Recuperado&nbsp;em 7 de julho de2007.<a href=\"https:\/\/web.archive.org\/web\/20070516094903\/http:\/\/travel.discovery.com\/video\/video.html?videoRef=c8fbe1ab8af1bb5087cbd1d996d8baf851e4672b\"><\/a><a href=\"https:\/\/en.wikipedia.org\/wiki\/Travel_Channel\"><\/a><a href=\"http:\/\/travel.discovery.com\/video\/video.html?videoRef=c8fbe1ab8af1bb5087cbd1d996d8baf851e4672b\"><\/a><\/li><li>^&nbsp;<a href=\"https:\/\/en.wikipedia.org\/wiki\/Christ_the_Redeemer_(statue)#cite_ref-BBC_6-0\">V\u00e1 at\u00e9:<sup><em><strong>a&nbsp;<\/strong><\/em><\/sup><\/a><a href=\"https:\/\/en.wikipedia.org\/wiki\/Christ_the_Redeemer_(statue)#cite_ref-BBC_6-1\"><sup><em><strong>b&nbsp;<\/strong><\/em><\/sup><\/a><a href=\"https:\/\/en.wikipedia.org\/wiki\/Christ_the_Redeemer_(statue)#cite_ref-BBC_6-2\"><sup><em><strong>c<\/strong><\/em><\/sup><\/a>&nbsp;<a href=\"http:\/\/news.bbc.co.uk\/2\/hi\/americas\/6046538.stm\">&#8220;Status do santu\u00e1rio para o marco do Rio&#8221;<\/a>.&nbsp;<em><a href=\"https:\/\/en.wikipedia.org\/wiki\/BBC_News\">BBC News<\/a><\/em>&nbsp;.&nbsp;13 de outubro de 2006.&nbsp;Recuperado&nbsp;em 7 de julho de&nbsp;2007.<a href=\"http:\/\/news.bbc.co.uk\/2\/hi\/americas\/6046538.stm\"><\/a><em><a href=\"https:\/\/en.wikipedia.org\/wiki\/BBC_News\"><\/a><\/em><\/li><li><strong><a href=\"https:\/\/en.wikipedia.org\/wiki\/Christ_the_Redeemer_(statue)#cite_ref-7\">^&nbsp;<\/a><\/strong><a href=\"https:\/\/prezi.com\/lebig4ro4slk\/cristo-corcovado\/\">&#8220;Cristo Corcovado de Sergi Lla no Prezi&#8221;<\/a>&nbsp;.&nbsp;Prezi.com&nbsp;.&nbsp;Recuperado&nbsp;em 15 de outubro de&nbsp;2015&nbsp;.<a href=\"https:\/\/prezi.com\/lebig4ro4slk\/cristo-corcovado\/\"><\/a><\/li><li>^&nbsp;<a href=\"https:\/\/en.wikipedia.org\/wiki\/Christ_the_Redeemer_(statue)#cite_ref-Riotur_8-0\">V\u00e1 at\u00e9:<sup><em><strong>a&nbsp;<\/strong><\/em><\/sup><\/a><a href=\"https:\/\/en.wikipedia.org\/wiki\/Christ_the_Redeemer_(statue)#cite_ref-Riotur_8-1\"><sup><em><strong>b<\/strong><\/em><\/sup><\/a>&nbsp;<a href=\"https:\/\/web.archive.org\/web\/20090313041840\/http:\/\/www.rio.rj.gov.br\/riotur\/pt\/atracao\/?CodAtr=3912\">&#8220;Cristo Redentor &#8211; Hist\u00f3rico da Constru\u00e7\u00e3o&#8221;<\/a>.&nbsp;Arquivado do<a href=\"http:\/\/www.rio.rj.gov.br\/riotur\/pt\/atracao\/?CodAtr=3912\">original<\/a>em 13 de mar\u00e7o de 2009.<a href=\"https:\/\/web.archive.org\/web\/20090313041840\/http:\/\/www.rio.rj.gov.br\/riotur\/pt\/atracao\/?CodAtr=3912\"><\/a><a href=\"http:\/\/www.rio.rj.gov.br\/riotur\/pt\/atracao\/?CodAtr=3912\"><\/a><\/li><li><strong><a href=\"https:\/\/en.wikipedia.org\/wiki\/Christ_the_Redeemer_(statue)#cite_ref-JB_9-0\">^<\/a><\/strong>&nbsp;Victor, Duilo.&nbsp;<a href=\"http:\/\/jbonline.terra.com.br\/jb\/papel\/cidade\/2005\/10\/11\/jorcid20051011001.html\">&#8220;Redentor, carioca at\u00e9 a alma&#8221;<\/a>&nbsp;.&nbsp;<a href=\"https:\/\/en.wikipedia.org\/wiki\/Jornal_do_Brasil\">Jornal do Brasil&nbsp;<\/a>.&nbsp;Recuperado&nbsp;em 17 de julho de&nbsp;2008&nbsp;.<a href=\"http:\/\/jbonline.terra.com.br\/jb\/papel\/cidade\/2005\/10\/11\/jorcid20051011001.html\"><\/a><a href=\"https:\/\/en.wikipedia.org\/wiki\/Jornal_do_Brasil\"><\/a><sup>[&nbsp;<em><a href=\"https:\/\/en.wikipedia.org\/wiki\/Wikipedia:Link_rot\">link morto permanente<\/a><\/em>&nbsp;]<\/sup><\/li><li><strong><a href=\"https:\/\/en.wikipedia.org\/wiki\/Christ_the_Redeemer_(statue)#cite_ref-10\">^&nbsp;<\/a><\/strong><a href=\"http:\/\/www.bbc.co.uk\/news\/special\/2014\/newsspec_7141\/index.html#in-the-beginning-529\">&#8220;Bra\u00e7os bem abertos&#8221;<\/a>&nbsp;.&nbsp;bbc&nbsp;.&nbsp;Recuperado&nbsp;em 22 de maio de&nbsp;2021&nbsp;.<a href=\"http:\/\/www.bbc.co.uk\/news\/special\/2014\/newsspec_7141\/index.html#in-the-beginning-529\"><\/a><\/li><li><strong><a href=\"https:\/\/en.wikipedia.org\/wiki\/Christ_the_Redeemer_(statue)#cite_ref-11\">^&nbsp;<\/a><\/strong><a href=\"http:\/\/www.paul-landowski.com\/en\/portfolio\/christ-redempteur\/\">&#8220;(Fran\u00e7ais) Paul Landowski &#8211; L&#8217;officiel sculpteur du Christ r\u00e9dempteur&#8221;&nbsp;<\/a>.&nbsp;Recuperado&nbsp;em 2 de fevereiro de&nbsp;2020&nbsp;.<a href=\"http:\/\/www.paul-landowski.com\/en\/portfolio\/christ-redempteur\/\"><\/a><\/li><li><strong><a href=\"https:\/\/en.wikipedia.org\/wiki\/Christ_the_Redeemer_(statue)#cite_ref-12\">^&nbsp;<\/a><\/strong><a href=\"http:\/\/www.rio.rj.gov.br\/web\/portaldoservidor\/exibeconteudo?id=5013051\">&#8220;Cristo Redentor: santu\u00e1rio carioca que virou s\u00edmbolo da cidade no mundo&#8221;<\/a>.&nbsp;Prefeitura da Cidade do Rio de Janeiro.&nbsp;20 de outubro de 2014.<a href=\"http:\/\/www.rio.rj.gov.br\/web\/portaldoservidor\/exibeconteudo?id=5013051\"><\/a><\/li><li><strong><a href=\"https:\/\/en.wikipedia.org\/wiki\/Christ_the_Redeemer_(statue)#cite_ref-13\">^&nbsp;<\/a><\/strong><a href=\"https:\/\/www.realtid.se\/skanska-vi-ar-oskyldiga-till-underverket\">&#8220;Skanska: Vi \u00e4r oskyldiga till underverket&#8221;<\/a>&nbsp;.<a href=\"https:\/\/www.realtid.se\/skanska-vi-ar-oskyldiga-till-underverket\"><\/a><\/li><li><strong><a href=\"https:\/\/en.wikipedia.org\/wiki\/Christ_the_Redeemer_(statue)#cite_ref-14\">^&nbsp;<\/a><\/strong><a href=\"https:\/\/archive.today\/20140624211145\/http:\/\/www.kristianstadsbladet.se\/kultur\/article1570427\/Oppna-Kristusarmar-som-har-haft-skiftande-betydelse.html\">&#8220;\u00d6ppna Kristusarmar som har haft skiftande betydelse &#8211; Kultur &#8211; Kristi\u2026&#8221;<\/a>&nbsp;.<a href=\"https:\/\/archive.today\/20140624211145\/http:\/\/www.kristianstadsbladet.se\/kultur\/article1570427\/Oppna-Kristusarmar-som-har-haft-skiftande-betydelse.html\"><\/a><\/li><li><strong><a href=\"https:\/\/en.wikipedia.org\/wiki\/Christ_the_Redeemer_(statue)#cite_ref-Estad%C3%A3o.com.br_15-0\">^&nbsp;<\/a><\/strong><a href=\"http:\/\/www.estadao.com.br\/noticias\/geral,cristo-redentor-vai-passar-por-restauracao-ate-junho,532383,0.htm\">&#8220;Cristo Redentor vai passar por restaura\u00e7\u00e3o at\u00e9 junho (&#8221;&nbsp;<em>Cristo Redentor<\/em>em restaura\u00e7\u00e3o at\u00e9 junho &#8220;)&#8221;<\/a>&nbsp;.&nbsp;<a href=\"https:\/\/en.wikipedia.org\/wiki\/Estad%C3%A3o\">Estad\u00e3o<\/a>&nbsp;.<a href=\"http:\/\/www.estadao.com.br\/noticias\/geral,cristo-redentor-vai-passar-por-restauracao-ate-junho,532383,0.htm\"><\/a><a href=\"https:\/\/en.wikipedia.org\/wiki\/Estad%C3%A3o\"><\/a><\/li><li><strong><a href=\"https:\/\/en.wikipedia.org\/wiki\/Christ_the_Redeemer_(statue)#cite_ref-%C3%9Altimo_Segundo(2)_16-0\">^<\/a><\/strong>&nbsp;Moratelli, Valmir.&nbsp;<a href=\"https:\/\/web.archive.org\/web\/20100404043631\/http:\/\/ultimosegundo.ig.com.br\/brasil\/2010\/04\/01\/cristo+redentor+castigado+por+raios+passa+por+ampla+reforma+9445658.html\">\u201cCristo Redentor, castigado por raios, passa por ampla reforma (o Cristo Redentor, castigado por raios, passa por ampla reforma)\u201d<\/a>&nbsp;.&nbsp;<em><a href=\"https:\/\/en.wikipedia.org\/w\/index.php?title=%C3%9Altimo_Segundo&amp;action=edit&amp;redlink=1\">\u00daltimo Segundo<\/a><\/em>&nbsp;.&nbsp;Arquivado do&nbsp;<a href=\"http:\/\/ultimosegundo.ig.com.br\/brasil\/2010\/04\/01\/cristo+redentor+castigado+por+raios+passa+por+ampla+reforma+9445658.html\">original<\/a>&nbsp;em 4 de abril de 2010&nbsp;.&nbsp;Recuperado&nbsp;em 13 de abril de&nbsp;2010&nbsp;.<a href=\"https:\/\/web.archive.org\/web\/20100404043631\/http:\/\/ultimosegundo.ig.com.br\/brasil\/2010\/04\/01\/cristo+redentor+castigado+por+raios+passa+por+ampla+reforma+9445658.html\"><\/a><em><a href=\"https:\/\/en.wikipedia.org\/w\/index.php?title=%C3%9Altimo_Segundo&amp;action=edit&amp;redlink=1\"><\/a><\/em><a href=\"http:\/\/ultimosegundo.ig.com.br\/brasil\/2010\/04\/01\/cristo+redentor+castigado+por+raios+passa+por+ampla+reforma+9445658.html\"><\/a><\/li><li><strong><a href=\"https:\/\/en.wikipedia.org\/wiki\/Christ_the_Redeemer_(statue)#cite_ref-Canteiro_de_Obras_17-0\">^&nbsp;<\/a><\/strong><a href=\"http:\/\/www.obras.rj.gov.br\/boletins\/Boletim_Dezembro_2009.pdf\">&#8220;Cristo Redentor renovado para 2010&#8221;&nbsp;<\/a>(PDF)&nbsp;.&nbsp;<a href=\"https:\/\/en.wikipedia.org\/wiki\/Rio_de_Janeiro_(state)\">Governo do Rio de Janeiro<\/a>&nbsp;.&nbsp;Dezembro de 2010.<a href=\"http:\/\/www.obras.rj.gov.br\/boletins\/Boletim_Dezembro_2009.pdf\"><\/a>&nbsp;<a href=\"https:\/\/en.wikipedia.org\/wiki\/Rio_de_Janeiro_(state)\"><\/a><sup>[&nbsp;<em><a href=\"https:\/\/en.wikipedia.org\/wiki\/Wikipedia:Link_rot\">link morto permanente<\/a><\/em>&nbsp;]<\/sup><\/li><li><strong><a href=\"https:\/\/en.wikipedia.org\/wiki\/Christ_the_Redeemer_(statue)#cite_ref-The_Age_newspaper_18-0\">^&nbsp;<\/a><\/strong><a href=\"http:\/\/www.theage.com.au\/world\/lightning-breaks-finger-off-rios-christ-20140118-hv8yt.html\">&#8220;O raio quebra o dedo do Cristo carioca&#8221;<\/a>&nbsp;.&nbsp;<em>The Age<\/em>&nbsp;.&nbsp;Janeiro de 2014.<a href=\"http:\/\/www.theage.com.au\/world\/lightning-breaks-finger-off-rios-christ-20140118-hv8yt.html\"><\/a><\/li><li><strong><a href=\"https:\/\/en.wikipedia.org\/wiki\/Christ_the_Redeemer_(statue)#cite_ref-19\">^&nbsp;<\/a><\/strong><a href=\"https:\/\/www.reuters.com\/article\/idUSTRE63F49G20100416\">&#8220;V\u00e2ndalos cobrem a est\u00e1tua de Cristo do Rio com grafite&#8221;<\/a>&nbsp;.&nbsp;<em><a href=\"https:\/\/en.wikipedia.org\/wiki\/Reuters\">Reuters<\/a><\/em>&nbsp;.&nbsp;16 de abril de 2010.<a href=\"https:\/\/www.reuters.com\/article\/idUSTRE63F49G20100416\"><\/a><em><a href=\"https:\/\/en.wikipedia.org\/wiki\/Reuters\"><\/a><\/em><\/li><li><strong><a href=\"https:\/\/en.wikipedia.org\/wiki\/Christ_the_Redeemer_(statue)#cite_ref-Globo_vandalism_20-0\">^<\/a><\/strong>&nbsp;Tabak, Bernardo.&nbsp;<a href=\"http:\/\/g1.globo.com\/rio-de-janeiro\/noticia\/2010\/04\/estatua-do-cristo-amanhece-pichada.html\">&#8220;Est\u00e1tua do Cristo Redentor \u00e9 alvo de picha\u00e7\u00e3o&#8221;<\/a>&nbsp;.&nbsp;<a href=\"https:\/\/en.wikipedia.org\/wiki\/Rede_Globo\">Globo<\/a>.<a href=\"http:\/\/g1.globo.com\/rio-de-janeiro\/noticia\/2010\/04\/estatua-do-cristo-amanhece-pichada.html\"><\/a><a href=\"https:\/\/en.wikipedia.org\/wiki\/Rede_Globo\"><\/a><\/li><li><strong><a href=\"https:\/\/en.wikipedia.org\/wiki\/Christ_the_Redeemer_(statue)#cite_ref-21\">^<\/a><\/strong>&nbsp;<a href=\"http:\/\/infosurhoy.com\/en_GB\/articles\/saii\/features\/society\/2010\/04\/29\/feature-02\">Infosur hoy:&nbsp;<em>Cristo Redentor<\/em>&nbsp;receber\u00e1 novo traje&nbsp;<\/a><a href=\"https:\/\/web.archive.org\/web\/20140714232800\/http:\/\/infosurhoy.com\/en_GB\/articles\/saii\/features\/society\/2010\/04\/29\/feature-02\">Arquivado<\/a>&nbsp;em 14 de julho de 2014, na<a href=\"https:\/\/en.wikipedia.org\/wiki\/Wayback_Machine\">&nbsp;Wayback Machine<\/a><\/li><li><strong><a href=\"https:\/\/en.wikipedia.org\/wiki\/Christ_the_Redeemer_(statue)#cite_ref-22\">^&nbsp;<\/a><\/strong><a href=\"https:\/\/www.corriere.it\/cultura\/17_giugno_21\/pubblicita-con-la-maiuscola-fondazione-pirelli-corraini-5efebe1c-569c-11e7-a35b-7a875278503a.shtml\">&#8220;Pirelli e le metamorfosi della pubblicit\u00e0&#8221;<\/a>&nbsp;.&nbsp;<em>Corriere Della Sera&nbsp;<\/em>.&nbsp;Recuperado&nbsp;em 19 de setembro de&nbsp;2018&nbsp;.<a href=\"https:\/\/www.corriere.it\/cultura\/17_giugno_21\/pubblicita-con-la-maiuscola-fondazione-pirelli-corraini-5efebe1c-569c-11e7-a35b-7a875278503a.shtml\"><\/a><\/li><li><strong><a href=\"https:\/\/en.wikipedia.org\/wiki\/Christ_the_Redeemer_(statue)#cite_ref-23\">^<\/a><\/strong>&nbsp;Squires, Nick (9 de junho de 2014).&nbsp;<a href=\"https:\/\/web.archive.org\/web\/20190906154918\/https:\/\/www.telegraph.co.uk\/news\/worldnews\/southamerica\/brazil\/10886269\/World-Cup-2014-Brazil-furious-over-Christ-the-Redeemer-statue-in-Rio-de-Janeiro-in-Italian-football-colours.html\">\u201cCopa do Mundo 2014: Brasil furioso com a est\u00e1tua do Cristo Redentor no Rio de Janeiro com as cores do futebol italiano\u201d<\/a>&nbsp;.&nbsp;<em>Tel\u00e9grafo<\/em>&nbsp;.&nbsp;Arquivado do&nbsp;<a href=\"https:\/\/www.telegraph.co.uk\/news\/worldnews\/southamerica\/brazil\/10886269\/World-Cup-2014-Brazil-furious-over-Christ-the-Redeemer-statue-in-Rio-de-Janeiro-in-Italian-football-colours.html\">original<\/a>&nbsp;em 6 de setembro de 2019&nbsp;.&nbsp;Recuperado&nbsp;em 20 de outubro de&nbsp;2020&nbsp;.<a href=\"https:\/\/web.archive.org\/web\/20190906154918\/https:\/\/www.telegraph.co.uk\/news\/worldnews\/southamerica\/brazil\/10886269\/World-Cup-2014-Brazil-furious-over-Christ-the-Redeemer-statue-in-Rio-de-Janeiro-in-Italian-football-colours.html\"><\/a><a href=\"https:\/\/www.telegraph.co.uk\/news\/worldnews\/southamerica\/brazil\/10886269\/World-Cup-2014-Brazil-furious-over-Christ-the-Redeemer-statue-in-Rio-de-Janeiro-in-Italian-football-colours.html\"><\/a><\/li><li>^&nbsp;<a href=\"https:\/\/en.wikipedia.org\/wiki\/Christ_the_Redeemer_(statue)#cite_ref-BBC,_2010-07-01_24-0\">V\u00e1 at\u00e9:<sup><em><strong>a&nbsp;<\/strong><\/em><\/sup><\/a><a href=\"https:\/\/en.wikipedia.org\/wiki\/Christ_the_Redeemer_(statue)#cite_ref-BBC,_2010-07-01_24-1\"><sup><em><strong>b&nbsp;<\/strong><\/em><\/sup><\/a><a href=\"https:\/\/en.wikipedia.org\/wiki\/Christ_the_Redeemer_(statue)#cite_ref-BBC,_2010-07-01_24-2\"><sup><em><strong>c<\/strong><\/em><\/sup><\/a>&nbsp;<a href=\"http:\/\/news.bbc.co.uk\/2\/hi\/world\/latin_america\/10471781.stm\">&#8220;O estado de Cristo no Brasil retorna ap\u00f3s reforma&#8221;<\/a>.&nbsp;<em><a href=\"https:\/\/en.wikipedia.org\/wiki\/BBC_News\">BBC News<\/a><\/em>&nbsp;.&nbsp;1 \u00b0 de julho de 2010.&nbsp;Recuperado&nbsp;em 1 de julho de&nbsp;2010.<a href=\"http:\/\/news.bbc.co.uk\/2\/hi\/world\/latin_america\/10471781.stm\"><\/a><em><a href=\"https:\/\/en.wikipedia.org\/wiki\/BBC_News\"><\/a><\/em><\/li><li><strong><a href=\"https:\/\/en.wikipedia.org\/wiki\/Christ_the_Redeemer_(statue)#cite_ref-25\">^&nbsp;<\/a><\/strong><a href=\"https:\/\/www.youtube.com\/watch?v=4SIgOyJM8DY\"><em>Cristo Redentor<\/em><\/a>&nbsp;se la come,<em>&nbsp;v\u00eddeo do YouTube<\/em>&nbsp;, acessado em 20 de janeiro de 2011.<\/li><li><strong><a href=\"https:\/\/en.wikipedia.org\/wiki\/Christ_the_Redeemer_(statue)#cite_ref-Veja_Rio_(27_January_2010)_26-0\">^&nbsp;<\/a><\/strong><a href=\"https:\/\/web.archive.org\/web\/20100127223233\/http:\/\/vejabrasil.abril.com.br\/rio-de-janeiro\/editorial\/m1682\/reforma-no-cartao-postal\">&#8220;Reforma no cart\u00e3o-postal&#8221;<\/a>&nbsp;.&nbsp;<a href=\"https:\/\/en.wikipedia.org\/w\/index.php?title=Veja_Rio&amp;action=edit&amp;redlink=1\">Veja Rio<\/a>&nbsp;.&nbsp;18 de maio de 2010. Arquivado do&nbsp;<a href=\"http:\/\/vejabrasil.abril.com.br\/rio-de-janeiro\/editorial\/m1682\/reforma-no-cartao-postal\">original<\/a>&nbsp;em 27 de janeiro de 2010&nbsp;.&nbsp;Recuperado&nbsp;em 18 de maio de&nbsp;2010&nbsp;.<a href=\"https:\/\/web.archive.org\/web\/20100127223233\/http:\/\/vejabrasil.abril.com.br\/rio-de-janeiro\/editorial\/m1682\/reforma-no-cartao-postal\"><\/a><a href=\"https:\/\/en.wikipedia.org\/w\/index.php?title=Veja_Rio&amp;action=edit&amp;redlink=1\"><\/a><a href=\"http:\/\/vejabrasil.abril.com.br\/rio-de-janeiro\/editorial\/m1682\/reforma-no-cartao-postal\"><\/a><\/li><li><strong><a href=\"https:\/\/en.wikipedia.org\/wiki\/Christ_the_Redeemer_(statue)#cite_ref-27\">^<\/a><\/strong>&nbsp;Bowater, Donna;&nbsp;Mulvey, Stephen;&nbsp;Misra, Tanvi (10 de mar\u00e7o de 2014).&nbsp;<a href=\"https:\/\/www.bbc.co.uk\/news\/special\/2014\/newsspec_7141\/index.html\">&#8220;Bra\u00e7os bem abertos&#8221;<\/a>&nbsp;.&nbsp;<em><a href=\"https:\/\/en.wikipedia.org\/wiki\/BBC_Online\">BBC Online<\/a><\/em>&nbsp;.&nbsp;Recuperado&nbsp;em 2 de dezembro de2014&nbsp;.<a href=\"https:\/\/www.bbc.co.uk\/news\/special\/2014\/newsspec_7141\/index.html\"><\/a><em><a href=\"https:\/\/en.wikipedia.org\/wiki\/BBC_Online\"><\/a><\/em><\/li><li><strong><a href=\"https:\/\/en.wikipedia.org\/wiki\/Christ_the_Redeemer_(statue)#cite_ref-28\">^<\/a><\/strong>&nbsp;Kompas Cyber \u200b\u200bMedia (24 de agosto de 2014).&nbsp;<a href=\"http:\/\/regional.kompas.com\/read\/2014\/08\/24\/09061551\/Presiden.Resmikan.Patung.Yesus.Kristus.di.Pulau.Mansinam\">&#8220;Presidente Resmikan Patung Yesus Kristus di Pulau Mansinam &#8211; Kompas.com Regional&#8221;<\/a>&nbsp;.&nbsp;Regional.kompas.com&nbsp;.&nbsp;Recuperado&nbsp;em 15 de outubro de&nbsp;2015&nbsp;.<a href=\"http:\/\/regional.kompas.com\/read\/2014\/08\/24\/09061551\/Presiden.Resmikan.Patung.Yesus.Kristus.di.Pulau.Mansinam\"><\/a><\/li><li><strong><a href=\"https:\/\/en.wikipedia.org\/wiki\/Christ_the_Redeemer_(statue)#cite_ref-29\">^&nbsp;<\/a><\/strong><a href=\"https:\/\/www.hindustantimes.com\/kolkata\/explore-seven-wonders-of-the-world-at-eco-park-near-kolkata\/story-6w8xPt7gi0xChiWE5g7NmM.html\">&#8220;Explore &#8216;Sete Maravilhas do Mundo&#8217; no Eco Park perto de Calcut\u00e1&#8221;<\/a>&nbsp;.&nbsp;22 de agosto de 2016.<\/li><\/ol>\n","protected":false},"excerpt":{"rendered":"<p>O monumento foi declarado uma das Sete Maravilhas do Mundo Moderno, e faz jus ao t\u00edtulo \u2013 com seus bra\u00e7os abertos a mais de 700 metros acima do n\u00edvel do<\/p>\n","protected":false},"author":1,"featured_media":7795,"comment_status":"closed","ping_status":"closed","sticky":false,"template":"","format":"standard","meta":[],"categories":[1],"tags":[],"_links":{"self":[{"href":"https:\/\/7ports.com.br\/index.php?rest_route=\/wp\/v2\/posts\/5411"}],"collection":[{"href":"https:\/\/7ports.com.br\/index.php?rest_route=\/wp\/v2\/posts"}],"about":[{"href":"https:\/\/7ports.com.br\/index.php?rest_route=\/wp\/v2\/types\/post"}],"author":[{"embeddable":true,"href":"https:\/\/7ports.com.br\/index.php?rest_route=\/wp\/v2\/users\/1"}],"replies":[{"embeddable":true,"href":"https:\/\/7ports.com.br\/index.php?rest_route=%2Fwp%2Fv2%2Fcomments&post=5411"}],"version-history":[{"count":5,"href":"https:\/\/7ports.com.br\/index.php?rest_route=\/wp\/v2\/posts\/5411\/revisions"}],"predecessor-version":[{"id":7796,"href":"https:\/\/7ports.com.br\/index.php?rest_route=\/wp\/v2\/posts\/5411\/revisions\/7796"}],"wp:featuredmedia":[{"embeddable":true,"href":"https:\/\/7ports.com.br\/index.php?rest_route=\/wp\/v2\/media\/7795"}],"wp:attachment":[{"href":"https:\/\/7ports.com.br\/index.php?rest_route=%2Fwp%2Fv2%2Fmedia&parent=5411"}],"wp:term":[{"taxonomy":"category","embeddable":true,"href":"https:\/\/7ports.com.br\/index.php?rest_route=%2Fwp%2Fv2%2Fcategories&post=5411"},{"taxonomy":"post_tag","embeddable":true,"href":"https:\/\/7ports.com.br\/index.php?rest_route=%2Fwp%2Fv2%2Ftags&post=5411"}],"curies":[{"name":"wp","href":"https:\/\/api.w.org\/{rel}","templated":true}]}}