
{"id":5415,"date":"2021-10-13T08:56:32","date_gmt":"2021-10-13T11:56:32","guid":{"rendered":"https:\/\/7ports.com.br\/?p=5415"},"modified":"2021-10-13T18:24:10","modified_gmt":"2021-10-13T21:24:10","slug":"aulas-presenciais-voltam-a-ser-obrigatorias-a-partir-de-segunda-feira-em-sp","status":"publish","type":"post","link":"https:\/\/7ports.com.br\/?p=5415","title":{"rendered":"Aulas presenciais voltam a ser obrigat\u00f3rias a partir de segunda-feira em SP"},"content":{"rendered":"\n<div class=\"wp-block-columns is-layout-flex wp-container-4\">\n<div class=\"wp-block-column is-layout-flow\" style=\"flex-basis:25%\"><\/div>\n\n\n\n<div class=\"wp-block-column is-layout-flow\" style=\"flex-basis:50%\">\n<p>As aulas presenciais voltam a ser obrigat\u00f3rias tanto na rede p\u00fablica quanto na rede privada de ensino a partir da pr\u00f3xima segunda-feira (18), em S\u00e3o Paulo.&nbsp;<\/p>\n\n\n\n<p>A presen\u00e7a at\u00e9 o momento \u00e9 facultativa mas, a partir da pr\u00f3xima semana, os estudantes s\u00f3 poder\u00e3o deixar de comparecer presencialmente \u00e0s aulas mediante apresenta\u00e7\u00e3o de justificativa m\u00e9dica. Atualmente, na rede p\u00fablica, s\u00e3o cerca de 3,5 milh\u00f5es de alunos distribu\u00eddos em mais de 5,4 mil escolas em todo o estado.<\/p>\n\n\n\n<p>A informa\u00e7\u00e3o j\u00e1 foi confirmada pela Secretaria da Educa\u00e7\u00e3o e a divulga\u00e7\u00e3o foi feita pelo jornal \u201cO Estado de S\u00e3o Paulo\u201d na manh\u00e3 desta quarta-feira (13).<\/p>\n\n\n\n<p>O uso de m\u00e1scaras e as demais medidas sanit\u00e1rias e de preven\u00e7\u00e3o continuam em vigor mas, a partir do dia 3 de novembro, o distanciamento de 1 metro deixar\u00e1 de ser exigido.<\/p>\n\n\n\n<p>*Fonte: G1 | Imagem: Werther Santana\/Estad\u00e3o Conte\u00fado<\/p>\n<\/div>\n\n\n\n<div class=\"wp-block-column is-layout-flow\" style=\"flex-basis:25%\"><\/div>\n<\/div>\n","protected":false},"excerpt":{"rendered":"<p>As aulas presenciais voltam a ser obrigat\u00f3rias tanto na rede p\u00fablica quanto na rede privada de ensino a partir da pr\u00f3xima segunda-feira (18), em S\u00e3o Paulo.&nbsp; A presen\u00e7a at\u00e9 o<\/p>\n","protected":false},"author":1,"featured_media":5416,"comment_status":"closed","ping_status":"closed","sticky":false,"template":"","format":"standard","meta":[],"categories":[1],"tags":[],"_links":{"self":[{"href":"https:\/\/7ports.com.br\/index.php?rest_route=\/wp\/v2\/posts\/5415"}],"collection":[{"href":"https:\/\/7ports.com.br\/index.php?rest_route=\/wp\/v2\/posts"}],"about":[{"href":"https:\/\/7ports.com.br\/index.php?rest_route=\/wp\/v2\/types\/post"}],"author":[{"embeddable":true,"href":"https:\/\/7ports.com.br\/index.php?rest_route=\/wp\/v2\/users\/1"}],"replies":[{"embeddable":true,"href":"https:\/\/7ports.com.br\/index.php?rest_route=%2Fwp%2Fv2%2Fcomments&post=5415"}],"version-history":[{"count":1,"href":"https:\/\/7ports.com.br\/index.php?rest_route=\/wp\/v2\/posts\/5415\/revisions"}],"predecessor-version":[{"id":5417,"href":"https:\/\/7ports.com.br\/index.php?rest_route=\/wp\/v2\/posts\/5415\/revisions\/5417"}],"wp:featuredmedia":[{"embeddable":true,"href":"https:\/\/7ports.com.br\/index.php?rest_route=\/wp\/v2\/media\/5416"}],"wp:attachment":[{"href":"https:\/\/7ports.com.br\/index.php?rest_route=%2Fwp%2Fv2%2Fmedia&parent=5415"}],"wp:term":[{"taxonomy":"category","embeddable":true,"href":"https:\/\/7ports.com.br\/index.php?rest_route=%2Fwp%2Fv2%2Fcategories&post=5415"},{"taxonomy":"post_tag","embeddable":true,"href":"https:\/\/7ports.com.br\/index.php?rest_route=%2Fwp%2Fv2%2Ftags&post=5415"}],"curies":[{"name":"wp","href":"https:\/\/api.w.org\/{rel}","templated":true}]}}