
{"id":5725,"date":"2021-11-03T20:15:52","date_gmt":"2021-11-03T23:15:52","guid":{"rendered":"https:\/\/7ports.com.br\/?p=5725"},"modified":"2022-02-24T12:11:15","modified_gmt":"2022-02-24T15:11:15","slug":"pacheco-marca-data-de-sabatinas-e-diz-que-senado-tera-esforco-concentrado","status":"publish","type":"post","link":"https:\/\/7ports.com.br\/?p=5725","title":{"rendered":"Pacheco marca data de sabatinas em &#8220;esfor\u00e7o concentrado\u201d"},"content":{"rendered":"\n<figure class=\"wp-block-image\"><img decoding=\"async\" src=\"https:\/\/www.cnnbrasil.com.br\/wp-content\/uploads\/sites\/12\/Reuters_Direct_Media\/BrazilOnlineReportTopNews\/tagreuters.com2021binary_LYNXMPEH8T00E-FILEDIMAGE.jpg?w=360&amp;h=200&amp;crop=1\" alt=\"Presidente do Senado, Rodrigo Pacheco\"\/><\/figure>\n\n\n\n<p> Parlamentar ainda afirmou que n\u00e3o foi poss\u00edvel marcar as sabatinas para uma data mais pr\u00f3xima devido \u00e0 exig\u00eancia de presen\u00e7a f\u00edsica dos senadores <\/p>\n\n\n\n<p>O presidente do Senado,\u00a0<a href=\"https:\/\/www.cnnbrasil.com.br\/tudo-sobre\/rodrigo-pacheco\/\">Rodrigo Pacheco (PSD-MG)<\/a>, anunciou nesta quarta-feira (3) um esfor\u00e7o concentrado, entre os dias 29 de novembro e 2 de dezembro, para a realiza\u00e7\u00e3o de\u00a0<strong>sabatinas<\/strong>\u00a0de autoridades indicadas para cargos p\u00fablicos.<\/p>\n\n\n\n<p>Durante o comunicado, Pacheco afirmou que n\u00e3o foi poss\u00edvel marcar as sabatinas para uma data mais pr\u00f3xima devido \u00e0 exig\u00eancia de presen\u00e7a f\u00edsica dos senadores.PUBLICIDADE<\/p>\n\n\n\n<p>\u201cA a\u00e7\u00e3o de nomes a serem sabatinados e escolhidos pelo plen\u00e1rio do Senado exige presen\u00e7a f\u00edsica dos senadores e das senadoras. Essa \u00e9 uma das justificativas naturais, que n\u00e3o se p\u00f4de, no decorrer do ano, incluir nomes para a aprecia\u00e7\u00e3o do Senado Federal. Portanto, o primeiro passo \u00e9 a defini\u00e7\u00e3o de uma data para a realiza\u00e7\u00e3o deste esfor\u00e7o concentrado para os pr\u00f3ximos dias. Foram designadas as datas de 29 de novembro, 1\u00ba e 2 de dezembro para que haja o esfor\u00e7o concentrado no Senado\u201d, disse Pacheco.<\/p>\n","protected":false},"excerpt":{"rendered":"<p>Parlamentar ainda afirmou que n\u00e3o foi poss\u00edvel marcar as sabatinas para uma data mais pr\u00f3xima devido \u00e0 exig\u00eancia de presen\u00e7a f\u00edsica dos senadores O presidente do Senado,\u00a0Rodrigo Pacheco (PSD-MG), anunciou<\/p>\n","protected":false},"author":1,"featured_media":5726,"comment_status":"closed","ping_status":"closed","sticky":false,"template":"","format":"standard","meta":[],"categories":[1],"tags":[],"_links":{"self":[{"href":"https:\/\/7ports.com.br\/index.php?rest_route=\/wp\/v2\/posts\/5725"}],"collection":[{"href":"https:\/\/7ports.com.br\/index.php?rest_route=\/wp\/v2\/posts"}],"about":[{"href":"https:\/\/7ports.com.br\/index.php?rest_route=\/wp\/v2\/types\/post"}],"author":[{"embeddable":true,"href":"https:\/\/7ports.com.br\/index.php?rest_route=\/wp\/v2\/users\/1"}],"replies":[{"embeddable":true,"href":"https:\/\/7ports.com.br\/index.php?rest_route=%2Fwp%2Fv2%2Fcomments&post=5725"}],"version-history":[{"count":3,"href":"https:\/\/7ports.com.br\/index.php?rest_route=\/wp\/v2\/posts\/5725\/revisions"}],"predecessor-version":[{"id":5733,"href":"https:\/\/7ports.com.br\/index.php?rest_route=\/wp\/v2\/posts\/5725\/revisions\/5733"}],"wp:featuredmedia":[{"embeddable":true,"href":"https:\/\/7ports.com.br\/index.php?rest_route=\/wp\/v2\/media\/5726"}],"wp:attachment":[{"href":"https:\/\/7ports.com.br\/index.php?rest_route=%2Fwp%2Fv2%2Fmedia&parent=5725"}],"wp:term":[{"taxonomy":"category","embeddable":true,"href":"https:\/\/7ports.com.br\/index.php?rest_route=%2Fwp%2Fv2%2Fcategories&post=5725"},{"taxonomy":"post_tag","embeddable":true,"href":"https:\/\/7ports.com.br\/index.php?rest_route=%2Fwp%2Fv2%2Ftags&post=5725"}],"curies":[{"name":"wp","href":"https:\/\/api.w.org\/{rel}","templated":true}]}}