
{"id":5776,"date":"2021-11-04T00:04:05","date_gmt":"2021-11-04T03:04:05","guid":{"rendered":"https:\/\/7ports.com.br\/?p=5776"},"modified":"2021-11-04T00:05:22","modified_gmt":"2021-11-04T03:05:22","slug":"nesta-terca-feira-2-facebook-a-anunciou-que-vai-apagar-i-bilhao-de-fotos-de-reconhecimento-facial","status":"publish","type":"post","link":"https:\/\/7ports.com.br\/?p=5776","title":{"rendered":"Facebook a anunciou que vai apagar 1 Bilh\u00e3o de fotos de reconhecimento Facial."},"content":{"rendered":"\n<ul><li><a href=\"https:\/\/canaltech.com.br\/redes-sociais\/facebook-meta-novo-nome-200220\/\">Facebook muda nome e agora se chama Meta<\/a><\/li><li><a href=\"https:\/\/canaltech.com.br\/redes-sociais\/como-as-reacoes-do-facebook-se-tornaram-parte-do-problema-da-rede-social-200433\/\">Como as rea\u00e7\u00f5es do Facebook se tornaram parte do problema da rede social<\/a><\/li><li><a href=\"https:\/\/canaltech.com.br\/apps\/whatsapp-ja-mostra-o-novo-nome-do-facebook-em-versao-de-testes-200415\/\">WhatsApp j\u00e1 mostra o novo nome do Facebook em vers\u00e3o de testes<\/a><\/li><\/ul>\n\n\n\n<p>Todos que entraram no Facebook entre 2010 e 2019 e t\u00eam alguma fotografia na rede social devem estar integrados nessa base de dados. Depois desse per\u00edodo, a ferramenta passou a ser opcional, o que provavelmente ainda garantiu a entrada de milhares (ou milh\u00f5es) de novos rostos.<\/p>\n\n\n\n<p>\u201cOlhando para o futuro, ainda vemos a tecnologia de reconhecimento facial como uma ferramenta poderosa, por exemplo, para pessoas que precisam verificar sua identidade ou para evitar fraudes\u201d, defende o vice-presidente de intelig\u00eancia artificial do Facebook, Jerome Pesenti.<a href=\"https:\/\/canalte.ch\/materia-ctnews\" target=\"_blank\" rel=\"noreferrer noopener\">Quer ficar por dentro das melhores not\u00edcias de tecnologia do dia?&nbsp;<strong>Acesse e se inscreva no nosso novo canal no youtube, o Canaltech News.<\/strong>&nbsp;Todos os dias um resumo das principais not\u00edcias do mundo tech para voc\u00ea!<\/a><\/p>\n\n\n\n<figure class=\"wp-block-image\"><img decoding=\"async\" src=\"https:\/\/t.ctcdn.com.br\/c59WFFVv-2KQwdTxVsUTrxC8R9A=\/1024x0\/smart\/i504330.jpeg\" alt=\"\"\/><figcaption>A base de dados de reconhecimento facial ser\u00e1 exclu\u00edda e n\u00e3o mais receber\u00e1 novas identidades (Imagem: Reprodu\u00e7\u00e3o\/Pixabay)<\/figcaption><\/figure>\n\n\n\n<p>O executivo conta que mais de um ter\u00e7o dos usu\u00e1rios ativos diariamente no Facebook habilitaram o reconhecimento facial. Em contrapartida, a principal desvantagem da retirada da funcionalidade ser\u00e1 a perda da identifica\u00e7\u00e3o de usu\u00e1rios no texto descritivo, ferramenta de acessibilidade para portadores de defici\u00eancias visuais.<\/p>\n\n\n\n<p>\u201cPrecisamos pesar os casos de uso positivos para reconhecimento facial com as crescentes preocupa\u00e7\u00f5es da sociedade, especialmente porque os reguladores ainda precisam fornecer regras claras\u201d, explica a empresa em comunicado.<\/p>\n\n\n\n<h2 class=\"wp-block-heading\">Retrabalhando a imagem da Meta<\/h2>\n\n\n\n<p>A exclus\u00e3o e o abandono do reconhecimento facial do Facebook \u00e9 algo mais simb\u00f3lico do que pr\u00e1tico para a empresa \u2014 agora,&nbsp;<a href=\"https:\/\/canaltech.com.br\/redes-sociais\/facebook-meta-novo-nome-200220\/\" target=\"_blank\" rel=\"noreferrer noopener\">chamada Meta<\/a>. O an\u00fancio pode significar uma \u201cvirada de p\u00e1gina\u201d importante para a companhia em termos de preserva\u00e7\u00e3o da privacidade dos usu\u00e1rios e, eventualmente, colaborar com a reconstru\u00e7\u00e3o da confian\u00e7a do p\u00fablico.<\/p>\n\n\n\n<p>Sob o novo nome, tudo que a empresa de&nbsp;<a href=\"https:\/\/canaltech.com.br\/celebridade\/mark-zuckerberg\/\">Mark Zuckerberg<\/a>&nbsp;precisa fazer \u00e9 evitar novos esc\u00e2ndalos \u2014 embora&nbsp;<a href=\"https:\/\/canaltech.com.br\/redes-sociais\/como-as-reacoes-do-facebook-se-tornaram-parte-do-problema-da-rede-social-200433\/\" target=\"_blank\" rel=\"noreferrer noopener\">ela j\u00e1 esteja envolvida em um<\/a>, ali\u00e1s. Se a base de dados de reconhecimento facial se torna alvo de uma multa milion\u00e1ria, por exemplo, isso faria o esfor\u00e7o para a cria\u00e7\u00e3o da marca Meta ser ainda mais dif\u00edcil de ser alcan\u00e7ado.<\/p>\n","protected":false},"excerpt":{"rendered":"<p>Facebook muda nome e agora se chama Meta Como as rea\u00e7\u00f5es do Facebook se tornaram parte do problema da rede social WhatsApp j\u00e1 mostra o novo nome do Facebook em<\/p>\n","protected":false},"author":1,"featured_media":5777,"comment_status":"closed","ping_status":"closed","sticky":false,"template":"","format":"standard","meta":[],"categories":[1],"tags":[],"_links":{"self":[{"href":"https:\/\/7ports.com.br\/index.php?rest_route=\/wp\/v2\/posts\/5776"}],"collection":[{"href":"https:\/\/7ports.com.br\/index.php?rest_route=\/wp\/v2\/posts"}],"about":[{"href":"https:\/\/7ports.com.br\/index.php?rest_route=\/wp\/v2\/types\/post"}],"author":[{"embeddable":true,"href":"https:\/\/7ports.com.br\/index.php?rest_route=\/wp\/v2\/users\/1"}],"replies":[{"embeddable":true,"href":"https:\/\/7ports.com.br\/index.php?rest_route=%2Fwp%2Fv2%2Fcomments&post=5776"}],"version-history":[{"count":3,"href":"https:\/\/7ports.com.br\/index.php?rest_route=\/wp\/v2\/posts\/5776\/revisions"}],"predecessor-version":[{"id":5780,"href":"https:\/\/7ports.com.br\/index.php?rest_route=\/wp\/v2\/posts\/5776\/revisions\/5780"}],"wp:featuredmedia":[{"embeddable":true,"href":"https:\/\/7ports.com.br\/index.php?rest_route=\/wp\/v2\/media\/5777"}],"wp:attachment":[{"href":"https:\/\/7ports.com.br\/index.php?rest_route=%2Fwp%2Fv2%2Fmedia&parent=5776"}],"wp:term":[{"taxonomy":"category","embeddable":true,"href":"https:\/\/7ports.com.br\/index.php?rest_route=%2Fwp%2Fv2%2Fcategories&post=5776"},{"taxonomy":"post_tag","embeddable":true,"href":"https:\/\/7ports.com.br\/index.php?rest_route=%2Fwp%2Fv2%2Ftags&post=5776"}],"curies":[{"name":"wp","href":"https:\/\/api.w.org\/{rel}","templated":true}]}}