
{"id":5787,"date":"2021-11-04T00:17:26","date_gmt":"2021-11-04T03:17:26","guid":{"rendered":"https:\/\/7ports.com.br\/?p=5787"},"modified":"2021-11-04T00:27:29","modified_gmt":"2021-11-04T03:27:29","slug":"imperio-josue-assusta-jose-alfredo-ao-apontar-arma-para-comendador","status":"publish","type":"post","link":"https:\/\/7ports.com.br\/?p=5787","title":{"rendered":"Imp\u00e9rio: Josu\u00e9 assusta Jos\u00e9 Alfredo ao apontar arma para Comendador"},"content":{"rendered":"\n<p>Imp\u00e9rio\u201d, novela reprisada pela Rede Globo, est\u00e1 em sua reta final e Jos\u00e9 Alfredo (<strong>Alexandre Nero<\/strong>) j\u00e1 descobriu que Jos\u00e9 Pedro (<strong>Caio Blat<\/strong>) \u00e9 Fabr\u00edcio Melga\u00e7o.<\/p>\n\n\n\n<p>Para se proteger do inimigo, o Comendador pede uma arma de fogo para Josu\u00e9 (<strong>Roberto Birindelli<\/strong>). Por\u00e9m, o fiel escudeiro se recusou a dar o objeto para o patr\u00e3o.<\/p>\n\n\n\n<p><strong>:<\/strong>&nbsp;<a href=\"https:\/\/www.ofuxico.com.br\/novelas\/spoiler-de-novela\/imperio-maurilio-chama-danielle-de-biscate-e-da-tapa-na-cara-da-moca-fim-personagem\/\" target=\"_blank\" rel=\"noreferrer noopener\">Imp\u00e9rio: Danielle \u00e9 chamada de biscate e leva tap\u00e3o de Maur\u00edlio na cara. Saiba o final da personagem!<\/a><\/p>\n\n\n\n<h2 class=\"wp-block-heading\"><strong>MUDAN\u00c7A DE PLANOS<\/strong><\/h2>\n\n\n\n<p>No entanto, no cap\u00edtulo que vai ao ar na pr\u00f3xima sexta-feira, 5 de novembro, Josu\u00e9 muda de ideia e ainda decide fazer uma pegadinha com Jos\u00e9 Alfredo.<\/p>\n\n\n\n<p>\u201cTenho que lhe dizer que mudei de opini\u00e3o sobre certo assunto. N\u00e3o brinco em servi\u00e7o\u201d, diz ele tirando o rev\u00f3lver do bolso.<\/p>\n\n\n\n<p>Ao primeiro momento, o Comendador fica assustado. \u201cPara que essa arma?\u201d, pergunta ele.<\/p>\n\n\n\n<p>\u201cLembra que o senhor me pediu ela mais cedo e eu falei que n\u00e3o dava? A coisa est\u00e1 ficando feia, eu n\u00e3o quero que voc\u00ea seja pego desprevenido. Pegue, eu tenho a minha\u201d, responde Josu\u00e9, para al\u00edvio do Comendador.<\/p>\n","protected":false},"excerpt":{"rendered":"<p>Imp\u00e9rio\u201d, novela reprisada pela Rede Globo, est\u00e1 em sua reta final e Jos\u00e9 Alfredo (Alexandre Nero) j\u00e1 descobriu que Jos\u00e9 Pedro (Caio Blat) \u00e9 Fabr\u00edcio Melga\u00e7o. Para se proteger do<\/p>\n","protected":false},"author":1,"featured_media":5788,"comment_status":"closed","ping_status":"closed","sticky":false,"template":"","format":"standard","meta":[],"categories":[1],"tags":[],"_links":{"self":[{"href":"https:\/\/7ports.com.br\/index.php?rest_route=\/wp\/v2\/posts\/5787"}],"collection":[{"href":"https:\/\/7ports.com.br\/index.php?rest_route=\/wp\/v2\/posts"}],"about":[{"href":"https:\/\/7ports.com.br\/index.php?rest_route=\/wp\/v2\/types\/post"}],"author":[{"embeddable":true,"href":"https:\/\/7ports.com.br\/index.php?rest_route=\/wp\/v2\/users\/1"}],"replies":[{"embeddable":true,"href":"https:\/\/7ports.com.br\/index.php?rest_route=%2Fwp%2Fv2%2Fcomments&post=5787"}],"version-history":[{"count":1,"href":"https:\/\/7ports.com.br\/index.php?rest_route=\/wp\/v2\/posts\/5787\/revisions"}],"predecessor-version":[{"id":5789,"href":"https:\/\/7ports.com.br\/index.php?rest_route=\/wp\/v2\/posts\/5787\/revisions\/5789"}],"wp:featuredmedia":[{"embeddable":true,"href":"https:\/\/7ports.com.br\/index.php?rest_route=\/wp\/v2\/media\/5788"}],"wp:attachment":[{"href":"https:\/\/7ports.com.br\/index.php?rest_route=%2Fwp%2Fv2%2Fmedia&parent=5787"}],"wp:term":[{"taxonomy":"category","embeddable":true,"href":"https:\/\/7ports.com.br\/index.php?rest_route=%2Fwp%2Fv2%2Fcategories&post=5787"},{"taxonomy":"post_tag","embeddable":true,"href":"https:\/\/7ports.com.br\/index.php?rest_route=%2Fwp%2Fv2%2Ftags&post=5787"}],"curies":[{"name":"wp","href":"https:\/\/api.w.org\/{rel}","templated":true}]}}