
{"id":5885,"date":"2021-11-15T23:18:27","date_gmt":"2021-11-16T02:18:27","guid":{"rendered":"https:\/\/7ports.com.br\/?p=5885"},"modified":"2022-02-10T01:48:30","modified_gmt":"2022-02-10T04:48:30","slug":"austria-inicia-lockdown-de-nao-vacinados-enquanto-nova-onda-de-covid-19-se-espalha-pela-europa","status":"publish","type":"post","link":"https:\/\/7ports.com.br\/?p=5885","title":{"rendered":"\u00c1ustria inicia lockdown de n\u00e3o vacinados enquanto nova onda de Covid-19 se espalha pela Europa"},"content":{"rendered":"\n<p>Governos e empresas temem que a pandemia prolongada atrapalhe a ainda fr\u00e1gil recupera\u00e7\u00e3o econ\u00f4mica<\/p>\n\n\n\n<p>VIENA (Reuters) \u2013 O governo austr\u00edaco decidiu impor um lockdown \u00e0s pessoas n\u00e3o vacinadas contra o coronav\u00edrus a partir da segunda-feira, com a aproxima\u00e7\u00e3o do inverno e o aumento das infec\u00e7\u00f5es na Europa, enquanto a Alemanha imp\u00f5e limites de circula\u00e7\u00e3o mais r\u00edgidos e o Reino Unido expande a aplica\u00e7\u00e3o de refor\u00e7o da vacina para incluir adultos jovens.<\/p>\n\n\n\n<p>Nas \u00faltimas semanas, a Europa tornou-se novamente o epicentro da pandemia, o que levou alguns pa\u00edses a considerarem a reimposi\u00e7\u00e3o de restri\u00e7\u00f5es no per\u00edodo que antecede o Natal e despertou o debate sobre se as vacinas por si s\u00f3 s\u00e3o suficientes para domar o Covid-19.<\/p>\n\n\n\n<p>A chegada do inverno no hemisf\u00e9rio norte preocupa as autoridades, j\u00e1 que o v\u00edrus se espalha mais facilmente nos meses de frio, quando as pessoas se re\u00fanem dentro de casa.PUBLICIDADE<\/p>\n\n\n\n<p>Na semana passada, a Europa foi respons\u00e1vel por mais da metade da m\u00e9dia de infec\u00e7\u00f5es em todo o mundo e cerca da metade das \u00faltimas mortes, de acordo com uma contagem da&nbsp;<em>Reuters<\/em>. S\u00e3o os n\u00edveis mais altos desde abril do ano passado, quando o v\u00edrus estava em seu pico inicial na It\u00e1lia.<\/p>\n\n\n\n<p>Governos e empresas temem que a pandemia prolongada atrapalhe a ainda fr\u00e1gil recupera\u00e7\u00e3o econ\u00f4mica.<\/p>\n\n\n\n<p>O governo da \u00c1ustria, conservador, disse que cerca de dois milh\u00f5es de pessoas no pa\u00eds, de cerca de nove milh\u00f5es de habitantes, agora s\u00f3 t\u00eam permiss\u00e3o para deixar suas casas em alguns casos, como ir ao trabalho ou fazer compras de itens essenciais.<\/p>\n\n\n\n<p>Mas h\u00e1 um ceticismo generalizado, inclusive entre os conservadores e a pol\u00edcia, sobre como o bloqueio pode ser aplicado \u2013 ser\u00e1 dif\u00edcil verificar, por exemplo, se algu\u00e9m est\u00e1 indo para o trabalho, o que \u00e9 permitido, ou indo fazer compras para n\u00e3o itens essenciais, o que n\u00e3o \u00e9.<\/p>\n\n\n\n<p>\u201cMeu objetivo \u00e9 muito claro: fazer com que os n\u00e3o vacinados sejam vacinados, n\u00e3o prender os n\u00e3o vacinados\u201d, disse o chanceler Alexander Schallenberg \u00e0 r\u00e1dio ORF enquanto explicava o bloqueio, que foi anunciado no domingo.<\/p>\n\n\n\n<p>O objetivo \u00e9 conter o surto de novas infec\u00e7\u00f5es, alimentados por uma taxa de vacina\u00e7\u00e3o total de apenas cerca de 65% da popula\u00e7\u00e3o, uma das mais baixas da Europa Ocidental.<\/p>\n\n\n\n<h2 class=\"wp-block-heading\">\u201cTempestade de infec\u00e7\u00e3o\u201d<\/h2>\n\n\n\n<p>PUBLICIDADE<\/p>\n\n\n\n<p>O governo federal da Alemanha e os l\u00edderes dos 16 estados alem\u00e3es devem discutir novas medidas esta semana.<\/p>\n\n\n\n<p>Tr\u00eas ministros de sa\u00fade estaduais alem\u00e3es pediram \u00e0s partes que negociam para formar um novo governo para prolongar o poder dos estados de implementar medidas mais r\u00edgidas, como bloqueio ou fechamento de escolas, \u00e0 medida que a taxa de incid\u00eancia de Covid-19 de sete dias atingia n\u00edveis recordes.<\/p>\n\n\n\n<p>A chanceler Angela Merkel pediu \u00e0s pessoas n\u00e3o vacinadas que reconsiderassem sua decis\u00e3o em uma mensagem de v\u00eddeo no s\u00e1bado.<\/p>\n\n\n\n<p>\u201cSemanas dif\u00edceis est\u00e3o \u00e0 nossa frente, e voc\u00ea pode ver que estou muito preocupada\u201d, disse Merkel em seu podcast semanal de v\u00eddeo. \u201cPe\u00e7o urgentemente a todos que ainda n\u00e3o foram vacinados: reconsiderem.\u201d<\/p>\n\n\n\n<p>A Fran\u00e7a, a Holanda e muitos pa\u00edses da Europa Oriental tamb\u00e9m est\u00e3o enfrentando um surto de infec\u00e7\u00f5es.<\/p>\n\n\n\n<p>A Gr\u00e3-Bretanha deve estender a aplica\u00e7\u00e3o de doses de refor\u00e7o da vacina para pessoas entre 40 e 49 anos, disseram autoridades na segunda-feira, para aumentar a imunidade em decl\u00ednio antes dos meses mais frios de inverno.<\/p>\n\n\n\n<p>Atualmente, todas as pessoas a partir de 50 anos, aqueles que s\u00e3o clinicamente vulner\u00e1veis e os profissionais de sa\u00fade da linha de frente s\u00e3o eleg\u00edveis para refor\u00e7os.<\/p>\n\n\n\n<p>O primeiro-ministro brit\u00e2nico, Boris Johnson, disse que n\u00e3o v\u00ea necessidade de mudar para um \u201cPlano B\u201d de mandatos de m\u00e1scaras e passaportes vacinais, embora esteja cauteloso com o aumento de infec\u00e7\u00f5es na Europa.PUBLICIDADE<\/p>\n\n\n\n<p>\u201cEstamos mantendo o Plano A\u201d, disse ele em uma transmiss\u00e3o na segunda-feira. \u201cMas o que certamente temos que reconhecer \u00e9 que h\u00e1 uma tempestade de infec\u00e7\u00f5es em algumas partes da Europa. Sempre existe o risco de que uma nova onda venha do leste \u00e0 medida que os meses ficam mais frios. A melhor prote\u00e7\u00e3o para o nosso pa\u00eds \u00e9 que todos se apresentem e recebam seu refor\u00e7o.\u201d<\/p>\n","protected":false},"excerpt":{"rendered":"<p>Governos e empresas temem que a pandemia prolongada atrapalhe a ainda fr\u00e1gil recupera\u00e7\u00e3o econ\u00f4mica VIENA (Reuters) \u2013 O governo austr\u00edaco decidiu impor um lockdown \u00e0s pessoas n\u00e3o vacinadas contra o<\/p>\n","protected":false},"author":1,"featured_media":5887,"comment_status":"closed","ping_status":"closed","sticky":false,"template":"","format":"standard","meta":[],"categories":[1],"tags":[],"_links":{"self":[{"href":"https:\/\/7ports.com.br\/index.php?rest_route=\/wp\/v2\/posts\/5885"}],"collection":[{"href":"https:\/\/7ports.com.br\/index.php?rest_route=\/wp\/v2\/posts"}],"about":[{"href":"https:\/\/7ports.com.br\/index.php?rest_route=\/wp\/v2\/types\/post"}],"author":[{"embeddable":true,"href":"https:\/\/7ports.com.br\/index.php?rest_route=\/wp\/v2\/users\/1"}],"replies":[{"embeddable":true,"href":"https:\/\/7ports.com.br\/index.php?rest_route=%2Fwp%2Fv2%2Fcomments&post=5885"}],"version-history":[{"count":1,"href":"https:\/\/7ports.com.br\/index.php?rest_route=\/wp\/v2\/posts\/5885\/revisions"}],"predecessor-version":[{"id":5888,"href":"https:\/\/7ports.com.br\/index.php?rest_route=\/wp\/v2\/posts\/5885\/revisions\/5888"}],"wp:featuredmedia":[{"embeddable":true,"href":"https:\/\/7ports.com.br\/index.php?rest_route=\/wp\/v2\/media\/5887"}],"wp:attachment":[{"href":"https:\/\/7ports.com.br\/index.php?rest_route=%2Fwp%2Fv2%2Fmedia&parent=5885"}],"wp:term":[{"taxonomy":"category","embeddable":true,"href":"https:\/\/7ports.com.br\/index.php?rest_route=%2Fwp%2Fv2%2Fcategories&post=5885"},{"taxonomy":"post_tag","embeddable":true,"href":"https:\/\/7ports.com.br\/index.php?rest_route=%2Fwp%2Fv2%2Ftags&post=5885"}],"curies":[{"name":"wp","href":"https:\/\/api.w.org\/{rel}","templated":true}]}}