
{"id":5960,"date":"2021-11-20T23:14:32","date_gmt":"2021-11-21T02:14:32","guid":{"rendered":"https:\/\/7ports.com.br\/?p=5960"},"modified":"2022-02-24T11:23:39","modified_gmt":"2022-02-24T14:23:39","slug":"kamala-harris-ocupa-o-cargo-presidencial-enquanto-joe-biden-realizava-exames","status":"publish","type":"post","link":"https:\/\/7ports.com.br\/?p=5960","title":{"rendered":"MUNDO: Kamala Harris ocupa o cargo presidencial enquanto Joe Biden realizava exames"},"content":{"rendered":"\n<p>O presidente dos Estados Unidos, Joe Biden, est\u00e1 &#8220;saud\u00e1vel&#8221;, &#8220;forte&#8221; e &#8220;apto&#8221; a cumprir a fun\u00e7\u00e3o de presidente dos Estados Unidos, afirmou nesta sexta-feira (19) seu m\u00e9dico depois de o chefe de Estado ser submetido a um check-up.<\/p>\n\n\n\n<p>O presidente, que completa 79 anos no s\u00e1bado, toma tr\u00eas medicamentos prescritos e um sem receita, acrescentou.<\/p>\n\n\n\n<p>Em compara\u00e7\u00e3o com seu \u00faltimo check-up, em dezembro de 2019, Biden apresenta uma maior rigidez ao caminhar e sua tosse frequente se deve a um refluxo gastroesof\u00e1gico, detalhou.<\/p>\n\n\n\n<p>Ap\u00f3s o check-up, o m\u00e9dico Kevin O&#8217;Connor atribui estas mudan\u00e7as a enfermidades sem maior gravidade.<\/p>\n\n\n\n<p>Ele constatou uma neuropatia (problema nervoso) &#8220;leve&#8221;, que afeta seus p\u00e9s, e sequelas de uma fratura que explicam seu caminhar r\u00edgido.&nbsp;<\/p>\n\n\n\n<p>O check-up tamb\u00e9m incluiu uma colonoscopia com anestesia, que obrigou Biden a transferir seus poderes para a vice-presidente, Kamala Harris, por uma hora e 25 minutos. Harris se tornou brevemente a primeira mulher com prerrogativas presidenciais na hist\u00f3ria dos Estados Unidos.<\/p>\n\n\n\n<p>A colonoscopia foi &#8220;tranquilizadora&#8221;, afirmou o m\u00e9dico, que atende Biden h\u00e1 13 anos.<\/p>\n\n\n\n<p>O check-up tamb\u00e9m enumerou as enfermidades benignas de que padece, al\u00e9m de seus problemas g\u00e1stricos e de mobilidade: &#8220;fibrila\u00e7\u00e3o auricular n\u00e3o valvular&#8221;, um problema card\u00edaco &#8220;est\u00e1vel&#8221; em tratamento, um alto n\u00edvel de lip\u00eddios no sangue, tamb\u00e9m em tratamento, alergias e artrite.<\/p>\n\n\n\n<h2 class=\"wp-block-heading\">A\u00e7\u00e3o de Gra\u00e7as<\/h2>\n\n\n\n<p>Em seu retorno \u00e0 Casa Branca depois do exame m\u00e9dico, o presidente cumpriu, visivelmente satisfeito, a tradi\u00e7\u00e3o de indultar dois perus antes do Dia de A\u00e7\u00e3o de Gra\u00e7as, chamados Peanut Butter (manteiga de amendoim) e Jelly (geleia) em homenagem a um sandu\u00edche muito popular no pa\u00eds.<\/p>\n\n\n\n<p>O peru \u00e9 um prato emblem\u00e1tico do Dia de A\u00e7\u00e3o de Gra\u00e7as, que se celebra na semana que vem.<\/p>\n\n\n\n<p>Depois de um discurso salpicado por piadas e entrecortado pelo grugulejar das aves, Biden posou, sorridente, para fotos e brincou com as crian\u00e7as no roseiral da Casa Branca.<\/p>\n\n\n\n<p>&#8220;Meu check-up transcorreu muito bem&#8221;, disse aos jornalistas ao sair do hospital Walter Reed, nos arredores de Washington, \u00e0s 14h05 locais (16h05 de Bras\u00edlia). Pouco depois, chegou \u00e0 Casa Branca, onde declarou, com um sorriso: &#8220;Eu me sinto bem&#8221;.<\/p>\n\n\n\n<p>A Casa Branca anunciou em uma nota concisa \u00e0s 06h que o presidente se submeteria a um check-up de rotina, o primeiro desde sua posse.<\/p>\n\n\n\n<p>Biden \u00e9 o presidente mais idoso da hist\u00f3ria dos Estados Unidos e j\u00e1 tornou p\u00fablico que prev\u00ea apresentar-se a um novo mandato em 2024, mas especula-se que poderia desistir em fun\u00e7\u00e3o de sua idade.<\/p>\n\n\n\n<p>O presidente prometeu transpar\u00eancia sobre seu estado de sa\u00fade. Alguns partid\u00e1rios de seu antecessor, Donald Trump, n\u00e3o perdem a oportunidade de semear d\u00favidas publicamente, de forma mais ou menos indireta, sobre sua sa\u00fade f\u00edsica e sua lucidez.<\/p>\n\n\n\n<p>Em 1988, Biden teve um grave problema de sa\u00fade: foi levado de urg\u00eancia ao hospital ap\u00f3s o rompimento de um aneurisma e um sacerdote foi chamado para lhe dar a extrema un\u00e7\u00e3o.<\/p>\n\n\n\n<p>Se Biden n\u00e3o se candidatar \u00e0 reelei\u00e7\u00e3o, Harris, de 57 anos, seria a candidata natural dos democratas, embora agora a maioria dos observadores fa\u00e7a um balan\u00e7o mitigado de seu mandato como vice-presidente.<\/p>\n","protected":false},"excerpt":{"rendered":"<p>O presidente dos Estados Unidos, Joe Biden, est\u00e1 &#8220;saud\u00e1vel&#8221;, &#8220;forte&#8221; e &#8220;apto&#8221; a cumprir a fun\u00e7\u00e3o de presidente dos Estados Unidos, afirmou nesta sexta-feira (19) seu m\u00e9dico depois de o<\/p>\n","protected":false},"author":1,"featured_media":5961,"comment_status":"closed","ping_status":"closed","sticky":false,"template":"","format":"standard","meta":[],"categories":[1],"tags":[],"_links":{"self":[{"href":"https:\/\/7ports.com.br\/index.php?rest_route=\/wp\/v2\/posts\/5960"}],"collection":[{"href":"https:\/\/7ports.com.br\/index.php?rest_route=\/wp\/v2\/posts"}],"about":[{"href":"https:\/\/7ports.com.br\/index.php?rest_route=\/wp\/v2\/types\/post"}],"author":[{"embeddable":true,"href":"https:\/\/7ports.com.br\/index.php?rest_route=\/wp\/v2\/users\/1"}],"replies":[{"embeddable":true,"href":"https:\/\/7ports.com.br\/index.php?rest_route=%2Fwp%2Fv2%2Fcomments&post=5960"}],"version-history":[{"count":3,"href":"https:\/\/7ports.com.br\/index.php?rest_route=\/wp\/v2\/posts\/5960\/revisions"}],"predecessor-version":[{"id":7277,"href":"https:\/\/7ports.com.br\/index.php?rest_route=\/wp\/v2\/posts\/5960\/revisions\/7277"}],"wp:featuredmedia":[{"embeddable":true,"href":"https:\/\/7ports.com.br\/index.php?rest_route=\/wp\/v2\/media\/5961"}],"wp:attachment":[{"href":"https:\/\/7ports.com.br\/index.php?rest_route=%2Fwp%2Fv2%2Fmedia&parent=5960"}],"wp:term":[{"taxonomy":"category","embeddable":true,"href":"https:\/\/7ports.com.br\/index.php?rest_route=%2Fwp%2Fv2%2Fcategories&post=5960"},{"taxonomy":"post_tag","embeddable":true,"href":"https:\/\/7ports.com.br\/index.php?rest_route=%2Fwp%2Fv2%2Ftags&post=5960"}],"curies":[{"name":"wp","href":"https:\/\/api.w.org\/{rel}","templated":true}]}}