
{"id":5994,"date":"2021-11-21T00:50:39","date_gmt":"2021-11-21T03:50:39","guid":{"rendered":"https:\/\/7ports.com.br\/?p=5994"},"modified":"2021-11-21T11:54:45","modified_gmt":"2021-11-21T14:54:45","slug":"5994","status":"publish","type":"post","link":"https:\/\/7ports.com.br\/?p=5994","title":{"rendered":"(Enem) 2021 fazem neste domingo (21) o\u00a0primeiro dia de provas."},"content":{"rendered":"\n<p>Os candidatos inscritos no Exame Nacional do Ensino M\u00e9dio (<a href=\"https:\/\/g1.globo.com\/educacao\/enem\/2021\/\">Enem<\/a>) 2021 fazem neste domingo (21) o&nbsp;primeiro dia de provas. Ser\u00e3o 90 quest\u00f5es de m\u00faltipla escolha divididas entre<strong>&nbsp;linguagens, c\u00f3digos e suas tecnologias<\/strong>&nbsp;e&nbsp;<strong>ci\u00eancias humanas e suas tecnologias<\/strong>. Os estudantes t\u00eam ainda que fazer uma&nbsp;<strong>reda\u00e7\u00e3o<\/strong>.<\/p>\n\n\n\n<p>No total,\u00a0<strong>3.109.762 pessoas<\/strong>\u00a0se inscreveram para essa edi\u00e7\u00e3o da prova,\u00a0<a href=\"https:\/\/g1.globo.com\/educacao\/enem\/2021\/noticia\/2021\/07\/24\/enem-2021-tem-31-milhoes-de-inscritos-confirmados.ghtml\">menor n\u00famero registrado desde 2005<\/a>. Houve ainda uma\u00a0<a href=\"https:\/\/g1.globo.com\/educacao\/enem\/2021\/noticia\/2021\/08\/27\/enem-2021-cai-negros-pardos-indigenas-inscritos.ghtml\">redu\u00e7\u00e3o mais acentuada na participa\u00e7\u00e3o de pretos, pardos e ind\u00edgenas<\/a>\u00a0em compara\u00e7\u00e3o com a \u00faltima edi\u00e7\u00e3o da prova.<\/p>\n\n\n\n<p>Considerando que a&nbsp;prova \u00e9 aplicada simultaneamente para todos os candidatos seguindo o hor\u00e1rio de Bras\u00edlia&nbsp;e que<a href=\"https:\/\/g1.globo.com\/educacao\/enem\/2021\/noticia\/2021\/11\/20\/enem-2021-abertura-e-fechamento-dos-portoes-inicio-das-provas-e-mais.ghtml\">&nbsp;alguns estados brasileiros possuem fusos hor\u00e1rios diferentes<\/a>, \u00e9 preciso estar atento ao hor\u00e1rio de abertura e fechamento dos port\u00f5es.<\/p>\n\n\n\n<p>Nos estados como Amazonas e Mato Grosso, cujo hor\u00e1rio local tem uma hora a menos em rela\u00e7\u00e3o ao hor\u00e1rio de Bras\u00edlia, a prova tamb\u00e9m ser\u00e1 aplicada uma hora antes. Assim, o exame vai come\u00e7ar \u00e0s 12h30 no hor\u00e1rio local. No Acre, estado com duas horas a menos, a prova ser\u00e1 aplicada \u00e0s 11h30 no hor\u00e1rio local.<\/p>\n\n\n\n<h2 class=\"wp-block-heading\">O que levar na prova<\/h2>\n\n\n\n<p>Para ter acesso ao local de prova,&nbsp;\u00e9 obrigat\u00f3rio apresentar um documento original com foto. S\u00e3o v\u00e1lidos:<\/p>\n\n\n\n<ul><li>RG;<\/li><li>Identidade expedida pelo Minist\u00e9rio da Justi\u00e7a para estrangeiros e refugiados;<\/li><li>Carteira de Registro Nacional Migrat\u00f3rio;<\/li><li>Documento Provis\u00f3rio de Registro Nacional Migrat\u00f3rio;<\/li><li>Identifica\u00e7\u00e3o fornecida por ordens ou conselhos de classes que por lei tenha validade como documento de identidade;<\/li><li>Passaporte;<\/li><li>Carteira Nacional de Habilita\u00e7\u00e3o;<\/li><li>Carteira de Trabalho e Previd\u00eancia Social.<\/li><li>Caso o documento oficial tenha sido roubado ou furtado, pode ser apresentado o boletim de ocorr\u00eancia expedido h\u00e1 no m\u00e1ximo 90 dias.<\/li><\/ul>\n\n\n\n<p>Vias digitais ou c\u00f3pias autenticadas&nbsp;<strong>n\u00e3o ser\u00e3o aceitas<\/strong>.<\/p>\n\n\n\n<h2 class=\"wp-block-heading\">\u00c1lcool em gel<\/h2>\n\n\n\n<p>\u00c1lcool em gel ser\u00e1 disponibilizado&nbsp;para o candidato higienizar as m\u00e3os no local de prova, mas ele&nbsp;tamb\u00e9m tem a op\u00e7\u00e3o de levar o seu.<\/p>\n\n\n\n<h2 class=\"wp-block-heading\">M\u00e1scara extra<\/h2>\n\n\n\n<p>O&nbsp;<strong>uso de m\u00e1scara \u00e9 obrigat\u00f3rio<\/strong>&nbsp;e \u00e9 proibida a entrada do participante sem ela por quest\u00f5es de seguran\u00e7a contra a covid-19. E, pelos mesmos motivos, o aluno pode levar m\u00e1scara extra para fazer a troca durante o exame, se achar necess\u00e1rio.<\/p>\n\n\n\n<p>O edital do exame prev\u00ea que<strong>&nbsp;quem estiver com Covid<\/strong>&nbsp;ou outra doen\u00e7a infectocontagiosas<strong>&nbsp;n\u00e3o deve comparecer ao local de prova<\/strong>. Nesse caso, o candidato diagnosticado dever\u00e1 submeter um pedido de reaplica\u00e7\u00e3o da prova pelo p\u00e1gina do participante em at\u00e9 cinco dias \u00fateis ap\u00f3s o \u00faltimo dia de aplica\u00e7\u00e3o.<\/p>\n","protected":false},"excerpt":{"rendered":"<p>Os candidatos inscritos no Exame Nacional do Ensino M\u00e9dio (Enem) 2021 fazem neste domingo (21) o&nbsp;primeiro dia de provas. Ser\u00e3o 90 quest\u00f5es de m\u00faltipla escolha divididas entre&nbsp;linguagens, c\u00f3digos e suas<\/p>\n","protected":false},"author":1,"featured_media":5995,"comment_status":"closed","ping_status":"closed","sticky":false,"template":"","format":"standard","meta":[],"categories":[1],"tags":[],"_links":{"self":[{"href":"https:\/\/7ports.com.br\/index.php?rest_route=\/wp\/v2\/posts\/5994"}],"collection":[{"href":"https:\/\/7ports.com.br\/index.php?rest_route=\/wp\/v2\/posts"}],"about":[{"href":"https:\/\/7ports.com.br\/index.php?rest_route=\/wp\/v2\/types\/post"}],"author":[{"embeddable":true,"href":"https:\/\/7ports.com.br\/index.php?rest_route=\/wp\/v2\/users\/1"}],"replies":[{"embeddable":true,"href":"https:\/\/7ports.com.br\/index.php?rest_route=%2Fwp%2Fv2%2Fcomments&post=5994"}],"version-history":[{"count":2,"href":"https:\/\/7ports.com.br\/index.php?rest_route=\/wp\/v2\/posts\/5994\/revisions"}],"predecessor-version":[{"id":5997,"href":"https:\/\/7ports.com.br\/index.php?rest_route=\/wp\/v2\/posts\/5994\/revisions\/5997"}],"wp:featuredmedia":[{"embeddable":true,"href":"https:\/\/7ports.com.br\/index.php?rest_route=\/wp\/v2\/media\/5995"}],"wp:attachment":[{"href":"https:\/\/7ports.com.br\/index.php?rest_route=%2Fwp%2Fv2%2Fmedia&parent=5994"}],"wp:term":[{"taxonomy":"category","embeddable":true,"href":"https:\/\/7ports.com.br\/index.php?rest_route=%2Fwp%2Fv2%2Fcategories&post=5994"},{"taxonomy":"post_tag","embeddable":true,"href":"https:\/\/7ports.com.br\/index.php?rest_route=%2Fwp%2Fv2%2Ftags&post=5994"}],"curies":[{"name":"wp","href":"https:\/\/api.w.org\/{rel}","templated":true}]}}