
{"id":6012,"date":"2021-11-21T02:33:51","date_gmt":"2021-11-21T05:33:51","guid":{"rendered":"https:\/\/7ports.com.br\/?p=6012"},"modified":"2022-02-24T12:09:31","modified_gmt":"2022-02-24T15:09:31","slug":"pagou-se-um-preco-muito-caro-no-mercado-para-desvio-fiscal-que-nao-foi-tao-grande-diz-campos-neto","status":"publish","type":"post","link":"https:\/\/7ports.com.br\/?p=6012","title":{"rendered":"Pagou-se um pre\u00e7o muito caro no mercado para desvio fiscal que n\u00e3o foi t\u00e3o grande, diz Campos Neto"},"content":{"rendered":"\n<p>Em palestra no Meeting News, organizado pelo Grupo Parlat\u00f3rio, ele afirmou que resultado prim\u00e1rio de 2022 ainda ser\u00e1 &#8220;bastante bom&#8221;<\/p>\n\n\n\n<p>BRAS\u00cdLIA (Reuters) \u2013 O presidente do Banco Central, Roberto Campos Neto, elogiou nesta sexta-feira a melhoria de dados sobre o resultado prim\u00e1rio do governo e avaliou que um pre\u00e7o \u201cmuito caro\u201d foi pago para desvio fiscal que n\u00e3o foi t\u00e3o grande, em refer\u00eancia ao drible na regra do teto de gastos que foi abra\u00e7ado pelo governo.<\/p>\n\n\n\n<p>Em palestra no Meeting News, organizado pelo Grupo Parlat\u00f3rio, ele afirmou que resultado prim\u00e1rio de 2022 ainda ser\u00e1 \u201cbastante bom\u201d, com o governo Jair Bolsonaro entregando o mandato com n\u00edvel de gastos inferior ao observado quando assumiu o pa\u00eds.<\/p>\n\n\n\n<p>Campos Neto disse concordar com a necessidade de um arcabou\u00e7o fiscal para que investidores consigam vislumbrar a trajet\u00f3ria de d\u00edvida \u00e0 frente. Entretanto, minimizou o tamanho efetivo dos gastos que ser\u00e3o feitos com o flexibiliza\u00e7\u00e3o da regra do teto, at\u00e9 ent\u00e3o encarada como \u00fanica \u00e2ncora fiscal cr\u00edvel do Brasil.PUBLICIDADE<\/p>\n\n\n\n<p>\u201cS\u00f3 gostaria de frisar que quando a gente olha no dia a dia o que tem sido feito, a parte fiscal, o que eu percebo \u00e9 que, em termos de desorganiza\u00e7\u00e3o de pre\u00e7os de mercado, se pagou pre\u00e7o muito caro para um desvio que n\u00e3o foi t\u00e3o grande\u201d, afirmou ele.<\/p>\n\n\n\n<p>O pr\u00eamio de risco associado ao Brasil subiu ap\u00f3s Planalto e Minist\u00e9rio da Economia defenderem a mudan\u00e7a na janela de corre\u00e7\u00e3o da regra do teto de gastos para acomoda\u00e7\u00e3o de mais gastos no ano eleitoral de 2022, altera\u00e7\u00e3o que foi inclu\u00edda na PEC dos Precat\u00f3rios. A proposta mira abertura de um espa\u00e7o extra de 91,6 bilh\u00f5es de reais no Or\u00e7amento do ano que vem.<\/p>\n\n\n\n<p>A manobra foi necess\u00e1ria para atender determina\u00e7\u00e3o do presidente de que o Aux\u00edlio Brasil, programa substituto do Bolsa Fam\u00edlia, pagasse um valor de 400 por fam\u00edlia, ante m\u00e9dia de 190 reais anteriormente. O aumento ser\u00e1 feito em car\u00e1ter extraordin\u00e1rio at\u00e9 o fim do ano que vem.<\/p>\n\n\n\n<p>Ap\u00f3s a investida, o BC elevou o ritmo do aperto na Selic a 1,5 ponto no fim de outubro, a 7,75% ao ano, indicando a inten\u00e7\u00e3o de repetir a dose em dezembro, indicando que os questionamentos em rela\u00e7\u00e3o ao arcabou\u00e7o fiscal elevaram o risco de desancoragem das expectativas de infla\u00e7\u00e3o, aumentando a assimetria altista no balan\u00e7o de riscos.<\/p>\n\n\n\n<p>A pr\u00f3xima e \u00faltima reuni\u00e3o do Comit\u00ea de Pol\u00edtica Monet\u00e1ria (Copom) ocorre em 7 e 8 de dezembro.<\/p>\n\n\n\n<p>Segundo Campos Neto, h\u00e1 inquietude em rela\u00e7\u00e3o ao novo pacote de ajuda aos mais vulner\u00e1veis e a seu financiamento.<\/p>\n\n\n\n<p>Nesta sexta-feira, ele ressaltou que agora o governo precisa comunicar qual \u00e9 o arcabou\u00e7o fiscal que vai ser vigente, tendo transpar\u00eancia quanto \u00e0 sua utiliza\u00e7\u00e3o.<\/p>\n\n\n\n<p>Apesar da melhora \u201cimportante\u201d nos dados fiscais, ele sublinhou que o mercado olha para frente.<\/p>\n\n\n\n<p>\u201cEstamos saindo da pandemia ainda com algum dinheiro sendo colocado em circula\u00e7\u00e3o\u201d, disse ele. \u201cA pergunta que fica \u00e9 quais s\u00e3o as reformas que v\u00e3o ser feitas para fazer com que a gente mude de patamar\u201d, complementou.<\/p>\n\n\n\n<p>De acordo com o presidente do BC, o questionamento n\u00e3o \u00e9 sobre o que foi feito no passado, mas sobre o que pa\u00eds consegue tocar adiante para ter crescimento estrutural mais alto.<\/p>\n\n\n\n<p>\u201cSe eu tiver uma taxa de juros de 12%-13% com crescimento de 1%, temos claramente trajet\u00f3ria explosiva (da d\u00edvida).\u201d<\/p>\n\n\n\n<p><strong>INFLA\u00c7\u00c3O E ATIVIDADE<\/strong><\/p>\n\n\n\n<p>No evento, Campos Neto tamb\u00e9m adiantou que a autoridade monet\u00e1ria dever\u00e1 rever para baixo sua proje\u00e7\u00e3o para a atividade econ\u00f4mica em 2022, ap\u00f3s divulgar em setembro que esperava crescimento de 2,1%.<\/p>\n\n\n\n<p>\u201cProvavelmente ser\u00e1 revisto para baixo nessa pr\u00f3xima reuni\u00e3o do Copom, no Relat\u00f3rio de Infla\u00e7\u00e3o\u201d, disse.PUBLICIDADE<\/p>\n\n\n\n<p>A declara\u00e7\u00e3o vem logo ap\u00f3s o Minist\u00e9rio da Economia ter divulgado que esperava justamente uma alta de 2,1% para o Produto Interno Bruto (PIB) no pr\u00f3ximo ano, ante expans\u00e3o de 2,5% projetada anteriormente.<\/p>\n\n\n\n<p>No boletim Focus mais recente, a expectativa dos agentes econ\u00f4micos \u00e9 bem mais modesta, de alta de 0,93%.<\/p>\n\n\n\n<p>Campos Neto avaliou que o aperto nos juros b\u00e1sicos que precisa ser feito para combater a infla\u00e7\u00e3o est\u00e1 afetando para baixo as contas para a atividade, mas disse acreditar que h\u00e1 \u201cmuito\u201d no movimento que decorre da incertezas sobre o arcabou\u00e7o fiscal e sobre a viabilidade de reformas at\u00e9 o fim do governo.<\/p>\n\n\n\n<p>Sobre a infla\u00e7\u00e3o, ele disse que houve impacto forte nos pre\u00e7os pela eleva\u00e7\u00e3o dos alimentos num primeiro momento e, depois, pelo choque de energia el\u00e9trica e combust\u00edveis. Os n\u00facleos est\u00e3o bem acima da meta, sendo que o aumento mais recente dos pre\u00e7os est\u00e1 \u201cmais espalhado\u201d na economia.<\/p>\n\n\n\n<p>Campos Neto reconheceu ainda que a expectativa de infla\u00e7\u00e3o para 2022 est\u00e1 \u201csaindo um pouco da meta\u201d, com acelera\u00e7\u00e3o recente desse movimento, mas refor\u00e7ou que o BC tem atuado elevando as taxas de juros.<\/p>\n\n\n\n<p>A meta central de infla\u00e7\u00e3o de 2022 \u00e9 de 3,5% pelo IPCA, sendo que o mercado j\u00e1 projeta alta de 4,79%. O \u00faltimo c\u00e1lculo do BC, de outubro, era de infla\u00e7\u00e3o de 4,1% no ano que vem.<\/p>\n\n\n\n<p>Embora o BC esteja olhando o tema da in\u00e9rcia inflacion\u00e1ria, n\u00e3o identificou grande aumento no processo ao se debru\u00e7ar sobre cadeias de pre\u00e7o, disse o presidente da autarquia.<\/p>\n\n\n\n<p>Ele chamou aten\u00e7\u00e3o, por outro lado, para a reprecifica\u00e7\u00e3o das expectativas de infla\u00e7\u00e3o para cima e para o papel da in\u00e9rcia nesse contexto, como se os agentes estivessem ajustando seu balan\u00e7o de riscos para um processo de in\u00e9rcia de expectativa maior.PUBLICIDADE<\/p>\n\n\n\n<p>\u201cIsso gera uma desancoragem das expectativas para frente. E \u00e9 muito importante nesse momento voc\u00ea ser proativo o suficiente para que esse movimento gere credibilidade para evitar que isso de fato se transforme numa mem\u00f3ria de indexa\u00e7\u00e3o que, de fato, possa contaminar a cadeia de pre\u00e7os de forma mais relevante\u201d, afirmou.<\/p>\n","protected":false},"excerpt":{"rendered":"<p>Em palestra no Meeting News, organizado pelo Grupo Parlat\u00f3rio, ele afirmou que resultado prim\u00e1rio de 2022 ainda ser\u00e1 &#8220;bastante bom&#8221; BRAS\u00cdLIA (Reuters) \u2013 O presidente do Banco Central, Roberto Campos<\/p>\n","protected":false},"author":1,"featured_media":6013,"comment_status":"closed","ping_status":"closed","sticky":false,"template":"","format":"standard","meta":[],"categories":[1],"tags":[],"_links":{"self":[{"href":"https:\/\/7ports.com.br\/index.php?rest_route=\/wp\/v2\/posts\/6012"}],"collection":[{"href":"https:\/\/7ports.com.br\/index.php?rest_route=\/wp\/v2\/posts"}],"about":[{"href":"https:\/\/7ports.com.br\/index.php?rest_route=\/wp\/v2\/types\/post"}],"author":[{"embeddable":true,"href":"https:\/\/7ports.com.br\/index.php?rest_route=\/wp\/v2\/users\/1"}],"replies":[{"embeddable":true,"href":"https:\/\/7ports.com.br\/index.php?rest_route=%2Fwp%2Fv2%2Fcomments&post=6012"}],"version-history":[{"count":1,"href":"https:\/\/7ports.com.br\/index.php?rest_route=\/wp\/v2\/posts\/6012\/revisions"}],"predecessor-version":[{"id":6014,"href":"https:\/\/7ports.com.br\/index.php?rest_route=\/wp\/v2\/posts\/6012\/revisions\/6014"}],"wp:featuredmedia":[{"embeddable":true,"href":"https:\/\/7ports.com.br\/index.php?rest_route=\/wp\/v2\/media\/6013"}],"wp:attachment":[{"href":"https:\/\/7ports.com.br\/index.php?rest_route=%2Fwp%2Fv2%2Fmedia&parent=6012"}],"wp:term":[{"taxonomy":"category","embeddable":true,"href":"https:\/\/7ports.com.br\/index.php?rest_route=%2Fwp%2Fv2%2Fcategories&post=6012"},{"taxonomy":"post_tag","embeddable":true,"href":"https:\/\/7ports.com.br\/index.php?rest_route=%2Fwp%2Fv2%2Ftags&post=6012"}],"curies":[{"name":"wp","href":"https:\/\/api.w.org\/{rel}","templated":true}]}}