
{"id":6019,"date":"2022-02-23T10:00:56","date_gmt":"2022-02-23T13:00:56","guid":{"rendered":"https:\/\/7ports.com.br\/?p=6019"},"modified":"2022-02-23T11:03:46","modified_gmt":"2022-02-23T14:03:46","slug":"em-meio-a-polemicas-enem-comeca-em-todo-o-pais","status":"publish","type":"post","link":"https:\/\/7ports.com.br\/?p=6019","title":{"rendered":"Em meio a pol\u00eamicas, Enem come\u00e7a em todo o pa\u00eds"},"content":{"rendered":"\n<p>O&nbsp;<a href=\"https:\/\/www.cnnbrasil.com.br\/tudo-sobre\/enem\/\">Exame Nacional do Ensino M\u00e9dio (Enem)<\/a>&nbsp;come\u00e7a neste domingo (21) com as provas de linguagens, ci\u00eancias humanas e reda\u00e7\u00e3o.<\/p>\n\n\n\n<p>Para saber o local de aplica\u00e7\u00e3o do exame, o estudante deve consultar o cart\u00e3o de confirma\u00e7\u00e3o de inscri\u00e7\u00e3o dispon\u00edvel na\u00a0<a href=\"https:\/\/enem.inep.gov.br\/participante\/#!\/\">p\u00e1gina oficial do Enem<\/a>. Os port\u00f5es ser\u00e3o abertos \u00e0s 12h (de Bras\u00edlia) e fechados \u00e0s 13h. A prova ir\u00e1 come\u00e7ar \u00e0s 13h30 e terminar \u00e0s 19h.<\/p>\n\n\n\n<p>Para a vers\u00e3o impressa foram registradas 3.040.871 inscri\u00e7\u00f5es pelo&nbsp;<a href=\"https:\/\/www.cnnbrasil.com.br\/tudo-sobre\/instituto-nacional-de-estudos-e-pesquisas-educacionais-anisio-teixeira-inep\/\">Instituto Nacional de Estudos e Pesquisas Educacionais An\u00edsio Teixeira (Inep)<\/a>. J\u00e1 na vers\u00e3o digital, exclusiva para quem concluiu o ensino m\u00e9dio ou ir\u00e1 terminar em 2021, ser\u00e3o 68.891 participantes.<\/p>\n\n\n\n<p>Ambas vers\u00f5es v\u00e3o ser aplicadas na mesma data, o que difere da edi\u00e7\u00e3o de 2020, em que foram separadas.<\/p>\n\n\n\n<h2 class=\"wp-block-heading\">Pol\u00eamicas na edi\u00e7\u00e3o de 2021<\/h2>\n\n\n\n<p>As pol\u00eamicas na edi\u00e7\u00e3o de 2021 do Enem come\u00e7aram com a demiss\u00e3o coletiva de 37 servidores do Inep em resposta ao que classificaram como \u201cm\u00e1 gest\u00e3o\u201d do instituto, em 8 de novembro,&nbsp;<a href=\"https:\/\/www.cnnbrasil.com.br\/nacional\/coordenadores-do-enem-anunciam-demissao-coletiva\/\">conforme of\u00edcio obtido pela analista de pol\u00edtica da&nbsp;<strong>CNN<\/strong>&nbsp;Bas\u00edlia Rodrigues<\/a>.<\/p>\n\n\n\n<p>Ao comentar sobre o caso, o presidente&nbsp;<a href=\"https:\/\/www.cnnbrasil.com.br\/tudo-sobre\/jair-bolsonaro\/\">Jair Bolsonaro (sem partido)<\/a>&nbsp;afirmou, em 15 de novembro, que o Enem neste ano&nbsp;<a href=\"https:\/\/www.cnnbrasil.com.br\/politica\/bolsonaro-diz-que-enem-comeca-a-ter-cara-do-governo\/\">\u201ccome\u00e7a agora a ter a cara do governo\u201d<\/a>.<\/p>\n\n\n\n<p>O ministro da Educa\u00e7\u00e3o,&nbsp;<a href=\"https:\/\/www.cnnbrasil.com.br\/tudo-sobre\/milton-ribeiro\/\">Milton Ribeiro<\/a>, afirmou, em entrevista \u00e0&nbsp;<strong>CNN<\/strong>, em 16 de novembro, que&nbsp;<a href=\"https:\/\/www.cnnbrasil.com.br\/nacional\/nao-houve-interferencia-no-enem-diz-milton-ribeiro-a-cnn\/\">n\u00e3o houve interfer\u00eancia no exame<\/a>, e que as pol\u00eamicas n\u00e3o passavam de \u201cru\u00eddos pr\u00e9-Enem\u201d.<\/p>\n\n\n\n<p>Voltando a fazer declara\u00e7\u00f5es sobre o exame, Bolsonaro disse, em 17 de novembro, que ele prega&nbsp;<a href=\"https:\/\/www.cnnbrasil.com.br\/internacional\/no-catar-bolsonaro-diz-que-enem-tem-ativismo-politico-e-comportamental\/\">\u201cativismo pol\u00edtico e comportamental\u201d,<\/a>&nbsp;ao fazer uma compara\u00e7\u00e3o com o sistema educacional do Catar, no Oriente M\u00e9dio.<\/p>\n\n\n\n<p>Na Comiss\u00e3o Especial de Educa\u00e7\u00e3o da C\u00e2mara dos Deputados, tamb\u00e9m em 17 de novembro, Milton Ribeiro e<a href=\"https:\/\/www.cnnbrasil.com.br\/politica\/na-camara-milton-ribeiro-diz-que-enem-tem-sim-a-cara-do-governo\/\">ndossou o discurso de Bolsonaro<\/a>, afirmando que o Enem teria a cara do governo porque a prova acontece com \u201ccompet\u00eancia e honestidade\u201d.<\/p>\n\n\n\n<p>Ap\u00f3s a repercuss\u00e3o dos fatos, o Congresso Nacional decidiu instaurar&nbsp;<a href=\"https:\/\/www.cnnbrasil.com.br\/politica\/congresso-monta-comissao-para-apurar-demissoes-no-inep-e-convoca-c\">uma comiss\u00e3o mista de deputados e senadores<\/a>&nbsp;para apurar a demiss\u00e3o conjunta dos servidores do Inep.<\/p>\n\n\n\n<p>Os parlamentares de oposi\u00e7\u00e3o ainda enviaram ao&nbsp;<a href=\"https:\/\/www.cnnbrasil.com.br\/tudo-sobre\/tribunal-de-contas-da-uniao-tcu\/\">Tribunal de Contas da Uni\u00e3o (TCU)<\/a>, em reuni\u00e3o com a presidente da casa, ministra Ana Arraes,&nbsp;<a href=\"https:\/\/www.cnnbrasil.com.br\/politica\/oposicao-pede-ao-tcu-investigacao-sobre-realizacao-do-enem\/\">um pedido de investiga\u00e7\u00e3o do exame<\/a>,&nbsp;<a href=\"https:\/\/www.cnnbrasil.com.br\/nacional\/tcu-abre-investigacao-para-apurar-irregularidades-no-enem\/\">que foi posteriormente acolhido pelo \u00f3rg\u00e3o<\/a>. O ministro Walton Alencar Rodrigues, do TCU,<a href=\"https:\/\/www.cnnbrasil.com.br\/nacional\/tcu-nega-pedido-de-afastamento-do-presidente-do-inep\/\">&nbsp;negou no s\u00e1bado (20) a medida cautelar.&nbsp;<\/a><\/p>\n\n\n\n<p>A Justi\u00e7a Federal do Distrito Federal&nbsp;<a href=\"https:\/\/www.cnnbrasil.com.br\/nacional\/justica-do-df-nega-pedido-para-afastar-presidente-do-inep\/\">negou um pedido liminar<\/a>, em 18 de novembro, para afastamento do presidente do&nbsp;<a href=\"https:\/\/www.cnnbrasil.com.br\/tudo-sobre\/instituto-nacional-de-estudos-e-pesquisas-educacionais-anisio-teixeira-inep\/\">Inep<\/a>, Danilo Dupas, pelas den\u00fancias de m\u00e1 gest\u00e3o.<\/p>\n\n\n\n<p>Respondendo \u00e0 Justi\u00e7a Federal de S\u00e3o Paulo, em 19 de novembro,<a href=\"https:\/\/www.cnnbrasil.com.br\/nacional\/inep-chama-de-ilacao-suposta-interferencia-no-enem\/\">&nbsp;o Inep considerou \u201cila\u00e7\u00e3o\u201d uma suposta interfer\u00eancia no Enem<\/a>, pelo acesso de pessoas estranhas nos ambientes de prepara\u00e7\u00e3o e impress\u00e3o das provas. O STJ negou no s\u00e1bado uma a\u00e7\u00e3o<\/p>\n\n\n\n<p>A Justi\u00e7a Federal de S\u00e3o Paulo extinguiu, tamb\u00e9m em 19 de novembro, a a\u00e7\u00e3o movida pela Defensoria P\u00fablica da Uni\u00e3o (DPU) para obrigar o Inep&nbsp;<a href=\"https:\/\/www.cnnbrasil.com.br\/nacional\/juiz-extingue-acao-da-defensoria-para-obrigar-inep-a-comprovar-seguranca-do-enem\/\">a comprovar a seguran\u00e7a da prova contra vazamentos, fraudes e interfer\u00eancias<\/a>.<\/p>\n\n\n\n<p>No s\u00e1bado, o&nbsp;<a href=\"https:\/\/www.cnnbrasil.com.br\/tudo-sobre\/superior-tribunal-de-justica-stj\/\">Superior Tribunal de Justi\u00e7a (STJ)<\/a>&nbsp;derrubou a liminar do Tribunal Regional Federal da 4\u00aa Regi\u00e3o (TRF4) que&nbsp;<a href=\"https:\/\/www.cnnbrasil.com.br\/nacional\/stj-derruba-decisao-que-suspendia-prova-de-redacao-do-enem\/\">impedia a aplica\u00e7\u00e3o da prova de reda\u00e7\u00e3o do Enem.&nbsp;<\/a><\/p>\n\n\n\n<p>A decis\u00e3o do TRF4 determinava que essa etapa do exame n\u00e3o fosse considerada no resultado para os candidatos com defici\u00eancia que n\u00e3o conseguem se expressar por escrito.<\/p>\n","protected":false},"excerpt":{"rendered":"<p>O&nbsp;Exame Nacional do Ensino M\u00e9dio (Enem)&nbsp;come\u00e7a neste domingo (21) com as provas de linguagens, ci\u00eancias humanas e reda\u00e7\u00e3o. Para saber o local de aplica\u00e7\u00e3o do exame, o estudante deve consultar<\/p>\n","protected":false},"author":1,"featured_media":6020,"comment_status":"closed","ping_status":"closed","sticky":false,"template":"","format":"standard","meta":[],"categories":[1],"tags":[],"_links":{"self":[{"href":"https:\/\/7ports.com.br\/index.php?rest_route=\/wp\/v2\/posts\/6019"}],"collection":[{"href":"https:\/\/7ports.com.br\/index.php?rest_route=\/wp\/v2\/posts"}],"about":[{"href":"https:\/\/7ports.com.br\/index.php?rest_route=\/wp\/v2\/types\/post"}],"author":[{"embeddable":true,"href":"https:\/\/7ports.com.br\/index.php?rest_route=\/wp\/v2\/users\/1"}],"replies":[{"embeddable":true,"href":"https:\/\/7ports.com.br\/index.php?rest_route=%2Fwp%2Fv2%2Fcomments&post=6019"}],"version-history":[{"count":1,"href":"https:\/\/7ports.com.br\/index.php?rest_route=\/wp\/v2\/posts\/6019\/revisions"}],"predecessor-version":[{"id":6021,"href":"https:\/\/7ports.com.br\/index.php?rest_route=\/wp\/v2\/posts\/6019\/revisions\/6021"}],"wp:featuredmedia":[{"embeddable":true,"href":"https:\/\/7ports.com.br\/index.php?rest_route=\/wp\/v2\/media\/6020"}],"wp:attachment":[{"href":"https:\/\/7ports.com.br\/index.php?rest_route=%2Fwp%2Fv2%2Fmedia&parent=6019"}],"wp:term":[{"taxonomy":"category","embeddable":true,"href":"https:\/\/7ports.com.br\/index.php?rest_route=%2Fwp%2Fv2%2Fcategories&post=6019"},{"taxonomy":"post_tag","embeddable":true,"href":"https:\/\/7ports.com.br\/index.php?rest_route=%2Fwp%2Fv2%2Ftags&post=6019"}],"curies":[{"name":"wp","href":"https:\/\/api.w.org\/{rel}","templated":true}]}}