
{"id":6182,"date":"2021-12-25T15:00:07","date_gmt":"2021-12-25T18:00:07","guid":{"rendered":"https:\/\/7ports.com.br\/?p=6182"},"modified":"2022-02-10T01:29:40","modified_gmt":"2022-02-10T04:29:40","slug":"covid-omicron-forca-cancelamento-de-milhares-de-voos-ao-redor-do-mundo","status":"publish","type":"post","link":"https:\/\/7ports.com.br\/?p=6182","title":{"rendered":"Covid: \u00d4micron for\u00e7a cancelamento de milhares de voos ao redor do mundo"},"content":{"rendered":"\n<p>\u00d4micron, muito mais transmiss\u00edvel, est\u00e1 por tr\u00e1s de onda de cancelamentos de voos<\/p>\n\n\n\n<p><strong>Milh\u00f5es de pessoas enfrentaram cancelamentos de voos e mais restri\u00e7\u00f5es devido ao aumento de casos de covid-19.<\/strong><\/p>\n\n\n\n<p>A principal culpada \u00e9 a \u00f4micron, a nova variante do coronav\u00edrus inicialmente detectada na \u00c1frica do Sul que \u00e9 muito mais transmiss\u00edvel.<\/p>\n\n\n\n<p>Por causa disso, governos impuseram novas medidas de seguran\u00e7a.<\/p>\n\n\n\n<p>It\u00e1lia, Espanha e Gr\u00e9cia, por exemplo, retomaram o uso obrigat\u00f3rio de m\u00e1scaras, mesmo em espa\u00e7os abertos.<\/p>\n\n\n\n<p>A regi\u00e3o da Catalunha, no nordeste da Espanha, tamb\u00e9m imp\u00f4s uma quarentena noturna e a Holanda mant\u00e9m um lockdown estrito.<\/p>\n\n\n\n<p><a href=\"https:\/\/www.bbc.com\/portuguese\/internacional-56558034\">Coronav\u00edrus: 25 mil pessoas se inscrevem em teste de seguran\u00e7a &#8216;all inclusive&#8217; para turismo em ilha grega<\/a><\/p>\n\n\n\n<p><a href=\"https:\/\/www.bbc.com\/portuguese\/brasil-53188253\">M\u00e9dica de 88 anos passa 50 dias intubada em UTI, se cura da covid-19 e volta a fazer cirurgias<\/a><\/p>\n\n\n\n<p>Fim do Talvez tamb\u00e9m te interesse<\/p>\n\n\n\n<p>Embora estudos preliminares mostrem que a \u00f4micron n\u00e3o seja t\u00e3o grave quanto outras variantes do coronav\u00edrus, cientistas est\u00e3o preocupados com o n\u00famero de casos.<\/p>\n\n\n\n<p>Na quinta-feira (23\/12), n\u00fameros recordes foram registrados no Reino Unido, Fran\u00e7a e It\u00e1lia.<\/p>\n\n\n\n<p>&#8220;Quando temos milh\u00f5es e milh\u00f5es de pessoas doentes ao mesmo tempo, n\u00e3o \u00e9 necess\u00e1rio que uma grande porcentagem dessas pessoas acabe em hospitais&#8221;, disse Hallie Prescott, professora de Medicina Interna da Universidade de Michigan, nos Estados Unidos, ao jornal americano The New York Times.<\/p>\n\n\n\n<p>O principal especialista do pa\u00eds em doen\u00e7as infecciosas, Anthony Fauci , alertou no in\u00edcio desta semana que as viagens de Natal aumentariam as infec\u00e7\u00f5es mesmo entre pessoas totalmente vacinadas.<\/p>\n\n\n\n<p>Milhares de voos ao redor do mundo foram cancelados, segundo o site da FlightAware, e muitas reuni\u00f5es familiares t\u00edpicas nessas datas ser\u00e3o evitadas.<\/p>\n\n\n\n<p>Na sexta-feira, v\u00e9spera de Natal, algumas companhias a\u00e9reas dos Estados Unidos disseram estar sofrendo com a falta de pessoal, com v\u00e1rios membros da tripula\u00e7\u00e3o recebendo diagn\u00f3stico positivo para covid-19, o que obriga o isolamento dessas pessoas.<\/p>\n\n\n\n<p>A United Airlines disse que o n\u00famero crescente de casos por \u00f4micron tem um &#8220;impacto direto nas tripula\u00e7\u00f5es de voo e no pessoal que dirige as opera\u00e7\u00f5es&#8221;.<\/p>\n\n\n\n<p>Na Austr\u00e1lia, milhares de viagens tamb\u00e9m foram afetadas: mais de 100 voos dom\u00e9sticos de Sydney e Melbourne para outras cidades foram cancelados.<\/p>\n\n\n\n<p>Um porta-voz da companhia a\u00e9rea Jetstar disse que a empresa redirecionou a maioria dos passageiros afetados &#8220;para poderem chegar a seus destinos a tempo para o Natal&#8221;.<\/p>\n\n\n\n<p>Pelo menos \u00e9 a primeira vez em dois anos que os australianos podem viajar entre os estados durante o per\u00edodo de festas.<\/p>\n\n\n\n<p>A Austr\u00e1lia disse que vai reduzir o tempo entre a segunda vacina e a dose de refor\u00e7o para quatro meses e at\u00e9 tr\u00eas no pr\u00f3ximo m\u00eas.<\/p>\n\n\n\n<p>Coreia do Sul, Tail\u00e2ndia e Reino Unido tamb\u00e9m reduziram essa janela de tempo para tr\u00eas meses em dezembro.<\/p>\n\n\n\n<p>Pela primeira vez, australianos puderam viajar entre Estados no per\u00edodo de festas<\/p>\n\n\n\n<p><strong>Mais restri\u00e7\u00f5es<\/strong><\/p>\n\n\n\n<p>Muitos pa\u00edses europeus est\u00e3o preparando novas restri\u00e7\u00f5es logo ap\u00f3s o per\u00edodo de recesso. A Alemanha restringir\u00e1 as reuni\u00f5es privadas a um m\u00e1ximo de dez pessoas e fechar\u00e1 as casas noturnas a partir de 28 de dezembro. Os jogos de futebol ser\u00e3o disputados a portas fechadas.<\/p>\n\n\n\n<p>Portugal ordenou o fechamento de bares e discotecas a partir de 26 de dezembro e o trabalho remoto em casa ser\u00e1 obrigat\u00f3rio a partir dessa data at\u00e9 9 de janeiro.<\/p>\n\n\n\n<p>Mais de 5,3 milh\u00f5es de pessoas morreram de covid-19 em todo o mundo, de acordo com dados da Universidade Johns Hopkins, nos Estados Unidos. Houve mais de 278 milh\u00f5es de casos confirmados da doen\u00e7a at\u00e9 agora.<\/p>\n\n\n\n<p>Em Bel\u00e9m, onde os crist\u00e3os acreditam que Jesus nasceu, houve uma missa da meia-noite em escala reduzida, sem os milhares de peregrinos que eram comuns antes da pandemia.<\/p>\n\n\n\n<p>No entanto, o Papa Francisco celebrou a Missa do Galo na Bas\u00edlica de S\u00e3o Pedro, no Vaticano, e deve realizar a tradicional b\u00ean\u00e7\u00e3o no dia de Natal.<\/p>\n\n\n\n<p>Durante a celebra\u00e7\u00e3o, o pont\u00edfice convidou os fi\u00e9is a &#8220;amar a pequenez&#8221; em um novo apelo por humildade.<\/p>\n\n\n\n<p>Cerca de 2 mil pessoas, segundo a assessoria de imprensa do Vaticano, compareceram \u00e0 missa, usando m\u00e1scaras e sentadas distantes umas das outras.<\/p>\n","protected":false},"excerpt":{"rendered":"<p>\u00d4micron, muito mais transmiss\u00edvel, est\u00e1 por tr\u00e1s de onda de cancelamentos de voos Milh\u00f5es de pessoas enfrentaram cancelamentos de voos e mais restri\u00e7\u00f5es devido ao aumento de casos de covid-19.<\/p>\n","protected":false},"author":1,"featured_media":6183,"comment_status":"closed","ping_status":"closed","sticky":false,"template":"","format":"standard","meta":[],"categories":[1],"tags":[],"_links":{"self":[{"href":"https:\/\/7ports.com.br\/index.php?rest_route=\/wp\/v2\/posts\/6182"}],"collection":[{"href":"https:\/\/7ports.com.br\/index.php?rest_route=\/wp\/v2\/posts"}],"about":[{"href":"https:\/\/7ports.com.br\/index.php?rest_route=\/wp\/v2\/types\/post"}],"author":[{"embeddable":true,"href":"https:\/\/7ports.com.br\/index.php?rest_route=\/wp\/v2\/users\/1"}],"replies":[{"embeddable":true,"href":"https:\/\/7ports.com.br\/index.php?rest_route=%2Fwp%2Fv2%2Fcomments&post=6182"}],"version-history":[{"count":1,"href":"https:\/\/7ports.com.br\/index.php?rest_route=\/wp\/v2\/posts\/6182\/revisions"}],"predecessor-version":[{"id":6184,"href":"https:\/\/7ports.com.br\/index.php?rest_route=\/wp\/v2\/posts\/6182\/revisions\/6184"}],"wp:featuredmedia":[{"embeddable":true,"href":"https:\/\/7ports.com.br\/index.php?rest_route=\/wp\/v2\/media\/6183"}],"wp:attachment":[{"href":"https:\/\/7ports.com.br\/index.php?rest_route=%2Fwp%2Fv2%2Fmedia&parent=6182"}],"wp:term":[{"taxonomy":"category","embeddable":true,"href":"https:\/\/7ports.com.br\/index.php?rest_route=%2Fwp%2Fv2%2Fcategories&post=6182"},{"taxonomy":"post_tag","embeddable":true,"href":"https:\/\/7ports.com.br\/index.php?rest_route=%2Fwp%2Fv2%2Ftags&post=6182"}],"curies":[{"name":"wp","href":"https:\/\/api.w.org\/{rel}","templated":true}]}}