
{"id":6262,"date":"2022-01-01T20:46:17","date_gmt":"2022-01-01T23:46:17","guid":{"rendered":"https:\/\/7ports.com.br\/?p=6262"},"modified":"2022-02-24T12:05:51","modified_gmt":"2022-02-24T15:05:51","slug":"salario-minimo-de-2022-r-1-212-por-mes","status":"publish","type":"post","link":"https:\/\/7ports.com.br\/?p=6262","title":{"rendered":"Sal\u00e1rio m\u00ednimo de 2022: R$ 1.212 por m\u00eas"},"content":{"rendered":"\n<figure class=\"wp-block-image\"><img decoding=\"async\" src=\"https:\/\/noticiasdemogi.com.br\/wp-content\/uploads\/2020\/07\/dinheiro.jpg\" alt=\"dinheiro\"\/><\/figure>\n\n\n\n<p>Come\u00e7ou a valer, neste s\u00e1bado (1\u00ba), primeiro dia de 2022, o valor do novo&nbsp;<a href=\"https:\/\/noticiasdemogi.com.br\/tag\/salario-minimo\"><strong>sal\u00e1rio m\u00ednimo<\/strong><\/a>&nbsp;no Brasil, que passa a ser de R$ 1.212 por m\u00eas. A mudan\u00e7a foi&nbsp;oficializada na sexta-feira&nbsp;(31), \u00faltimo dia de 2021, por meio de uma medida provis\u00f3ria (MP) assinada pelo presidente da Rep\u00fablica, Jair Bolsonaro.<img decoding=\"async\" alt=\"\" src=\"\"><img decoding=\"async\" src=\"https:\/\/agenciabrasil.ebc.com.br\/ebc.png?id=1434812&amp;o=node\"><img decoding=\"async\" alt=\"\" src=\"\"><\/p>\n\n\n\n<p>O novo valor considera a corre\u00e7\u00e3o monet\u00e1ria pelo \u00cdndice Nacional de Pre\u00e7o ao Consumidor (INPC) de janeiro a novembro de 2021 e a proje\u00e7\u00e3o de infla\u00e7\u00e3o de dezembro de 2021, estimada pela \u00e1rea t\u00e9cnica do Minist\u00e9rio da Economia. No total, o aumento ser\u00e1 de 10,18% em rela\u00e7\u00e3o ao valor anterior, que era de R$ 1.100.<\/p>\n\n\n\n<p>Os estados tamb\u00e9m podem ter sal\u00e1rios m\u00ednimos locais e pisos salariais por categoria maiores do que o valor fixado pelo governo federal, desde que n\u00e3o sejam inferiores ao valor do piso nacional.<a href=\"https:\/\/noticiasdemogi.com.br\/mei-limite-de-renda-anual-e-valor-da-contribuicao-podem-ter-mudancas-em-2022\/\" target=\"_blank\" rel=\"noreferrer noopener\">Leia tamb\u00e9m:&nbsp;MEI: limite de renda anual e valor da contribui\u00e7\u00e3o podem ter mudan\u00e7as em 2022<\/a><\/p>\n\n\n\n<p>O novo m\u00ednimo altera o valor de c\u00e1lculo de benef\u00edcios previdenci\u00e1rios, sociais e trabalhistas. No caso das aposentadorias e pens\u00f5es por morte ou aux\u00edlio-doen\u00e7a, os valores dever\u00e3o ser atualizados com base no novo m\u00ednimo. O mesmo vale para o Benef\u00edcio de Presta\u00e7\u00e3o Continuada (BPC), que corresponde a um sal\u00e1rio m\u00ednimo e \u00e9 pago a idosos a partir de 65 anos e pessoas com defici\u00eancia de baixa renda.&nbsp;<\/p>\n\n\n\n<p>C\u00e1lculos das contribui\u00e7\u00f5es dos trabalhadores ao Instituto Nacional do Seguro Social (INSS) tamb\u00e9m ser\u00e3o reajustados. Uma portaria do Minist\u00e9rio da Economia dever\u00e1 ser publicada, nos pr\u00f3ximos dias, com a oficializa\u00e7\u00e3o dos novos valores.&nbsp;&nbsp;<a href=\"https:\/\/noticiasdemogi.com.br\/cadastro-no-bolsa-do-povo-empreendedor-sp-termina-na-proxima-segunda-3\/\" target=\"_blank\" rel=\"noreferrer noopener\">Leia tamb\u00e9m:&nbsp;Cadastro no Bolsa do Povo Empreendedor SP termina na pr\u00f3xima segunda (3)<\/a><\/p>\n\n\n\n<p><em>*com informa\u00e7\u00f5es da Ag\u00eancia Brasil<\/em><\/p>\n\n\n\n<p>Essa not\u00edcia foi atualizada em 1 de janeiro de 2022 17:16<\/p>\n","protected":false},"excerpt":{"rendered":"<p>Come\u00e7ou a valer, neste s\u00e1bado (1\u00ba), primeiro dia de 2022, o valor do novo&nbsp;sal\u00e1rio m\u00ednimo&nbsp;no Brasil, que passa a ser de R$ 1.212 por m\u00eas. A mudan\u00e7a foi&nbsp;oficializada na sexta-feira&nbsp;(31),<\/p>\n","protected":false},"author":1,"featured_media":6263,"comment_status":"closed","ping_status":"closed","sticky":false,"template":"","format":"standard","meta":[],"categories":[1],"tags":[],"_links":{"self":[{"href":"https:\/\/7ports.com.br\/index.php?rest_route=\/wp\/v2\/posts\/6262"}],"collection":[{"href":"https:\/\/7ports.com.br\/index.php?rest_route=\/wp\/v2\/posts"}],"about":[{"href":"https:\/\/7ports.com.br\/index.php?rest_route=\/wp\/v2\/types\/post"}],"author":[{"embeddable":true,"href":"https:\/\/7ports.com.br\/index.php?rest_route=\/wp\/v2\/users\/1"}],"replies":[{"embeddable":true,"href":"https:\/\/7ports.com.br\/index.php?rest_route=%2Fwp%2Fv2%2Fcomments&post=6262"}],"version-history":[{"count":1,"href":"https:\/\/7ports.com.br\/index.php?rest_route=\/wp\/v2\/posts\/6262\/revisions"}],"predecessor-version":[{"id":6264,"href":"https:\/\/7ports.com.br\/index.php?rest_route=\/wp\/v2\/posts\/6262\/revisions\/6264"}],"wp:featuredmedia":[{"embeddable":true,"href":"https:\/\/7ports.com.br\/index.php?rest_route=\/wp\/v2\/media\/6263"}],"wp:attachment":[{"href":"https:\/\/7ports.com.br\/index.php?rest_route=%2Fwp%2Fv2%2Fmedia&parent=6262"}],"wp:term":[{"taxonomy":"category","embeddable":true,"href":"https:\/\/7ports.com.br\/index.php?rest_route=%2Fwp%2Fv2%2Fcategories&post=6262"},{"taxonomy":"post_tag","embeddable":true,"href":"https:\/\/7ports.com.br\/index.php?rest_route=%2Fwp%2Fv2%2Ftags&post=6262"}],"curies":[{"name":"wp","href":"https:\/\/api.w.org\/{rel}","templated":true}]}}