
{"id":6285,"date":"2022-01-03T05:37:19","date_gmt":"2022-01-03T08:37:19","guid":{"rendered":"https:\/\/7ports.com.br\/?p=6285"},"modified":"2022-01-11T08:18:35","modified_gmt":"2022-01-11T11:18:35","slug":"biden-que-agira-em-caso-de-invasao-russa-na-ucrania","status":"publish","type":"post","link":"https:\/\/7ports.com.br\/?p=6285","title":{"rendered":"Biden agir\u00e1 em caso de invas\u00e3o russa na Ucr\u00e2nia"},"content":{"rendered":"\n<h2 class=\"wp-block-heading\"><strong>Os dois l\u00edderes conversaram por telefone para tratar das tens\u00f5es na fronteira com a R\u00fassia<\/strong><\/h2>\n\n\n\n<h2 class=\"wp-block-heading\"><strong>Presidente americano, Joe Biden, e o presidente ucraniano, Volodimir Zelenski<\/strong><\/h2>\n\n\n\n<p>JIM WATSON, GINTS IVUSKANS \/ AFP<\/p>\n\n\n\n<p>O presidente americano, Joe Biden, disse a seu colega ucraniano, Volodimir Zelenski, neste domingo (2), que Washington e seus aliados &#8220;v\u00e3o responder decisivamente&#8221; se a R\u00fassia agir para invadir seu vizinho pr\u00f3-ocidental, informou a Casa Branca.<\/p>\n\n\n\n<p>Ao comentar a conversa por telefone entre os dois presidentes, a secret\u00e1ria de imprensa da Casa Branca, Jen Psaki, tamb\u00e9m disse que Biden expressou seu apoio aos esfor\u00e7os diplom\u00e1ticos, inclusive os di\u00e1logos de alto n\u00edvel entre funcion\u00e1rios russos e americanos, previstos para 9 e 10 de janeiro em Genebra.<\/p>\n\n\n\n<ul><li><a href=\"http:\/\/noticias.r7.com\/internacional\/soldado-da-ucrania-morre-em-confronto-com-grupos-pro-russia-01012022\"><\/a><\/li><\/ul>\n\n\n\n<p><a href=\"http:\/\/noticias.r7.com\/internacional\/soldado-da-ucrania-morre-em-confronto-com-grupos-pro-russia-01012022\">INTERNACIONAL<\/a><\/p>\n\n\n\n<p><strong><a href=\"http:\/\/noticias.r7.com\/internacional\/soldado-da-ucrania-morre-em-confronto-com-grupos-pro-russia-01012022\">Soldado da Ucr\u00e2nia morre em confronto com grupos pr\u00f3-R\u00fassia<\/a><\/strong><\/p>\n\n\n\n<p>&#8220;O presidente Biden deixou claro que os Estados Unidos e seus aliados e s\u00f3cios responder\u00e3o de forma decisiva se a R\u00fassia chegar a invadir a Ucr\u00e2nia&#8221;, afirmou Psaki em um comunicado.<\/p>\n\n\n\n<p>Biden tamb\u00e9m &#8220;reafirmou o compromisso dos Estados Unidos com a soberania e a integridade territorial da Ucr\u00e2nia&#8221;, acrescentou.<\/p>\n\n\n\n<p>&#8220;Apreciamos o apoio inquebrant\u00e1vel \u00e0 Ucr\u00e2nia&#8221;, manifestou-se Zelenski no Twitter, explicando que tinha conversado com Biden sobre &#8220;a\u00e7\u00f5es conjuntas da Ucr\u00e2nia, Estados Unidos e outros parceiros para manter a paz na Europa e evitar uma escalada&#8221;, em um momento em que se teme uma poss\u00edvel invas\u00e3o russa da Ucr\u00e2nia<\/p>\n\n\n\n<ul><li>A demonstra\u00e7\u00e3o de apoio dos Estados Unidos \u00e0 Ucr\u00e2nia ocorre dias depois de Biden ter advertido o presidente russo, Vladimir Putin, sobre graves consequ\u00eancias caso Moscou invada seu vizinho.<\/li><\/ul>\n\n\n\n<p>Washington e seus aliados europeus acusam a R\u00fassia de amea\u00e7ar a Ucr\u00e2nia com uma nova invas\u00e3o.<\/p>\n\n\n\n<p>Cerca de 100 mil militares russos se concentram perto da fronteira do pa\u00eds, onde Putin j\u00e1 ocupou a regi\u00e3o da Crimeia, em 2014, e \u00e9 acusado de fomentar uma guerra separatista pr\u00f3-russa que explodiu naquele ano no leste.<\/p>\n\n\n\n<p>Moscou descreve a presen\u00e7a de tropas como prote\u00e7\u00e3o \u00e0 expans\u00e3o da Otan, apesar de a Ucr\u00e2nia n\u00e3o ter sido convidada a ser membro da alian\u00e7a militar.<\/p>\n","protected":false},"excerpt":{"rendered":"<p>Os dois l\u00edderes conversaram por telefone para tratar das tens\u00f5es na fronteira com a R\u00fassia Presidente americano, Joe Biden, e o presidente ucraniano, Volodimir Zelenski JIM WATSON, GINTS IVUSKANS \/<\/p>\n","protected":false},"author":1,"featured_media":6287,"comment_status":"closed","ping_status":"closed","sticky":false,"template":"","format":"standard","meta":[],"categories":[1],"tags":[],"_links":{"self":[{"href":"https:\/\/7ports.com.br\/index.php?rest_route=\/wp\/v2\/posts\/6285"}],"collection":[{"href":"https:\/\/7ports.com.br\/index.php?rest_route=\/wp\/v2\/posts"}],"about":[{"href":"https:\/\/7ports.com.br\/index.php?rest_route=\/wp\/v2\/types\/post"}],"author":[{"embeddable":true,"href":"https:\/\/7ports.com.br\/index.php?rest_route=\/wp\/v2\/users\/1"}],"replies":[{"embeddable":true,"href":"https:\/\/7ports.com.br\/index.php?rest_route=%2Fwp%2Fv2%2Fcomments&post=6285"}],"version-history":[{"count":4,"href":"https:\/\/7ports.com.br\/index.php?rest_route=\/wp\/v2\/posts\/6285\/revisions"}],"predecessor-version":[{"id":6291,"href":"https:\/\/7ports.com.br\/index.php?rest_route=\/wp\/v2\/posts\/6285\/revisions\/6291"}],"wp:featuredmedia":[{"embeddable":true,"href":"https:\/\/7ports.com.br\/index.php?rest_route=\/wp\/v2\/media\/6287"}],"wp:attachment":[{"href":"https:\/\/7ports.com.br\/index.php?rest_route=%2Fwp%2Fv2%2Fmedia&parent=6285"}],"wp:term":[{"taxonomy":"category","embeddable":true,"href":"https:\/\/7ports.com.br\/index.php?rest_route=%2Fwp%2Fv2%2Fcategories&post=6285"},{"taxonomy":"post_tag","embeddable":true,"href":"https:\/\/7ports.com.br\/index.php?rest_route=%2Fwp%2Fv2%2Ftags&post=6285"}],"curies":[{"name":"wp","href":"https:\/\/api.w.org\/{rel}","templated":true}]}}