
{"id":6438,"date":"2022-02-22T10:49:54","date_gmt":"2022-02-22T13:49:54","guid":{"rendered":"https:\/\/7ports.com.br\/?p=6438"},"modified":"2022-02-23T10:55:26","modified_gmt":"2022-02-23T13:55:26","slug":"covid-novo-pico-em-casos-pega-profissionais-de-saude-esgotados-e-desamparados","status":"publish","type":"post","link":"https:\/\/7ports.com.br\/?p=6438","title":{"rendered":"Covid: novo pico em casos pega profissionais de sa\u00fade esgotados e desamparados"},"content":{"rendered":"\n<ul><li>Paula Adamo Idoeta<\/li><li>Da BBC News Brasil em S\u00e3o Paulo<\/li><\/ul>\n\n\n\n<p>H\u00e1 7 horas<\/p>\n\n\n\n<figure class=\"wp-block-image\"><img decoding=\"async\" src=\"https:\/\/ichef.bbci.co.uk\/news\/640\/cpsprodpb\/87CE\/production\/_122666743_f53c53be-b94d-4182-8493-85b3c506e252.jpg\" alt=\"Atendimento em hospital de Porto Alegre, em foto de arquivo de 2020\"\/><figcaption>Legenda da foto,Pesquisas mostram altos \u00edndices de medo, estresse, ansiedade e depress\u00e3o entre profissionais da sa\u00fade; acima, atendimento em hospital de Porto Alegre em 2020<\/figcaption><\/figure>\n\n\n\n<p><strong>O pico de novos casos de covid-19 por enquanto n\u00e3o tem, segundo ind\u00edcios iniciais, levado a um aumento na mortalidade. Mas a doen\u00e7a avan\u00e7a diante de equipes de sa\u00fade esgotadas, fragilizadas e desesperan\u00e7osas com os rumos da pandemia, segundo dizem pesquisadores, psiquiatras e especialistas que acompanham esses profissionais da sa\u00fade desde os prim\u00f3rdios da batalha contra o coronav\u00edrus, em mar\u00e7o de 2020. \u00c9 tamb\u00e9m o que dizem os pr\u00f3prios profissionais.<\/strong><\/p>\n\n\n\n<p>&#8220;O que temos escutado \u00e9 que existe uma grande sensa\u00e7\u00e3o de exaust\u00e3o &#8211; de profissionais de sa\u00fade dizendo &#8216;n\u00e3o \u00e9 poss\u00edvel. Vou ter que tirar f\u00e9rias, n\u00e3o vou aguentar&#8217;, ao verem as emerg\u00eancias cheias novamente&#8221;, diz \u00e0 BBC News Brasil o psiquiatra Helian Nunes, um dos idealizadores do&nbsp;<a href=\"https:\/\/www.medicina.ufmg.br\/telepansaude\/\">projeto Telepan Sa\u00fade,<\/a>&nbsp;que desde o in\u00edcio da pandemia oferece sess\u00f5es de aconselhamento psicol\u00f3gico gratuito online a mais de 640 profissionais de sa\u00fade de todo o pa\u00eds.<\/p>\n\n\n\n<ul><li><a href=\"https:\/\/www.bbc.com\/portuguese\/brasil-59917056\">A combina\u00e7\u00e3o de fatores que deixa Brasil e Am\u00e9rica do Sul mais protegidos contra a \u00f4micron<\/a><\/li><li><a href=\"https:\/\/www.bbc.com\/portuguese\/geral-59957840\">Covid: 3 dados-chave que ainda n\u00e3o sabemos depois de 2 anos de pandemia<\/a><\/li><\/ul>\n\n\n\n<p>H\u00e1 cerca de 200 pacientes ainda sendo acompanhados pelo Telepan (uma parceria da Universidade Federal de Minas Gerais com a Associa\u00e7\u00e3o Brasileira de Neuropsiquiatria), alguns deles com sintomas de estresse p\u00f3s-traum\u00e1tico, explica Nunes.<\/p>\n\n\n\n<p>&#8220;Ficamos surpresos, porque ach\u00e1vamos que, quando a situa\u00e7\u00e3o melhorasse, ir\u00edamos zerar os atendimentos. Mas n\u00e3o foi o que aconteceu. Muitas pessoas seguem em atendimento at\u00e9 hoje, n\u00e3o pudemos dar alta. E quem vai ocupar o lugar delas nos hospitais?&#8221;<a href=\"https:\/\/www.bbc.com\/portuguese\/institutional\/2015\/01\/000000_advertising_faqs\">PUBLICIDADE<\/a>https:\/\/c87878eb82f134360d89369434eb40e4.safeframe.googlesyndication.com\/safeframe\/1-0-38\/html\/container.html<\/p>\n\n\n\n<p>A percep\u00e7\u00e3o de Nunes corrobora o que pesquisadores da Escola de Administra\u00e7\u00e3o de Empresas da FGV-SP escutaram de profissionais de sa\u00fade p\u00fablica do pa\u00eds,&nbsp;<a href=\"https:\/\/neburocracia.files.wordpress.com\/2021\/10\/rel12-saude-covid-19-fase5-v3.pdf\">em rodadas de entrevistas que t\u00eam sido conduzidas desde abril de 2020<\/a>. A mais recente foi publicada em outubro de 2021.<\/p>\n\n\n\n<p><strong>Fonte: BBC<\/strong><\/p>\n","protected":false},"excerpt":{"rendered":"<p>Paula Adamo Idoeta Da BBC News Brasil em S\u00e3o Paulo H\u00e1 7 horas O pico de novos casos de covid-19 por enquanto n\u00e3o tem, segundo ind\u00edcios iniciais, levado a um<\/p>\n","protected":false},"author":1,"featured_media":6442,"comment_status":"closed","ping_status":"closed","sticky":false,"template":"","format":"standard","meta":[],"categories":[1],"tags":[],"_links":{"self":[{"href":"https:\/\/7ports.com.br\/index.php?rest_route=\/wp\/v2\/posts\/6438"}],"collection":[{"href":"https:\/\/7ports.com.br\/index.php?rest_route=\/wp\/v2\/posts"}],"about":[{"href":"https:\/\/7ports.com.br\/index.php?rest_route=\/wp\/v2\/types\/post"}],"author":[{"embeddable":true,"href":"https:\/\/7ports.com.br\/index.php?rest_route=\/wp\/v2\/users\/1"}],"replies":[{"embeddable":true,"href":"https:\/\/7ports.com.br\/index.php?rest_route=%2Fwp%2Fv2%2Fcomments&post=6438"}],"version-history":[{"count":2,"href":"https:\/\/7ports.com.br\/index.php?rest_route=\/wp\/v2\/posts\/6438\/revisions"}],"predecessor-version":[{"id":6443,"href":"https:\/\/7ports.com.br\/index.php?rest_route=\/wp\/v2\/posts\/6438\/revisions\/6443"}],"wp:featuredmedia":[{"embeddable":true,"href":"https:\/\/7ports.com.br\/index.php?rest_route=\/wp\/v2\/media\/6442"}],"wp:attachment":[{"href":"https:\/\/7ports.com.br\/index.php?rest_route=%2Fwp%2Fv2%2Fmedia&parent=6438"}],"wp:term":[{"taxonomy":"category","embeddable":true,"href":"https:\/\/7ports.com.br\/index.php?rest_route=%2Fwp%2Fv2%2Fcategories&post=6438"},{"taxonomy":"post_tag","embeddable":true,"href":"https:\/\/7ports.com.br\/index.php?rest_route=%2Fwp%2Fv2%2Ftags&post=6438"}],"curies":[{"name":"wp","href":"https:\/\/api.w.org\/{rel}","templated":true}]}}