
{"id":6606,"date":"2022-01-21T21:45:57","date_gmt":"2022-01-22T00:45:57","guid":{"rendered":"https:\/\/7ports.com.br\/?p=6606"},"modified":"2022-02-11T20:10:55","modified_gmt":"2022-02-11T23:10:55","slug":"sao-paulo-e-rio-adiam-desfiles-de-carnaval-para-o-feriado-de-tiradentes","status":"publish","type":"post","link":"https:\/\/7ports.com.br\/?p=6606","title":{"rendered":"S\u00e3o Paulo e Rio adiam desfiles de Carnaval para o feriado de Tiradentes"},"content":{"rendered":"\n<p>Decis\u00e3o foi tomada ap\u00f3s reuni\u00e3o nesta sexta-feira (21); festa de rua permanece cancelada<\/p>\n\n\n\n<p>Os prefeitos de&nbsp;<a href=\"https:\/\/www.cnnbrasil.com.br\/tudo-sobre\/sao-paulo-capital\/\">S\u00e3o Paulo<\/a>&nbsp;e&nbsp;<a href=\"https:\/\/www.cnnbrasil.com.br\/tudo-sobre\/rio-de-janeiro-capital\/\">Rio de Janeiro<\/a>&nbsp;decidiram adiar os desfiles das escolas de samba para o feriado de Tiradentes, em 21 de abril. A decis\u00e3o foi tomada ap\u00f3s reuni\u00e3o virtual conjunta nesta sexta-feira (21).<\/p>\n\n\n\n<p>Os desfiles das escolas de samba do grupo especial da capital paulista estavam marcados, at\u00e9 ent\u00e3o, para 25 e 26 de fevereiro. J\u00e1 no Rio, seriam realizados em 27 e 28 do mesmo m\u00eas.<\/p>\n","protected":false},"excerpt":{"rendered":"<p>Decis\u00e3o foi tomada ap\u00f3s reuni\u00e3o nesta sexta-feira (21); festa de rua permanece cancelada Os prefeitos de&nbsp;S\u00e3o Paulo&nbsp;e&nbsp;Rio de Janeiro&nbsp;decidiram adiar os desfiles das escolas de samba para o feriado de<\/p>\n","protected":false},"author":1,"featured_media":6607,"comment_status":"closed","ping_status":"closed","sticky":false,"template":"","format":"standard","meta":[],"categories":[1],"tags":[],"_links":{"self":[{"href":"https:\/\/7ports.com.br\/index.php?rest_route=\/wp\/v2\/posts\/6606"}],"collection":[{"href":"https:\/\/7ports.com.br\/index.php?rest_route=\/wp\/v2\/posts"}],"about":[{"href":"https:\/\/7ports.com.br\/index.php?rest_route=\/wp\/v2\/types\/post"}],"author":[{"embeddable":true,"href":"https:\/\/7ports.com.br\/index.php?rest_route=\/wp\/v2\/users\/1"}],"replies":[{"embeddable":true,"href":"https:\/\/7ports.com.br\/index.php?rest_route=%2Fwp%2Fv2%2Fcomments&post=6606"}],"version-history":[{"count":1,"href":"https:\/\/7ports.com.br\/index.php?rest_route=\/wp\/v2\/posts\/6606\/revisions"}],"predecessor-version":[{"id":6608,"href":"https:\/\/7ports.com.br\/index.php?rest_route=\/wp\/v2\/posts\/6606\/revisions\/6608"}],"wp:featuredmedia":[{"embeddable":true,"href":"https:\/\/7ports.com.br\/index.php?rest_route=\/wp\/v2\/media\/6607"}],"wp:attachment":[{"href":"https:\/\/7ports.com.br\/index.php?rest_route=%2Fwp%2Fv2%2Fmedia&parent=6606"}],"wp:term":[{"taxonomy":"category","embeddable":true,"href":"https:\/\/7ports.com.br\/index.php?rest_route=%2Fwp%2Fv2%2Fcategories&post=6606"},{"taxonomy":"post_tag","embeddable":true,"href":"https:\/\/7ports.com.br\/index.php?rest_route=%2Fwp%2Fv2%2Ftags&post=6606"}],"curies":[{"name":"wp","href":"https:\/\/api.w.org\/{rel}","templated":true}]}}