
{"id":6621,"date":"2022-01-21T23:12:40","date_gmt":"2022-01-22T02:12:40","guid":{"rendered":"https:\/\/7ports.com.br\/?p=6621"},"modified":"2022-02-11T20:10:06","modified_gmt":"2022-02-11T23:10:06","slug":"onu-condena-ataque-aereo-saudita-a-prisao-do-iemen","status":"publish","type":"post","link":"https:\/\/7ports.com.br\/?p=6621","title":{"rendered":"ONU condena ataque a\u00e9reo saudita a pris\u00e3o do I\u00eamen"},"content":{"rendered":"\n<p><strong>A ONU condenou um ataque a\u00e9reo de uma coaliz\u00e3o liderada pela Ar\u00e1bia Saudita em um centro de deten\u00e7\u00e3o no I\u00eamen que matou mais de 70 pessoas.<\/strong><\/p>\n\n\n\n<p>A instala\u00e7\u00e3o em Saada, um reduto do movimento rebelde Houthi, foi atingida na sexta-feira.<\/p>\n\n\n\n<p>O secret\u00e1rio-geral da ONU, Ant\u00f3nio Guterres, disse que a &#8220;escalada precisa parar&#8221; e pediu uma investiga\u00e7\u00e3o sobre os ataques no pa\u00eds na sexta-feira.<\/p>\n\n\n\n<p>As for\u00e7as da coaliz\u00e3o liderada pela Ar\u00e1bia Saudita lutam contra os rebeldes houthis desde 2015.<\/p>\n\n\n\n<p>Dezenas de milhares de civis, incluindo mais de 10.000 crian\u00e7as, foram mortos ou feridos como resultado direto dos combates.<\/p>\n\n\n\n<p>Milh\u00f5es foram deslocados e grande parte da popula\u00e7\u00e3o est\u00e1 \u00e0 beira da fome.<\/p>\n\n\n\n<p>Horas ap\u00f3s o ataque a\u00e9reo, equipes de resgate ainda estavam retirando corpos dos escombros, e as esperan\u00e7as de encontrar sobreviventes est\u00e3o desaparecendo, diz Anna Foster, correspondente da BBC no Oriente M\u00e9dio.<\/p>\n\n\n\n<p>O n\u00famero exato de mortos n\u00e3o \u00e9 claro.&nbsp;M\u00e9dicos Sem Fronteiras (MSF) disse que pelo menos 70 pessoas foram mortas, embora o n\u00famero deva aumentar.<\/p>\n\n\n\n<ul><li><a href=\"https:\/\/www.bbc.co.uk\/news\/world-middle-east-29319423\">Crise do I\u00eamen: Por que h\u00e1 uma guerra?<\/a><\/li><\/ul>\n\n\n\n<p>A televis\u00e3o comandada pelos houthis mostrou imagens da cena de homens limpando destro\u00e7os com as m\u00e3os e de feridos em um hospital local.&nbsp;MSF disse que um hospital recebeu mais de 200 v\u00edtimas.<\/p>\n\n\n\n<p>&#8220;H\u00e1 muitos corpos ainda no local do ataque a\u00e9reo, muitas pessoas desaparecidas&#8221;, disse Ahmed Mahat, chefe de MSF no I\u00eamen, \u00e0 ag\u00eancia de not\u00edcias AFP.&nbsp;&#8220;\u00c9 imposs\u00edvel saber quantas pessoas foram mortas. Parece ter sido um ato de viol\u00eancia horr\u00edvel.<\/p>\n\n\n\n<p>O secret\u00e1rio de Estado dos EUA, Antony Blinken, tamb\u00e9m pediu a desescalada.<\/p>\n","protected":false},"excerpt":{"rendered":"<p>A ONU condenou um ataque a\u00e9reo de uma coaliz\u00e3o liderada pela Ar\u00e1bia Saudita em um centro de deten\u00e7\u00e3o no I\u00eamen que matou mais de 70 pessoas. A instala\u00e7\u00e3o em Saada,<\/p>\n","protected":false},"author":1,"featured_media":6622,"comment_status":"closed","ping_status":"closed","sticky":false,"template":"","format":"standard","meta":[],"categories":[1],"tags":[],"_links":{"self":[{"href":"https:\/\/7ports.com.br\/index.php?rest_route=\/wp\/v2\/posts\/6621"}],"collection":[{"href":"https:\/\/7ports.com.br\/index.php?rest_route=\/wp\/v2\/posts"}],"about":[{"href":"https:\/\/7ports.com.br\/index.php?rest_route=\/wp\/v2\/types\/post"}],"author":[{"embeddable":true,"href":"https:\/\/7ports.com.br\/index.php?rest_route=\/wp\/v2\/users\/1"}],"replies":[{"embeddable":true,"href":"https:\/\/7ports.com.br\/index.php?rest_route=%2Fwp%2Fv2%2Fcomments&post=6621"}],"version-history":[{"count":1,"href":"https:\/\/7ports.com.br\/index.php?rest_route=\/wp\/v2\/posts\/6621\/revisions"}],"predecessor-version":[{"id":6623,"href":"https:\/\/7ports.com.br\/index.php?rest_route=\/wp\/v2\/posts\/6621\/revisions\/6623"}],"wp:featuredmedia":[{"embeddable":true,"href":"https:\/\/7ports.com.br\/index.php?rest_route=\/wp\/v2\/media\/6622"}],"wp:attachment":[{"href":"https:\/\/7ports.com.br\/index.php?rest_route=%2Fwp%2Fv2%2Fmedia&parent=6621"}],"wp:term":[{"taxonomy":"category","embeddable":true,"href":"https:\/\/7ports.com.br\/index.php?rest_route=%2Fwp%2Fv2%2Fcategories&post=6621"},{"taxonomy":"post_tag","embeddable":true,"href":"https:\/\/7ports.com.br\/index.php?rest_route=%2Fwp%2Fv2%2Ftags&post=6621"}],"curies":[{"name":"wp","href":"https:\/\/api.w.org\/{rel}","templated":true}]}}