
{"id":6646,"date":"2022-01-25T00:30:36","date_gmt":"2022-01-25T03:30:36","guid":{"rendered":"https:\/\/7ports.com.br\/?p=6646"},"modified":"2022-02-24T12:04:33","modified_gmt":"2022-02-24T15:04:33","slug":"roberto-jefferson-pega-covid-19-na-prisao-e-agora-cumprira-pena-em-prisao-domiciliar","status":"publish","type":"post","link":"https:\/\/7ports.com.br\/?p=6646","title":{"rendered":"Roberto Jefferson pega covid 19 na pris\u00e3o, e agora cumprira pena em pris\u00e3o domiciliar."},"content":{"rendered":"\n<h2 class=\"wp-block-heading\" id=\"decisao-foi-assinada-por-alexandre-de-moraes-nesta-segunda-feira-24-1\">Decis\u00e3o foi assinada por Alexandre de Moraes nesta segunda-feira (24\/1).<\/h2>\n\n\n\n<p><a href=\"https:\/\/www.metropoles.com\/author\/eduardo-barretto\"><strong>Eduardo Barretto<\/strong><\/a><\/p>\n\n\n\n<p>24\/01\/2022 20:07,<strong>atualizado&nbsp;<\/strong>24\/01\/2022 20:31<img decoding=\"async\" loading=\"lazy\" src=\"https:\/\/uploads.metropoles.com\/wp-content\/uploads\/2021\/12\/17153236\/roberto-jefferson-6-600x400.jpg\" alt=\"roberto jefferson\" width=\"450\" height=\"300\">F\u00e1bio Vieira\/Metr\u00f3poles<\/p>\n\n\n\n<p>O ministro&nbsp;<a href=\"https:\/\/www.metropoles.com\/tag\/alexandre-de-moraes\" target=\"_blank\" rel=\"noreferrer noopener\">Alexandre de Moraes<\/a>&nbsp;substituiu nesta segunda-feira (24\/1) a pris\u00e3o preventiva do ex-deputado&nbsp;<a href=\"https:\/\/www.metropoles.com\/tag\/roberto-jefferson\" target=\"_blank\" rel=\"noreferrer noopener\">Roberto Jefferson<\/a>&nbsp;pela pris\u00e3o domiciliar. Assim, Jefferson cumprir\u00e1 pena em casa, na cidade de Comendador Levy Gasparian (RJ). Jefferson ter\u00e1 de cumprir medidas cautelares, como usar tornozeleira eletr\u00f4nica e n\u00e3o manter contato com investigados.https:\/\/07212e492ab26c3aefd24ade17acf96b.safeframe.googlesyndication.com\/safeframe\/1-0-38\/html\/container.html<\/p>\n\n\n\n<p>Mais cedo, a&nbsp;<a href=\"https:\/\/www.metropoles.com\/colunas\/guilherme-amado\" target=\"_blank\" rel=\"noreferrer noopener\">coluna<\/a>&nbsp;mostrou que a defesa de Jefferson alegou ao&nbsp;<a href=\"https:\/\/www.metropoles.com\/tag\/stf\" target=\"_blank\" rel=\"noreferrer noopener\">STF<\/a>&nbsp;que o presidente de honra do PTB&nbsp;<a href=\"https:\/\/www.metropoles.com\/colunas\/guilherme-amado\/jefferson-esta-abatido-e-corre-risco-de-morte-na-prisao-diz-defesa\" target=\"_blank\" rel=\"noreferrer noopener\">corria risco de morte por motivos de s\u00e1ude e estava abatido na carceragem<\/a>. No \u00faltimo dia 18, Moraes autorizou que Jefferson deixasse a pris\u00e3o&nbsp;<a href=\"https:\/\/www.metropoles.com\/colunas\/guilherme-amado\/alexandre-autoriza-roberto-jefferson-a-deixar-prisao-para-fazer-exame\" target=\"_blank\" rel=\"noreferrer noopener\">temporariamente<\/a>&nbsp;para fazer exames m\u00e9dicos.<\/p>\n\n\n\n<p>O plen\u00e1rio da corte julgaria no m\u00eas que vem se concedia a liberdade a Jefferson, o que j\u00e1 havia sido negado por tr\u00eas vezes.PUBLICIDADERoberto Jefferson ter\u00e1 de cumprir diversas obriga\u00e7\u00f5es no regime domiciliar. Al\u00e9m da tornozeleira eletr\u00f4nica e de n\u00e3o se comunicar com outros investigados, Jefferson dever\u00e1 se apresentar \u00e0 Justi\u00e7a periodicamente e ficar em casa \u00e0 noite.Durante sua pris\u00e3o, Roberto Jefferson divulgou um&nbsp;<a href=\"https:\/\/www.metropoles.com\/colunas\/guilherme-amado\/jefferson-diz-que-reza-contra-alexandre-de-moraes-oro-em-desfavor-do-xandao\" target=\"_blank\" rel=\"noreferrer noopener\">v\u00eddeo atacando e insinuando a morte de Alexandre de Moraes<\/a>. A grava\u00e7\u00e3o foi divulgada de dentro do Hospital Samaritano Barra, onde ele estava internado. Moraes, ent\u00e3o, cobrou explica\u00e7\u00f5es da cadeia e do hospital, e determinou uma investiga\u00e7\u00e3o para apurar como o v\u00eddeo foi feito. No \u00faltimo dia 12, a PGR pediu que a&nbsp;<a href=\"https:\/\/www.metropoles.com\/colunas\/guilherme-amado\/pgr-pede-14-depoimentos-para-apurar-video-de-jefferson-contra-moraes\" target=\"_blank\" rel=\"noreferrer noopener\">PF colhesse 14 depoimentos<\/a>&nbsp;de pessoas que visitaram Jefferson no hospital em 13 e 14 de outubro, data prov\u00e1vel da grava\u00e7\u00e3o.<\/p>\n\n\n\n<figure class=\"wp-block-image\"><img decoding=\"async\" src=\"https:\/\/files.metropoles.com\/assets\/images\/icons\/thumb-poster-3x2.jpg\" alt=\"\"\/><\/figure>\n\n\n\n<p>Roberto Jefferson foi preso no \u00e2mbito do Mensal\u00e3oMarcello Casal Jr\/ABr\/Fotos P\u00fablicas<\/p>\n\n\n\n<figure class=\"wp-block-image\"><img decoding=\"async\" src=\"https:\/\/uploads.metropoles.com\/wp-content\/uploads\/2017\/06\/07215647\/roberto-jefferson.jpg\" alt=\"\"\/><\/figure>\n\n\n\n<p>Ex-deputado Roberto JeffersonValter Campanato\/Ag\u00eancia Brasil<\/p>\n\n\n\n<figure class=\"wp-block-image\"><img decoding=\"async\" src=\"https:\/\/uploads.metropoles.com\/wp-content\/uploads\/2016\/05\/21153005\/rj1.jpg\" alt=\"\"\/><\/figure>\n\n\n\n<p>Roberto Jefferson \u00e9 investigado no Inqu\u00e9rito das Fake News, conduzido por Alexandre no Supremo Tribunal Federal, que apura a dissemina\u00e7\u00e3o de not\u00edcias falsas, ofensas e amea\u00e7as contra autoridadesReprodu\u00e7\u00e3o\/Facebook<\/p>\n\n\n\n<figure class=\"wp-block-image\"><img decoding=\"async\" src=\"https:\/\/files.metropoles.com\/assets\/images\/icons\/thumb-poster-3x2.jpg\" alt=\"\"\/><\/figure>\n\n\n\n<figure class=\"wp-block-image\"><img decoding=\"async\" src=\"https:\/\/files.metropoles.com\/assets\/images\/icons\/thumb-poster-3x2.jpg\" alt=\"\"\/><\/figure>\n\n\n\n<p>Roberto Jefferson foi preso no \u00e2mbito do Mensal\u00e3oMarcello Casal Jr\/ABr\/Fotos P\u00fablicas<\/p>\n\n\n\n<figure class=\"wp-block-image\"><img decoding=\"async\" src=\"https:\/\/files.metropoles.com\/assets\/images\/icons\/thumb-poster-3x2.jpg\" alt=\"\"\/><\/figure>\n\n\n\n<p>Ex-deputado Roberto JeffersonValter Campanato\/Ag\u00eancia Brasil1<\/p>\n\n\n\n<h4 class=\"wp-block-heading\" id=\"ja-leu-todas-as-notas-e-reportagens-da-coluna-hoje-clique-aqui\">J\u00e1 leu todas as notas e reportagens da coluna hoje?&nbsp;<a href=\"http:\/\/metropoles.com\/guilhermeamado\" target=\"_blank\" rel=\"noreferrer noopener\">Clique aqui<\/a>.<\/h4>\n\n\n\n<h4 class=\"wp-block-heading\" id=\"siga-a-coluna-no-twitter-e-no-instagram-para-nao-perder-nada\">Siga a coluna no&nbsp;<a href=\"https:\/\/twitter.com\/guilherme_amado\" target=\"_blank\" rel=\"noreferrer noopener\">Twitter<\/a>&nbsp;e no&nbsp;<a href=\"https:\/\/instagram.com\/guilhermeamado\" target=\"_blank\" rel=\"noreferrer noopener\">Instagram<\/a>&nbsp;para n\u00e3o perder nada.<\/h4>\n\n\n\n<figure class=\"wp-block-image size-full\"><img decoding=\"async\" src=\"https:\/\/7ports.com.br\/wp-content\/uploads\/2022\/01\/image.gif\" alt=\"\" class=\"wp-image-6647\"\/><\/figure>\n\n\n\n<p>https:\/\/sender.clevernt.com\/transporter\/41487.php?ppuc=1&amp;ppu=0&amp;id=522517&amp;ref=aHR0cHM6Ly93d3cubWV0cm9wb2xlcy5jb20vY29sdW5hcy9ndWlsaGVybWUtYW1hZG8vYWxleGFuZHJlLW1hbmRhLXJvYmVydG8tamVmZmVyc29uLXBhcmEtcHJpc2FvLWRvbWljaWxpYXI%3D&amp;ruri=aHR0cHM6Ly9uZXdzLmdvb2dsZS5jb20v&amp;r=647252147&amp;tok=33419711310201791433&amp;cc=1&amp;iv=-1&amp;ctr=BR&amp;sz=881&amp;landing=1&amp;hei=undefined&amp;mode=supertopboardscroll&amp;ts=57.447conteudo patrocinado<a href=\"https:\/\/www.outbrain.com\/what-is\/default\/pt\"><\/a><a href=\"https:\/\/cat.da.us.criteo.com\/m\/delivery\/ckn.php?cppv=3&amp;cpp=lpjaHDgANvMfxx6TwjQ-cZQuT5rmKMZrR-MnhIlzKdSQf05R7hdzHN-HskoVtHOF_wBl7k6MijIaMwoxl6zG1eVRPjqslsUx6SsUW05c1kThrm-dW5hWLojUNulJJek8OsHm1VLgE_MJh_glxLXTHfkrcQAx43R8pNG1ByFGuTS4Ilk5aMsNIhr1epMH9YFkIXx4IqWc34F08vf5mgrkfQQ0KJ1xJWlp4FoQTAwwqk88I0VE4cucVxeMtiQJ4cPoCVlPQuohymXfYdu2h1DxvJMKUBkyBToyH9ZH0VuZF_IpJtrQRzLstCCVb5Ya_dVMYXH8fvx0WuBjeFoHRwunLnCGGOQAzhaoOEyu8ylzzFkXKblpQ03d-8Z0l28s1GsPT7rFuhPW2KrdO0SyS43HWPaMhOQS5r8D2al3UodWvGSXA9v9m7MJqlXghFaK9HQGSXhFRH9g4A68AerNT0yy6_LIslgGaZzQff8R7ALUsz9lMgO-o7Khe8xuQSTK7fCffMEYHWSb6cm9F1epWc94M7L-dymYsnwaDu4gLYQMCFlEiiBcSEQY2kg6JrgElzN0_02TrUitUJdY47U3Nf_E6F83LhMrzGDL1Kf-EMIKHZc1Ubr4c1NNUq8nT79FUJNsbqj2wg&amp;maxdest=https%3A%2F%2Fad.doubleclick.net%2Fddm%2Ftrackclk%2FN202401.154378CRITEO%2FB20432489.207828650%3Bdc_trk_aid%3D407624975%3Bdc_trk_cid%3D94336633%3Bdc_lat%3D%3Bdc_rdid%3D%3Btag_for_child_directed_treatment%3D%3Fhttps%3A%2F%2Fwww.americanas.com.br%2Fproduto%2F29404996%3Fepar%3Dds_at_ov_cr_lf%26opn%3DYSMESP%26utm_medium%3Ddisplay%26utm_source%3Dcriteo%26utm_campaign%3Dmarca%3Aacom%253bmidia%3Adisplay%253bformato%3Aauto%253bsubformato%3Aobjvenda%253bidcampanha%3Alf%26pid%3Dcriteonew_int%26c%3DCriteo-Retargeting-Lower-Funnel%26af_c_id%3D91805%26is_retargeting%3Dtrue%26af_reengagement_window%3D30d&amp;obOrigUrl=true\" target=\"_blank\" rel=\"noreferrer noopener\">AMERICANAS.COM<strong>Ro\u00e7adeira lateral \u00e0 gasolina 1,7 hp 42,7 cc 2 tempos &#8211; SKIM4200 &#8211; Intech Machine<\/strong><\/a><a href=\"https:\/\/testobullcaps.com\/advs\/018-ttlite\/?src=cpa3&amp;obOrigUrl=true\" target=\"_blank\" rel=\"noreferrer noopener\">SA\u00daDE MASCULINA<strong>Novo Azulzinho Sem Efeitos Colaterais Aprovado Pela Anvisa<\/strong><\/a><a href=\"https:\/\/jornal-noticia.com\/noticia-smart-focus-0448\/?obOrigUrl=true\" target=\"_blank\" rel=\"noreferrer noopener\">SMARTFOCUS<strong>\u00d3culos su\u00ed\u00e7o que se ajusta sozinho chega ao Brasil<\/strong><\/a><a href=\"https:\/\/www.metropoles.com\/tag\/roberto-jefferson\">ROBERTO JEFFERSON<\/a><a href=\"https:\/\/www.metropoles.com\/tag\/alexandre-de-moraes\">ALEXANDRE DE MORAES<\/a>VER COMENT\u00c1RIOS<\/p>\n\n\n\n<h5 class=\"wp-block-heading\" id=\"mais-lidas\">Mais lidas<\/h5>\n\n\n\n<ul><li><a href=\"https:\/\/www.metropoles.com\/blog-do-noblat\/ricardo-noblat\/o-que-esperar-de-quem-enterra-a-mae-e-vai-comprar-bilhete-de-loteria\"><\/a><a href=\"https:\/\/www.metropoles.com\/blog-do-noblat\/ricardo-noblat\">Ricardo Noblat<\/a>h\u00e1 1 dia<a href=\"https:\/\/www.metropoles.com\/blog-do-noblat\/ricardo-noblat\/o-que-esperar-de-quem-enterra-a-mae-e-vai-comprar-bilhete-de-loteria\">O que esperar de quem enterra a m\u00e3e e vai comprar bilhete de loteria<\/a><\/li><li><a href=\"https:\/\/www.metropoles.com\/saude\/covid-4-sintomas-relacionados-a-omicron-que-nao-devem-ser-ignorados\"><\/a><a href=\"https:\/\/www.metropoles.com\/saude\">Sa\u00fade<\/a>h\u00e1 9 horas<a href=\"https:\/\/www.metropoles.com\/saude\/covid-4-sintomas-relacionados-a-omicron-que-nao-devem-ser-ignorados\">Covid: 4 sintomas relacionados \u00e0 \u00d4micron que n\u00e3o devem ser ignorados<\/a><\/li><li><a href=\"https:\/\/www.metropoles.com\/colunas\/igor-gadelha\/o-desanimo-na-equipe-economica-do-governo-bolsonaro\"><\/a><a href=\"https:\/\/www.metropoles.com\/colunas\/igor-gadelha\/o-desanimo-na-equipe-economica-do-governo-bolsonaro\">O des\u00e2nimo na equipe econ\u00f4mica do governo Bolsonaro<\/a><\/li><li><a href=\"https:\/\/www.metropoles.com\/colunas\/leo-dias\/desentendido-ou-desinformado-zor-nao-reconhece-brincadeira-de-maiara\"><\/a><a href=\"https:\/\/www.metropoles.com\/colunas\/leo-dias\/desentendido-ou-desinformado-zor-nao-reconhece-brincadeira-de-maiara\">Desentendido ou desinformado? Zor n\u00e3o reconhece brincadeira de Maiara<\/a><\/li><li><a href=\"https:\/\/www.metropoles.com\/colunas\/guilherme-amado\/padre-lancelotti-critica-desigualdade-com-tenis-de-r-81-mil-de-mion\"><\/a><a href=\"https:\/\/www.metropoles.com\/colunas\/guilherme-amado\/padre-lancelotti-critica-desigualdade-com-tenis-de-r-81-mil-de-mion\">Padre Lancelotti: t\u00eanis de R$ 81 mil de Mion mostra desigualdade<\/a><\/li><\/ul>\n\n\n\n<p>RECOMENDADOS<\/p>\n\n\n\n<ul><li><a href=\"https:\/\/cat.da.us.criteo.com\/m\/delivery\/ckn.php?cppv=3&amp;cpp=uSggyTgANvMfxx6TwjQ-cZQuT5p9G5sabtxpms197eGIHqgrBspXZTFwmdxidGUqyn2yArc5fPhY-HHnuNdRTlWQ19JPg0UYs-uuuHb_aM8Oc5156fqCYp8CqUgU2kVqlrPkMWGH2f49i59YsgFWWgb90hTy4oyX5K2-3Pxj3O9TeRyhFHVKuwVop0apbpsgZp_ibLMZEddFPfwQyTX0PkNigvJJ_bnV5g4Q77XoS6t42TN2jT9Wxz5pdyueITYtJPXKwcTQ1dv-_fEHJTsvgt-rn0T2AgtVLpP9kvu7kmxbcRKtPQ532CqvMllFUMDsVyTal33ZzOeHs5RrJJiem-MM3XSylaG7_s-Av921qb2WqJ5RZwqxC3zRX_XXCByoOxVo7ikGesx9SkHhhm37g-W_Za2o53d0YwmryEs_ycoavQ9bOabiFOq2yshRC781SfSdMFhe86AJNr8K20nTZlIf27deiy1zUSEREv0ByU-CLqPdPRrPwZ8vcs4XDLVMAB56TTyQYXqW8MAXHPwc3i-UHbDDBA3HJrUB7BdGfhYvgysiG_xo3D9O8K5P8IeFvBuTNKNbnVF94xCmhO-EuR7QNlz6BZQR3Vojdrh0IquM7Tzu1wzgBAvrm-eoIFlKPZQnlWSev1sU42IocGYSTYQ-Gy8&amp;maxdest=https%3A%2F%2Fad.doubleclick.net%2Fddm%2Ftrackclk%2FN202401.154378CRITEO%2FB20432489.207828650%3Bdc_trk_aid%3D407624975%3Bdc_trk_cid%3D94336633%3Bdc_lat%3D%3Bdc_rdid%3D%3Btag_for_child_directed_treatment%3D%3Fhttps%3A%2F%2Fwww.americanas.com.br%2Fproduto%2F3567282002%3Fepar%3Dds_at_ov_cr_lf%26opn%3DYSMESP%26utm_medium%3Ddisplay%26utm_source%3Dcriteo%26utm_campaign%3Dmarca%3Aacom%253bmidia%3Adisplay%253bformato%3Aauto%253bsubformato%3Aobjvenda%253bidcampanha%3Alf%26pid%3Dcriteonew_int%26c%3DCriteo-Retargeting-Lower-Funnel%26af_c_id%3D91805%26is_retargeting%3Dtrue%26af_reengagement_window%3D30d&amp;obOrigUrl=true\" target=\"_blank\" rel=\"noreferrer noopener\">AMERICANAS.COM<strong>Ro\u00e7adeira Gasolina Husqvarna 131r 32,6cc Com Cinto Duplo e Nylon<\/strong><\/a><\/li><li><a href=\"https:\/\/jornal-noticia.com\/noticia-importante-assurer-0197\/?obOrigUrl=true\" target=\"_blank\" rel=\"noreferrer noopener\">ASSURER CLEAN<strong>Isso deixa qualquer piscina com a \u00e1gua cristalina (\u00e9 genial)<\/strong><\/a><\/li><\/ul>\n\n\n\n<p><a href=\"https:\/\/www.outbrain.com\/what-is\/default\/pt\"><\/a><\/p>\n\n\n\n<ul><li><a href=\"https:\/\/www.realfinalpost.com\/2021\/07\/26\/famosos-casais-de-celebridades-lgbtq-que-irao-convence-lo-que-verdadeiro-amor-existe-2\/?utm_medium=$section_name$&amp;utm_source=$section_id$&amp;utm_content=000a94aa537ea4de576a95f95dcbee7c89&amp;utm_campaign=outbrain-PT-0130-(1)&amp;utm_term=$publisher_name$&amp;obOrigUrl=true\" target=\"_blank\" rel=\"noreferrer noopener\">REAL FINAL POST<strong>[Fotos] 21 famosos que s\u00e3o gays e voc\u00ea n\u00e3o sabia<\/strong><\/a><\/li><li><a href=\"https:\/\/www.capacitandoobrasil.com.br\/p\/veja-se-sua-cidade-se-enquadra.html?obOrigUrl=true\" target=\"_blank\" rel=\"noreferrer noopener\">PROJETO CAPACITANDO O BRASIL<strong>\u00daltimos dias para matr\u00edcula em projeto que liberou 30 cursos sem mensalidade em milhares de cidades.<\/strong><\/a><\/li><li><a href=\"https:\/\/trck.tracking505.com\/8f958f51-c314-4126-931c-2ad5bb550e09?campaign_id=00f9e27b3f19cc790de988a1dfd435be09&amp;publisher_id=$publisher_id$&amp;publisher_name=$publisher_name$&amp;ad_id=004ee4ef4e493754625f1062536c1663d2&amp;ad_title=Os+pre%C3%A7os+dos+telefones+VoIP+podem+continuar+a+subir+em+2022&amp;section_id=$section_id$&amp;section_name=$section_name$&amp;req_id=$req_id$&amp;promoted_link_id=004ee4ef4e493754625f1062536c1663d2&amp;time_stamp=$time_stamp$&amp;cpc=$cpc$&amp;ob_click_id=$ob_click_id$&amp;obOrigUrl=true\" target=\"_blank\" rel=\"noreferrer noopener\">VOIP | LIENS DE RECHERCHE<strong>Os pre\u00e7os dos telefones VoIP podem continuar a subir em 2022<\/strong><\/a><\/li><\/ul>\n\n\n\n<ul><li><a href=\"https:\/\/www.metropoles.com\/conteudo-especial\/residencial-parque-clube-une-conforto-e-localizacao-privilegiada?obOrigUrl=true\">METR\u00d3POLES<strong>Residencial Parque Clube une conforto e localiza\u00e7\u00e3o privilegiada<\/strong><\/a><\/li><li><a href=\"https:\/\/go.kingmania.com.br\/campaign\/outbrain-france3\/?utm_medium=cpc&amp;utm_term=$section_name$&amp;utm_content=$publisher_name$&amp;obOrigUrl=true\" target=\"_blank\" rel=\"noreferrer noopener\">LACOSTE OUTLET<strong>Queima de Estoque: Kit com 3 Camisetas Lacoste France por apenas R$197<\/strong><\/a><\/li><\/ul>\n\n\n\n<ul><li><a href=\"https:\/\/saudeemais.com\/medico-do-sono-anuncia-o-fim-natural-da-insonia-chega-ao-brasil\/?utm_source=$publisher_name$_$section_name$&amp;utm_medium=0005b18e1b148f48002c79581cbfafb970&amp;utm_campaign=melatonilDESK&amp;utm_content=0005b18e1b148f48002c79581cbfafb970&amp;utm_term=$publisher_name$_$section_name$&amp;obOrigUrl=true\" target=\"_blank\" rel=\"noreferrer noopener\">MELATONIL<strong>Ins\u00f4nia: novo fitoter\u00e1pico faz dormir sem depend\u00eancia<\/strong><\/a><\/li><li><a href=\"https:\/\/www.metropoles.com\/colunas\/leo-dias\/ex-socio-acusa-alvaro-garnero-sociopata-louco-por-dinheiro-facil?amp&amp;obOrigUrl=true\">METR\u00d3POLES<strong>Ex-s\u00f3cio acusa Alvaro Garnero: &#8220;Sociopata louco por dinheiro f\u00e1cil&#8221;<\/strong><\/a><\/li><li><a href=\"https:\/\/sl.empiricus.com.br\/p\/crl15t-desafio-0\/?xpromo=XE-ME-OB-CRL15-AUDOB-20220121-NTV-X-X&amp;utm_medium=ntv&amp;utm_source=ob&amp;utm_campaign=crl15&amp;obOrigUrl=true\" target=\"_blank\" rel=\"noreferrer noopener\">EMPIRICUS RESEARCH &#8211; AN\u00c1LISES DE INVESTIMENTOS<strong>N\u00e3o \u00e9 truque. Voc\u00ea pode ficar rico com esta criptomoeda.<\/strong><\/a><\/li><\/ul>\n\n\n\n<figure class=\"wp-block-embed\"><div class=\"wp-block-embed__wrapper\">\nhttps:\/\/banner.boostbox.com.br\/banners\/8a71ec9249928e3db32fbc53\n<\/div><\/figure>\n\n\n\n<h5 class=\"wp-block-heading\" id=\"siga-as-redes-do-guilherme-amado\"><a>Siga as redes do Guilherme Amado<\/a><\/h5>\n\n\n\n<ul><li><a target=\"_blank\" href=\"https:\/\/www.facebook.com\/colunaguilhermeamado\" rel=\"noreferrer noopener\">Facebook<\/a><\/li><li><a target=\"_blank\" href=\"https:\/\/www.instagram.com\/guilhermeamado\/\" rel=\"noreferrer noopener\">Instagram<\/a><\/li><li><a target=\"_blank\" href=\"https:\/\/twitter.com\/guilherme_amado\" rel=\"noreferrer noopener\">Twitter<\/a><\/li><li><a target=\"_blank\" href=\"https:\/\/www.tiktok.com\/@guilherme.amado?\" rel=\"noreferrer noopener\">TikTok<\/a><\/li><\/ul>\n\n\n\n<h5 class=\"wp-block-heading\" id=\"seja-nossa-fonte\"><a href=\"https:\/\/www.metropoles.com\/colunas\/guilherme-amado\/envie-denuncias-sob-sigilo-para-a-coluna-saiba-como\">Seja nossa fonte<\/a><\/h5>\n\n\n\n<p><a href=\"https:\/\/www.metropoles.com\/colunas\/guilherme-amado\/envie-denuncias-sob-sigilo-para-a-coluna-saiba-como\"><\/a><\/p>\n\n\n\n<h5 class=\"wp-block-heading\" id=\"ultimas-da-coluna\"><a href=\"https:\/\/www.metropoles.com\/colunas\/guilherme-amado\">\u00daltimas da coluna<\/a><\/h5>\n\n\n\n<ul><li><a href=\"https:\/\/www.metropoles.com\/colunas\/guilherme-amado\/bolsonaro-esta-a-disposicao-do-programa-de-ocupacoes-no-rj-diz-castro\">Bolsonaro est\u00e1 \u00e0 disposi\u00e7\u00e3o do programa de ocupa\u00e7\u00f5es no RJ, diz Castro<\/a><\/li><li><a href=\"https:\/\/www.metropoles.com\/colunas\/guilherme-amado\/advogada-de-flavio-sai-em-defesa-de-karina-kufa-na-briga-com-weintraub\">Advogada de Fl\u00e1vio sai em defesa de Karina Kufa na briga com Weintraub<\/a><\/li><li><a href=\"https:\/\/www.metropoles.com\/colunas\/guilherme-amado\/alexandre-manda-roberto-jefferson-para-prisao-domiciliar\">Alexandre de Moraes manda Roberto Jefferson para pris\u00e3o domiciliar<\/a><\/li><li><a href=\"https:\/\/www.metropoles.com\/colunas\/guilherme-amado\/orcamento-da-dpu-tem-corte-de-60-em-despesa-de-pessoal\">Or\u00e7amento da Defensoria tem corte de 60% em despesa de pessoal<\/a><\/li><li><a href=\"https:\/\/www.metropoles.com\/colunas\/guilherme-amado\/padre-lancelotti-critica-desigualdade-com-tenis-de-r-81-mil-de-mion\">Padre Lancelotti: t\u00eanis de R$ 81 mil de Mion mostra desigualdade<\/a><\/li><\/ul>\n\n\n\n<p>RECOMENDADOS<\/p>\n\n\n\n<ul><li><a href=\"https:\/\/trk.aguardecarregando.com\/6c65309a-a7c6-4756-bcf3-db6078c7cca3?campaign_id=00d4ed803c36aaeac4cf628786cdee42a3&amp;publisher_id=$publisher_id$&amp;publisher_name=$publisher_name$&amp;ad_id=0027a248468ef84bd9f19cf816bbe4d206&amp;ad_title=Por+que+este+ar+condicionado+de+R%24317%2C90+est%C3%A1+ganhando+o+Brasil&amp;section_id=$section_id$&amp;section_name=$section_name$&amp;req_id=$req_id$&amp;promoted_link_id=0027a248468ef84bd9f19cf816bbe4d206&amp;time_stamp=$time_stamp$&amp;ob_click_id=$ob_click_id$&amp;obOrigUrl=true\" target=\"_blank\" rel=\"noreferrer noopener\"><strong>Por que este ar condicionado de R$317,90 est\u00e1 ganhando o Brasil<\/strong><\/a><\/li><\/ul>\n\n\n\n<p><a href=\"https:\/\/www.outbrain.com\/what-is\/default\/pt\"><\/a><\/p>\n\n\n\n<ul><li><a href=\"https:\/\/noticias.maispopulares.com.br\/ob\/raza\/super-vigor3\/?src=outbrain&amp;OutbrainClickId=$ob_click_id$&amp;utm_source=outbrain&amp;utm_medium=$section_name$&amp;utm_campaign=RAZ07-MB&amp;utm_content=Estimulante+natural+poderoso+para+levantar+a+disposi%C3%A7%C3%A3o+do+homem+faz+s&amp;utm_term=$section_name$&amp;obOrigUrl=true\" target=\"_blank\" rel=\"noreferrer noopener\"><strong>Estimulante natural poderoso para levantar a disposi\u00e7\u00e3o do homem faz sucesso no Brasil.<\/strong><\/a><\/li><\/ul>\n\n\n\n<ul><li><a href=\"https:\/\/trck.tracking505.com\/30fad11b-6ea9-4b2e-876d-1a9fd6d11c43?campaign_id=0070b25ea62f244a6ba2430b875ea069a0&amp;publisher_id=$publisher_id$&amp;publisher_name=$publisher_name$&amp;ad_id=0075f80c2765eec4c3ec35a060d7cdd701&amp;ad_title=Quanto+custa+contratar+um+cuidador+de+24+horas+em+%24%7Bcity%7D%24%3F+O+pre%C3%A7o+po&amp;section_id=$section_id$&amp;section_name=$section_name$&amp;req_id=$req_id$&amp;promoted_link_id=0075f80c2765eec4c3ec35a060d7cdd701&amp;time_stamp=$time_stamp$&amp;cpc=$cpc$&amp;ob_click_id=$ob_click_id$&amp;obOrigUrl=true\" target=\"_blank\" rel=\"noreferrer noopener\"><strong>Quanto custa contratar um cuidador de 24 horas em Rio De Janeiro? O pre\u00e7o pode surpreend\u00ea-lo<\/strong><\/a><\/li><\/ul>\n\n\n\n<ul><li><a href=\"https:\/\/rfvtgb.carnovels.com\/worldwide\/fantab-ob-pr?utm_source=outbrainjk&amp;utm_campaign=cn-fantab-nc1-q-s10-des-bz-an-25111d&amp;utm_term=$section_name$&amp;utm_medium=$section_id$&amp;utm_bid=$cpc$&amp;obOrigUrl=true\" target=\"_blank\" rel=\"noreferrer noopener\"><strong>[Fotos] Aos 70 anos, Faust\u00e3o est\u00e1 morando com seu parceiro nesta casa<\/strong><\/a><\/li><\/ul>\n\n\n\n<figure class=\"wp-block-embed\"><div class=\"wp-block-embed__wrapper\">\nhttps:\/\/07212e492ab26c3aefd24ade17acf96b.safeframe.googlesyndication.com\/safeframe\/1-0-38\/html\/container.html\n<\/div><\/figure>\n\n\n\n<ul id=\"menu-footer-2\"><li><a href=\"https:\/\/www.metropoles.com\/quem-somos\">QUEM SOMOS<\/a><\/li><li><a href=\"https:\/\/www.metropoles.com\/expediente\">EXPEDIENTE<\/a><\/li><li><a href=\"https:\/\/www.metropoles.com\/termos-de-uso\">TERMOS DE USO<\/a><\/li><li><a href=\"https:\/\/www.metropoles.com\/anuncie\">ANUNCIE<\/a><\/li><li><a href=\"https:\/\/www.metropoles.com\/conteudo-especial\">POST PATROCINADO<\/a><\/li><li><a href=\"https:\/\/www.metropoles.com\/parceiros\">PARCEIROS<\/a><\/li><li><a href=\"https:\/\/www.metropoles.com\/fale-com-o-metropoles\">FALE COM O METR\u00d3POLES<\/a><\/li><\/ul>\n\n\n\n<p><a href=\"javascript:void\">CONFIGURA\u00c7\u00c3O DE PRIVACIDADE<\/a><\/p>\n\n\n\n<p>TODOS OS DIREITOS RESERVADOS<\/p>\n\n\n\n<figure class=\"wp-block-image\"><img decoding=\"async\" src=\"https:\/\/files.metropoles.com\/imagens\/push\/icon.png\" alt=\"notification icon\"\/><\/figure>\n\n\n\n<p>Quer receber nossas notifica\u00e7\u00f5es?AceitoN\u00e3o Obrigado<\/p>\n","protected":false},"excerpt":{"rendered":"<p>Decis\u00e3o foi assinada por Alexandre de Moraes nesta segunda-feira (24\/1). Eduardo Barretto 24\/01\/2022 20:07,atualizado&nbsp;24\/01\/2022 20:31F\u00e1bio Vieira\/Metr\u00f3poles O ministro&nbsp;Alexandre de Moraes&nbsp;substituiu nesta segunda-feira (24\/1) a pris\u00e3o preventiva do ex-deputado&nbsp;Roberto Jefferson&nbsp;pela pris\u00e3o<\/p>\n","protected":false},"author":1,"featured_media":6648,"comment_status":"closed","ping_status":"closed","sticky":false,"template":"","format":"standard","meta":[],"categories":[1],"tags":[],"_links":{"self":[{"href":"https:\/\/7ports.com.br\/index.php?rest_route=\/wp\/v2\/posts\/6646"}],"collection":[{"href":"https:\/\/7ports.com.br\/index.php?rest_route=\/wp\/v2\/posts"}],"about":[{"href":"https:\/\/7ports.com.br\/index.php?rest_route=\/wp\/v2\/types\/post"}],"author":[{"embeddable":true,"href":"https:\/\/7ports.com.br\/index.php?rest_route=\/wp\/v2\/users\/1"}],"replies":[{"embeddable":true,"href":"https:\/\/7ports.com.br\/index.php?rest_route=%2Fwp%2Fv2%2Fcomments&post=6646"}],"version-history":[{"count":2,"href":"https:\/\/7ports.com.br\/index.php?rest_route=\/wp\/v2\/posts\/6646\/revisions"}],"predecessor-version":[{"id":6689,"href":"https:\/\/7ports.com.br\/index.php?rest_route=\/wp\/v2\/posts\/6646\/revisions\/6689"}],"wp:featuredmedia":[{"embeddable":true,"href":"https:\/\/7ports.com.br\/index.php?rest_route=\/wp\/v2\/media\/6648"}],"wp:attachment":[{"href":"https:\/\/7ports.com.br\/index.php?rest_route=%2Fwp%2Fv2%2Fmedia&parent=6646"}],"wp:term":[{"taxonomy":"category","embeddable":true,"href":"https:\/\/7ports.com.br\/index.php?rest_route=%2Fwp%2Fv2%2Fcategories&post=6646"},{"taxonomy":"post_tag","embeddable":true,"href":"https:\/\/7ports.com.br\/index.php?rest_route=%2Fwp%2Fv2%2Ftags&post=6646"}],"curies":[{"name":"wp","href":"https:\/\/api.w.org\/{rel}","templated":true}]}}