
{"id":6766,"date":"2022-02-23T10:00:00","date_gmt":"2022-02-23T13:00:00","guid":{"rendered":"https:\/\/7ports.com.br\/?p=6766"},"modified":"2022-05-25T19:13:41","modified_gmt":"2022-05-25T22:13:41","slug":"bbb-22-segundo-eliminado-do-bbb-22-rodrigo-diz-acho-que-da-para-rever-muita-coisa","status":"publish","type":"post","link":"https:\/\/7ports.com.br\/?p=6766","title":{"rendered":"Brunna Eliminada no Quinto Pared\u00e3o"},"content":{"rendered":"\n<figure class=\"wp-block-image size-full\"><img decoding=\"async\" loading=\"lazy\" width=\"640\" height=\"360\" src=\"https:\/\/7ports.com.br\/wp-content\/uploads\/2022\/02\/23-bruna.jpg\" alt=\"\" class=\"wp-image-7214\" srcset=\"https:\/\/7ports.com.br\/wp-content\/uploads\/2022\/02\/23-bruna.jpg 640w, https:\/\/7ports.com.br\/wp-content\/uploads\/2022\/02\/23-bruna-300x169.jpg 300w\" sizes=\"(max-width: 640px) 100vw, 640px\" \/><\/figure>\n\n\n\n<h2 class=\"wp-block-heading\">BBB22: Brunna Gon\u00e7alves, Gustavo e Paulo Andr\u00e9 est\u00e3o no Pared\u00e3o<\/h2>\n\n\n\n<p>Por Luigi Civalli<\/p>\n\n\n\n<figure class=\"wp-block-image\"><img decoding=\"async\" src=\"https:\/\/www.ofuxico.com.br\/wp-content\/uploads\/2022\/02\/paredao-bbb-1.jpg\" alt=\"Brunna, Gustavo e Paulo Andr\u00e9\"\/><\/figure>\n\n\n\n<h2 class=\"wp-block-heading\" id=\"maria-expulsa-e-barbara-eliminada-do-bbb-22\">Maria expulsa, e Barbara eliminada do BBB 22<\/h2>\n\n\n\n<h2 class=\"wp-block-heading\" id=\"o-quarto-paredao-ja-foi-constituido-com-artur-natalia-e-barbara\">O quarto pared\u00e3o j\u00e1 foi constitu\u00eddo com Artur, Natalia e Barbara.<\/h2>\n\n\n\n<figure class=\"wp-block-image size-full is-resized\"><img decoding=\"async\" loading=\"lazy\" src=\"https:\/\/7ports.com.br\/wp-content\/uploads\/2022\/02\/barbara-e-maria.png\" alt=\"\" class=\"wp-image-7083\" width=\"628\" height=\"352\"\/><\/figure>\n\n\n\n<h2 class=\"wp-block-heading\" id=\"quarto-paredao-formado\">Quarto Pared\u00e3o formado<\/h2>\n\n\n\n<figure class=\"wp-block-image size-full\"><img decoding=\"async\" loading=\"lazy\" width=\"631\" height=\"360\" src=\"https:\/\/7ports.com.br\/wp-content\/uploads\/2022\/02\/Imagem4-2.jpg\" alt=\"\" class=\"wp-image-7077\" srcset=\"https:\/\/7ports.com.br\/wp-content\/uploads\/2022\/02\/Imagem4-2.jpg 631w, https:\/\/7ports.com.br\/wp-content\/uploads\/2022\/02\/Imagem4-2-300x171.jpg 300w\" sizes=\"(max-width: 631px) 100vw, 631px\" \/><\/figure>\n\n\n\n<hr class=\"wp-block-separator\"\/>\n\n\n\n<h2 class=\"wp-block-heading\" id=\"casa-de-vidro-do-bbb-22-confira-videos-dos-participantes-larissa-e-gustavo\">Casa de Vidro do BBB 22: confira v\u00eddeos dos participantes Larissa e Gustavo<\/h2>\n\n\n\n<figure class=\"wp-block-image size-full\"><img decoding=\"async\" loading=\"lazy\" width=\"643\" height=\"360\" src=\"https:\/\/7ports.com.br\/wp-content\/uploads\/2022\/02\/Imagem1-1-2.jpg\" alt=\"\" class=\"wp-image-7044\" srcset=\"https:\/\/7ports.com.br\/wp-content\/uploads\/2022\/02\/Imagem1-1-2.jpg 643w, https:\/\/7ports.com.br\/wp-content\/uploads\/2022\/02\/Imagem1-1-2-300x168.jpg 300w\" sizes=\"(max-width: 643px) 100vw, 643px\" \/><\/figure>\n\n\n\n<hr class=\"wp-block-separator is-style-wide\"\/>\n\n\n\n<p>BBB 22, 3\u00ba Pared\u00e3o: Nayara Azevedo \u00e9 eliminada e desabafa &#8220;Eu senti muito medo l\u00e1 dentro&#8221;<\/p>\n\n\n\n<hr class=\"wp-block-separator is-style-wide\"\/>\n\n\n\n<figure class=\"wp-block-image size-full\"><img decoding=\"async\" loading=\"lazy\" width=\"647\" height=\"360\" src=\"https:\/\/7ports.com.br\/wp-content\/uploads\/2022\/02\/Imagem2.jpg\" alt=\"\" class=\"wp-image-7004\" srcset=\"https:\/\/7ports.com.br\/wp-content\/uploads\/2022\/02\/Imagem2.jpg 647w, https:\/\/7ports.com.br\/wp-content\/uploads\/2022\/02\/Imagem2-300x167.jpg 300w\" sizes=\"(max-width: 647px) 100vw, 647px\" \/><\/figure>\n\n\n\n<figure class=\"wp-block-image size-full\"><img decoding=\"async\" loading=\"lazy\" width=\"640\" height=\"360\" src=\"https:\/\/7ports.com.br\/wp-content\/uploads\/2022\/02\/emparedados-3.jpg\" alt=\"\" class=\"wp-image-7006\" srcset=\"https:\/\/7ports.com.br\/wp-content\/uploads\/2022\/02\/emparedados-3.jpg 640w, https:\/\/7ports.com.br\/wp-content\/uploads\/2022\/02\/emparedados-3-300x169.jpg 300w\" sizes=\"(max-width: 640px) 100vw, 640px\" \/><\/figure>\n\n\n\n<hr class=\"wp-block-separator is-style-wide\"\/>\n\n\n\n<h2 class=\"has-text-align-center wp-block-heading\" id=\"segundo-paredao-so-de-pipocas\">Segundo pared\u00e3o s\u00f3 de Pipocas!<\/h2>\n\n\n\n<h2 class=\"wp-block-heading\" id=\"bbb-22-o-segundo-eliminado-rodrigo-diz-acho-que-da-para-rever-muita-coisa\">BBB 22: O segundo eliminado, Rodrigo diz: &#8216;Acho que d\u00e1 para rever muita coisa&#8217;<\/h2>\n\n\n\n<figure class=\"wp-block-gallery has-nested-images columns-default is-cropped wp-block-gallery-1 is-layout-flex\">\n<figure class=\"wp-block-image size-full\"><img decoding=\"async\" loading=\"lazy\" width=\"653\" height=\"367\" data-id=\"6768\"  src=\"https:\/\/7ports.com.br\/wp-content\/uploads\/2022\/02\/Imagem35-1.jpg\" alt=\"\" class=\"wp-image-6768\" srcset=\"https:\/\/7ports.com.br\/wp-content\/uploads\/2022\/02\/Imagem35-1.jpg 653w, https:\/\/7ports.com.br\/wp-content\/uploads\/2022\/02\/Imagem35-1-300x169.jpg 300w\" sizes=\"(max-width: 653px) 100vw, 653px\" \/><figcaption><strong>Segundo Pared\u00e3o<\/strong><\/figcaption><\/figure>\n\n\n\n<figure class=\"wp-block-image size-full\"><img decoding=\"async\" loading=\"lazy\" width=\"300\" height=\"168\" data-id=\"6767\"  src=\"https:\/\/7ports.com.br\/wp-content\/uploads\/2022\/02\/image.jpeg\" alt=\"\" class=\"wp-image-6767\"\/><figcaption><strong>Eliminado: 38,5 % dos Votos apurados<\/strong><\/figcaption><\/figure>\n<\/figure>\n\n\n\n<p>Depois de anunciar quem foi o&nbsp;<a href=\"https:\/\/gshow.globo.com\/realities\/bbb\/bbb22\/tempo-real\/noticia\/quem-saiu-do-bbb-22-rodrigo-e-o-segundo-eliminado.ghtml\">segundo eliminado<\/a>&nbsp;do&nbsp;<a href=\"https:\/\/gshow.globo.com\/realities\/bbb\/bbb22\/\">BBB&nbsp;<\/a>22,&nbsp;<a href=\"http:\/\/gshow.globo.com\/artistas\/tadeu-schmidt\">Tadeu Schmidt<\/a>&nbsp;recebe&nbsp;<a href=\"https:\/\/gshow.globo.com\/artistas\/rodrigo-bbb22\">Rodrigo<\/a>&nbsp;no palco do programa. O apresentador pergunta ao brother como foi a sa\u00edda dele da casa mais vigiada do Brasil e fala: &#8220;A gente n\u00e3o pode dizer que voc\u00ea fugiu do jogo. Teve algum momento que percebeu que estava exagerando e esquecendo todo o resto?&#8221;.<\/p>\n\n\n\n<p>Ele diz: &#8220;\u00c0s vezes eu via alguns sinais. Acho que d\u00e1 para rever muita coisa. Mas eu fui na intui\u00e7\u00e3o, eu sou impulsivo.&#8221;<\/p>\n\n\n\n<p>Rodrigo segue falando sobre o que pode t\u00ea-lo prejudicado no jogo: &#8220;Eu errei, n\u00e3o sei. \u00c9 um jogo onde a gente pode errar, mas eu tentei. Tentei o que eu poderia fazer. Tentando jogar o jogo sem falar das pessoas ou mal pessoalmente de algu\u00e9m. Vou ver o que aconteceu&#8221;.https:\/\/158b6e9486403f3bbb5a6961d80f614c.safeframe.googlesyndication.com\/safeframe\/1-0-38\/html\/container.html<\/p>\n\n\n\n<p>Ent\u00e3o, Tadeu agradece ao brother e manda uma mensagem: &#8220;\u00c9 isso. Vai ver as coisas e espero que aprenda muito. A gente aprende muito com o&nbsp;<a href=\"https:\/\/gshow.globo.com\/realities\/bbb\/bbb22\/\">BBB<\/a>. Que voc\u00ea leve essa paix\u00e3o em tudo que faz e que isso te leve longe. Obrigado por participar do&nbsp;<a href=\"https:\/\/gshow.globo.com\/realities\/bbb\/bbb22\/\">BBB<\/a>&#8220;.<\/p>\n\n\n\n<hr class=\"wp-block-separator is-style-wide\"\/>\n\n\n\n<h2 class=\"has-text-align-center wp-block-heading\" id=\"primeiro-paredao\">Primeiro Pared\u00e3o<\/h2>\n\n\n\n<figure class=\"wp-block-gallery has-nested-images columns-default is-cropped wp-block-gallery-3 is-layout-flex\">\n<figure class=\"wp-block-image size-full\"><img decoding=\"async\" loading=\"lazy\" width=\"898\" height=\"576\" data-id=\"6772\"  src=\"https:\/\/7ports.com.br\/wp-content\/uploads\/2022\/02\/Primeiro-paredao-1.jpg\" alt=\"\" class=\"wp-image-6772\" srcset=\"https:\/\/7ports.com.br\/wp-content\/uploads\/2022\/02\/Primeiro-paredao-1.jpg 898w, https:\/\/7ports.com.br\/wp-content\/uploads\/2022\/02\/Primeiro-paredao-1-300x192.jpg 300w, https:\/\/7ports.com.br\/wp-content\/uploads\/2022\/02\/Primeiro-paredao-1-768x493.jpg 768w\" sizes=\"(max-width: 898px) 100vw, 898px\" \/><figcaption><strong>Primeiro Pared\u00e3o<\/strong><\/figcaption><\/figure>\n\n\n\n<figure class=\"wp-block-image size-full\"><img decoding=\"async\" loading=\"lazy\" width=\"573\" height=\"367\" data-id=\"6769\"  src=\"https:\/\/7ports.com.br\/wp-content\/uploads\/2022\/02\/Luciano.jpg\" alt=\"\" class=\"wp-image-6769\" srcset=\"https:\/\/7ports.com.br\/wp-content\/uploads\/2022\/02\/Luciano.jpg 573w, https:\/\/7ports.com.br\/wp-content\/uploads\/2022\/02\/Luciano-300x192.jpg 300w\" sizes=\"(max-width: 573px) 100vw, 573px\" \/><figcaption><strong>Luciano<\/strong> 49,8 % dos Votos apurados<\/figcaption><\/figure>\n<\/figure>\n\n\n\n<hr class=\"wp-block-separator is-style-wide\"\/>\n\n\n\n<hr class=\"wp-block-separator\"\/>\n\n\n\n<p><strong>Veja lista de participantes:<\/strong><\/p>\n\n\n\n<h2 class=\"wp-block-heading\" id=\"camarote\">Camarote<\/h2>\n\n\n\n<h2 class=\"wp-block-heading\" id=\"naiara-azevedo-cantora\">Naiara Azevedo &#8211; Cantora<\/h2>\n\n\n\n<figure class=\"wp-block-image\"><img decoding=\"async\" src=\"https:\/\/s2.glbimg.com\/qN2xxTuvib1kP74eHe6ir-xasjQ=\/0x0:1920x1080\/1008x0\/smart\/filters:strip_icc()\/i.s3.glbimg.com\/v1\/AUTH_59edd422c0c84a879bd37670ae4f538a\/internal_photos\/bs\/2022\/l\/S\/AcMAB5RTKlSBxxU2mAQw\/naiara-azevedo-bbb22.png\" alt=\"Naiara Azevedo, no 'BBB22' \u2014 Foto: Divulga\u00e7\u00e3o\"\/><\/figure>\n\n\n\n<p>Naiara Azevedo, no &#8216;BBB22&#8217; \u2014 Foto: Divulga\u00e7\u00e3o<\/p>\n\n\n\n<p>A cantora Naiara Azevedo, de 32 anos, nasceu na cidade de Farol, no interior do Paran\u00e1, mas hoje vive em Goi\u00e2nia. Criada no s\u00edtio da fam\u00edlia com tios, primos e av\u00f3s m\u00fasicos, teve, desde pequena, influ\u00eancia sertaneja. Em 2012, mudou-se para Londrina com o desejo de viver da m\u00fasica e, no ano seguinte gravou seu primeiro DVD. Alcan\u00e7ou o grande p\u00fablico em 2016 com o hit &#8220;50 reais&#8221;. Em 2018, participou do quadro &#8220;Show dos Famosos&#8221;, no &#8220;Doming\u00e3o do Faust\u00e3o&#8221;. No mesmo ano, foi indicada ao Grammy Latino na categoria de Melhor \u00c1lbum de M\u00fasica Sertaneja, por &#8220;Contraste&#8221;.<\/p>\n\n\n\n<ul><li><a href=\"https:\/\/g1.globo.com\/pop-arte\/tv-e-series\/noticia\/2022\/01\/15\/naiara-azevedo-chega-ao-bbb-com-12-musicas-prontas-faixa-com-marilia-mendonca-causa-polemica-com-irmao.ghtml\"><strong>Naiara Azevedo chega ao BBB com \u00e1lbum pronto; faixa com Mar\u00edlia Mendon\u00e7a causa pol\u00eamica<\/strong><\/a><\/li><\/ul>\n\n\n\n<p>A cantora conta que em fun\u00e7\u00e3o do jeito um tanto explosivo nunca pensou em ir para o &#8220;BBB&#8221;: &#8220;Sei que sou louca e meio descontrolada. Perigosa&#8221;, comenta aos risos. Naiara revela que a tirar do s\u00e9rio \u00e9 f\u00e1cil e adianta que n\u00e3o pensa antes de falar. Seja na Xepa ou no Vip, diz que os participantes ter\u00e3o a sorte de t\u00ea-la em seu grupo, j\u00e1 que um de seus hobbies \u00e9 cozinhar. Considera-se uma pessoa alto astral o tempo todo.<\/p>\n\n\n\n<h2 class=\"wp-block-heading\" id=\"tiago-abravanel-ator-e-apresentador\">Tiago Abravanel &#8211; Ator e apresentador<\/h2>\n\n\n\n<figure class=\"wp-block-image\"><img decoding=\"async\" src=\"https:\/\/s2.glbimg.com\/vOY4t3yAJv_Jz1zWMQy0uu30Sks=\/0x0:1920x1080\/1008x0\/smart\/filters:strip_icc()\/i.s3.glbimg.com\/v1\/AUTH_59edd422c0c84a879bd37670ae4f538a\/internal_photos\/bs\/2022\/F\/y\/uhCa33SVaxLKkPxC6bqA\/tiago-abravanel-bbb22.png\" alt=\"Tiago Abravanel, no 'BBB22' \u2014 Foto: Divulga\u00e7\u00e3o\"\/><\/figure>\n\n\n\n<p>Tiago Abravanel, no &#8216;BBB22&#8217; \u2014 Foto: Divulga\u00e7\u00e3o<\/p>\n\n\n\n<p>Ator, cantor, apresentador e empres\u00e1rio, Tiago Abravanel nasceu na capital paulista e tem 34 anos. De uma fam\u00edlia de artistas e neto de Silvio Santos, iniciou a carreira no teatro aos 17 anos. Nos palcos, atuou em musicais como &#8220;TeenBroadway&#8221;, &#8220;Miss Saigon&#8221;, &#8220;Haispray&#8221;, &#8220;Tim Maia \u2013 Vale Tudo&#8221;, &#8220;Meu Amigo, Charlie Brown&#8221; e outros. Estreou nas novelas da TV Globo em 2012, com um papel em &#8220;Salve Jorge&#8221;. Participou ainda de atra\u00e7\u00f5es como &#8220;Dan\u00e7a dos Famosos&#8221; (d\u00e9cima temporada) e &#8220;Popstar&#8221;.<\/p>\n\n\n\n<ul><li><strong>Tiago Abravanel no &#8216;BBB22&#8217;:<\/strong>&nbsp;<a href=\"https:\/\/g1.globo.com\/pop-arte\/tv-e-series\/noticia\/2022\/01\/14\/tiago-abravanel-no-bbb22-ator-cantor-e-dancarino-se-consagrou-ao-interpretar-tim-maia-nos-palcos.ghtml\">ator, cantor e dan\u00e7arino se consagrou ao interpretar Tim Maia nos palcos<\/a><\/li><\/ul>\n\n\n\n<p>Com seu jeito animado, Tiago destaca que gosta muito de dan\u00e7ar e cantar. Considera-se uma pessoa amiga e carinhosa. Apaixonado pelo &#8220;Big Brother Brasil&#8221;, opina que \u00e9 um programa feito para jogar: &#8220;&#8216;BBB&#8217; n\u00e3o \u00e9 sobre precisar, \u00e9 sobre querer. E eu quero muito&#8221;. Ressalta que, enquanto espectador, \u00e9 fascinado pelo reality, gosta da conviv\u00eancia e de ficar 24 horas ligado na telinha.<\/p>\n\n\n\n<h2 class=\"wp-block-heading\" id=\"linn-da-quebrada-cantora-e-atriz\">Linn da Quebrada &#8211; cantora e atriz<\/h2>\n\n\n\n<figure class=\"wp-block-image\"><img decoding=\"async\" src=\"https:\/\/s2.glbimg.com\/hesE4UXBpyBn5Goxqr8RPwWjygU=\/0x0:1920x1080\/1008x0\/smart\/filters:strip_icc()\/i.s3.glbimg.com\/v1\/AUTH_59edd422c0c84a879bd37670ae4f538a\/internal_photos\/bs\/2022\/q\/j\/jy2pycSdyn5QwvSAsLcw\/linn-da-quebrada-bbb22.png\" alt=\"Linn da Quebrada, do 'BBB22' \u2014 Foto: Divulga\u00e7\u00e3o\"\/><\/figure>\n\n\n\n<p>Linn da Quebrada, do &#8216;BBB22&#8217; \u2014 Foto: Divulga\u00e7\u00e3o<\/p>\n\n\n\n<p>A cantora Linn da Quebrada tem 31 anos e nasceu na capital de S\u00e3o Paulo, mas cresceu no interior do estado. Sua primeira m\u00fasica autoral foi lan\u00e7ada em 2016, com o t\u00edtulo &#8220;Enviadescer&#8221;, e logo ap\u00f3s vieram outros singles de sucesso. Em 2019, estreou como atriz na s\u00e9rie da TV Globo &#8220;Segunda Chamada&#8221;, interpretando Natasha, e \u00e9 tamb\u00e9m apresentadora do programa &#8216;TransMiss\u00e3o&#8217;, do Canal Brasil.<\/p>\n\n\n\n<ul><li><strong>Linn da Quebrada no &#8216;BBB22&#8217;:<\/strong>&nbsp;<a href=\"https:\/\/g1.globo.com\/pop-arte\/tv-e-series\/noticia\/2022\/01\/14\/linn-da-quebrada-no-bbb22-cantora-atriz-e-apresentadora-e-referencia-na-comunidade-lgbtqia.ghtml\">Cantora, atriz e apresentadora \u00e9 refer\u00eancia na comunidade LGBTQIA+<\/a><\/li><\/ul>\n\n\n\n<p>Linn diz que gosta muito de escrever e suas composi\u00e7\u00f5es t\u00eam um objetivo importante: &#8220;Canto na inten\u00e7\u00e3o de ouvir aquilo que n\u00e3o ouvia antes. E eu sou uma exce\u00e7\u00e3o. A grande maioria das travestis n\u00e3o tem a possibilidade de trabalhar, de atuar, de ter dignidade na sociedade&#8221;.<\/p>\n\n\n\n<p>Convidada para entrar no grupo Camarote do BBB 22, revela que, antes da fama, j\u00e1 quis se inscrever no programa. Com isso, est\u00e1 animada para participar e ainda observa que s\u00e3o dois jogos acontecendo ao mesmo tempo: a conviv\u00eancia com os demais participantes e a rela\u00e7\u00e3o com o p\u00fablico.<\/p>\n\n\n\n<h2 class=\"wp-block-heading\" id=\"douglas-silva-ator\">Douglas Silva &#8211; Ator<\/h2>\n\n\n\n<figure class=\"wp-block-image\"><img decoding=\"async\" src=\"https:\/\/s2.glbimg.com\/OzwMusNawBS5kgtzVvPeuogs4iM=\/0x0:1920x1080\/1008x0\/smart\/filters:strip_icc()\/i.s3.glbimg.com\/v1\/AUTH_59edd422c0c84a879bd37670ae4f538a\/internal_photos\/bs\/2022\/c\/l\/AZs8a1QbGoRI4T6QAtXA\/douglas-silva-bbb22.png\" alt=\"Douglas Silva, do 'BBB22' \u2014 Foto: Divulga\u00e7\u00e3o\"\/><\/figure>\n\n\n\n<p>Douglas Silva, do &#8216;BBB22&#8217; \u2014 Foto: Divulga\u00e7\u00e3o<\/p>\n\n\n\n<p>Com 33 anos e nascido no Rio de Janeiro, Douglas Silva ficou conhecido pelo personagem Dadinho, na fase da inf\u00e2ncia, no filme &#8220;Cidade de Deus&#8221; (2002) \u2013 longa que recebeu quatro indica\u00e7\u00f5es ao Oscar em 2004. O ator tamb\u00e9m ganhou notoriedade ao dar vida a Acerola na s\u00e9rie &#8220;Cidade dos Homens&#8221;, trabalho que lhe rendeu uma indica\u00e7\u00e3o ao Emmy Internacional e que depois foi adaptado para o cinema.<\/p>\n\n\n\n<ul><li><strong>Douglas Silva no &#8216;BBB22&#8217;:&nbsp;<\/strong><a href=\"https:\/\/g1.globo.com\/pop-arte\/tv-e-series\/noticia\/2022\/01\/14\/douglas-silva-no-bbb22-ator-surgiu-como-dadinho-cresceu-como-acerola-e-foi-indicado-ao-emmy.ghtml\">ator surgiu como Dadinho, cresceu como Acerola e foi indicado ao Emmy<\/a><\/li><\/ul>\n\n\n\n<p>Douglas diz que \u00e9 &#8220;gente como a gente&#8221;. Considera-se um cara divertido, alto astral e prestativo. Criado no Complexo da Mar\u00e9 pela m\u00e3e e pela av\u00f3, conta que teve uma inf\u00e2ncia feliz apesar das dificuldades. Casado h\u00e1 13 anos, ele tem duas filhas e afirma que suas decis\u00f5es s\u00e3o tomadas sempre pensando na fam\u00edlia. Justamente por isso, aceitou o convite para participar do reality. &#8220;Prezo pela paz, detesto discutir, mas depois que entro [em uma briga], \u00e9 dif\u00edcil sair&#8221;, analisa ele.<\/p>\n\n\n\n<h2 class=\"wp-block-heading\" id=\"jade-picon-empresaria-e-influencer\">Jade Picon &#8211; Empres\u00e1ria e influencer<\/h2>\n\n\n\n<figure class=\"wp-block-image\"><img decoding=\"async\" src=\"https:\/\/s2.glbimg.com\/9t8i32bEYXNnAHdoNR23wXZuJb0=\/0x0:1920x1080\/1008x0\/smart\/filters:strip_icc()\/i.s3.glbimg.com\/v1\/AUTH_59edd422c0c84a879bd37670ae4f538a\/internal_photos\/bs\/2022\/P\/T\/mj7HndSESIojV8RETgNA\/jade-picon-bbb22.png\" alt=\"Jade Picon, do 'BBB22' \u2014 Foto: Divulga\u00e7\u00e3o\"\/><\/figure>\n\n\n\n<p>Jade Picon, do &#8216;BBB22&#8217; \u2014 Foto: Divulga\u00e7\u00e3o<\/p>\n\n\n\n<p>A influenciadora digital e empres\u00e1ria Jade Picon tem 20 anos e nasceu na cidade de S\u00e3o Paulo, onde mora atualmente. Celebridade na internet, come\u00e7ou aos 9 anos no meio e re\u00fane em suas contas nas redes sociais mais de 20 milh\u00f5es de seguidores, com quem compartilha conte\u00fados de moda, beleza, lifestyle, m\u00fasica, fam\u00edlia, viagens, entre outros temas.<\/p>\n\n\n\n<ul><li><strong>Jade Picon no &#8216;BBB20&#8217;:<\/strong>&nbsp;<a href=\"https:\/\/g1.globo.com\/pop-arte\/tv-e-series\/noticia\/2022\/01\/14\/bbb22-jade-picon-e-influenciadora-empresaria-e-tem-mais-de-137-milhoes-de-seguidores-no-instagram.ghtml\">Influenciadora e empres\u00e1ria, tem quase 14 milh\u00f5es de seguidores no Instagram<\/a><\/li><\/ul>\n\n\n\n<p>Solteira, diz que \u00e9 seletiva no quesito relacionamento. N\u00e3o se considera &#8220;pegadora&#8221;, mas muito animada. Em contato com outras pessoas, afirma que gosta de conversar e, com sua sinceridade, prefere deixar tudo bem resolvido. Percebe-se como uma jovem curiosa e teimosa e diz buscar sempre o equil\u00edbrio. Ela tamb\u00e9m ressalta sua energia para mergulhar no game que \u00e9 o &#8220;BBB&#8221;. &#8220;Eu gosto de um desafio, sou uma pessoa disciplinada e me sinto pronta para o jogo no &#8216;BBB'&#8221;. Frisa que nunca foi cancelada na internet e espera n\u00e3o ser agora.<\/p>\n\n\n\n<h2 class=\"wp-block-heading\" id=\"maria-atriz-e-cantora\"><strong>Maria &#8211; Atriz e cantora<\/strong><\/h2>\n\n\n\n<p>Maria, do &#8216;BBB22&#8217; \u2014 Foto: Divulga\u00e7\u00e3o<\/p>\n\n\n\n<p>A atriz e cantora&nbsp;<a href=\"https:\/\/g1.globo.com\/pop-arte\/noticia\/2020\/02\/20\/maria-fala-sobre-cantar-e-atuar-em-amor-de-mae-duvidei-da-minha-capacidade-no-inicio.ghtml\">Maria<\/a>&nbsp;nasceu no Rio de Janeiro e tem 21 anos. Muita gente n\u00e3o sabe, mas seu nome \u00e9 Vit\u00f3ria. Em carreira solo, tem singles que contam com milh\u00f5es de visualiza\u00e7\u00f5es nas redes sociais e suas composi\u00e7\u00f5es falam sobre empoderamento feminino, supera\u00e7\u00e3o e relacionamentos. Apresentou-se na \u00faltima edi\u00e7\u00e3o do Rock in Rio, em 2019.<\/p>\n\n\n\n<p>Como atriz, ganhou destaque ao interpretar Verena na novela &#8220;Amor de M\u00e3e&#8221;, em 2019. Desde crian\u00e7a, sonhava em seguir a carreira art\u00edstica. Aos 7 anos, come\u00e7ou no teatro e o reconhecimento como cantora veio aos 17. Interrompeu os estudos cedo, mas pretende retom\u00e1-los.<\/p>\n\n\n\n<ul><li><strong>Maria no &#8216;BBB22&#8217;:<\/strong>&nbsp;<a href=\"https:\/\/g1.globo.com\/pop-arte\/tv-e-series\/noticia\/2022\/01\/14\/maria-do-bbb22-ficou-conhecida-na-musica-pela-poesia-acustica-e-na-tv-em-amor-de-mae.ghtml\">conhecida na m\u00fasica pela &#8216;Poesia Ac\u00fastica&#8217; e na TV em &#8216;Amor de m\u00e3e&#8217;<\/a><\/li><\/ul>\n\n\n\n<p>Maria conta que n\u00e3o aproveitou muito a adolesc\u00eancia e, nos \u00faltimos anos de pandemia, tamb\u00e9m n\u00e3o conseguiu se divertir. Por isso, no Big Brother Brasil, quer recuperar o tempo perdido e se jogar nas festas. &#8220;Sou livre!&#8221;, destaca. Vegetariana, afirma que o que a tira do s\u00e9rio \u00e9 o desperd\u00edcio de comida. Revela que sua personalidade pode ajud\u00e1-la na conviv\u00eancia com os brothers e sisters: &#8220;Ganho s\u00f3 no deboche, na paci\u00eancia&#8221;.<\/p>\n\n\n\n<h2 class=\"wp-block-heading\" id=\"brunna-goncalves-bailarina-e-influencer\">Brunna Gon\u00e7alves &#8211; Bailarina e influencer<\/h2>\n\n\n\n<p>Brunna Gon\u00e7alves, do &#8216;BBB22&#8217; \u2014 Foto: Divulga\u00e7\u00e3o<\/p>\n\n\n\n<p>A bailarina e influenciadora digital&nbsp;<a href=\"https:\/\/g1.globo.com\/pop-arte\/tv-e-series\/noticia\/2022\/01\/14\/brunna-goncalves-no-bbb22-dancarina-e-casada-com-ludmilla-e-trabalha-como-influenciadora-digital.ghtml\">Brunna Gon\u00e7alves<\/a>&nbsp;tem 30 anos e nasceu em Nil\u00f3polis, no Rio de Janeiro. Come\u00e7ou a dan\u00e7ar aos 15 anos e chegou a morar nos Estados Unidos para viver de sua arte. Desde 2015, produz conte\u00fado para as redes sociais, principalmente ligado a assuntos de beleza. Integra o corpo de bal\u00e9 da cantora&nbsp;<a href=\"https:\/\/g1.globo.com\/tudo-sobre\/ludmilla\/\">Ludmilla<\/a>, com quem \u00e9 casada. Diz que nunca imaginou que fosse se casar, mas desde que viu a esposa, soube que seria com ela.<\/p>\n\n\n\n<ul><li><strong>Brunna Gon\u00e7alves no &#8216;BBB22&#8217;:<\/strong>&nbsp;<a href=\"https:\/\/g1.globo.com\/pop-arte\/tv-e-series\/noticia\/2022\/01\/14\/brunna-goncalves-no-bbb22-dancarina-e-casada-com-ludmilla-e-trabalha-como-influenciadora-digital.ghtml\">bailarina \u00e9 casada com Ludmilla e trabalha como influenciadora digita<\/a>l<\/li><\/ul>\n\n\n\n<figure class=\"wp-block-image\"><img decoding=\"async\" src=\"https:\/\/s2.glbimg.com\/kkYEWV62vYfG-8R-Lub4Va752Cc=\/0x0:1024x683\/984x0\/smart\/filters:strip_icc()\/i.s3.glbimg.com\/v1\/AUTH_59edd422c0c84a879bd37670ae4f538a\/internal_photos\/bs\/2019\/C\/5\/mBviHwQiKLD2cEIXEBOQ\/ludmilla-brunna-2-.jpeg\" alt=\"Ludmilla e Brunna Gon\u00e7alves posam no Rock in Rio 2019 \u2014 Foto: Marcos Serra Lima\/G1\"\/><\/figure>\n\n\n\n<p>Ludmilla e Brunna Gon\u00e7alves posam no Rock in Rio 2019 \u2014 Foto: Marcos Serra Lima\/G1<\/p>\n\n\n\n<p>Conta ter tido poucas oportunidades na vida, mas as agarrou com muita disposi\u00e7\u00e3o: \u201cNingu\u00e9m tira o meu foco\u201d, comenta. Sem medo de se aventurar, topou o convite para fazer parte do elenco do Big Brother Brasil sem pestanejar. BBBman\u00edaca, diz ser viciada no reality: \u201cN\u00e3o durmo, sou aquela que vejo as pessoas dormindo\u201d, conta sobre a experi\u00eancia como espectadora. Brunna j\u00e1 esteve na casa do BBB a trabalho, durante show de&nbsp;<a href=\"https:\/\/g1.globo.com\/tudo-sobre\/ludmilla\/\">Ludmilla<\/a>&nbsp;para os brothers. Agora, do outro lado, a participante est\u00e1 ansiosa para conhecer a nova casa, onde vai morar por algum tempo.<\/p>\n\n\n\n<h2 class=\"wp-block-heading\" id=\"paulo-andre-atleta-olimpico\">Paulo Andr\u00e9 &#8211; Atleta ol\u00edmpico<\/h2>\n\n\n\n<figure class=\"wp-block-image\"><img decoding=\"async\" src=\"https:\/\/s2.glbimg.com\/aleLORzdp_1TYsNKajtxqebZp4M=\/0x0:1920x1080\/1008x0\/smart\/filters:strip_icc()\/i.s3.glbimg.com\/v1\/AUTH_59edd422c0c84a879bd37670ae4f538a\/internal_photos\/bs\/2022\/q\/W\/jbXoaBRGKL80oFZ7AtpA\/paulo-andre-camilo-bbb22.png\" alt=\"Paulo Andr\u00e9, do 'BBB22' \u2014 Foto: Divulga\u00e7\u00e3o\"\/><\/figure>\n\n\n\n<p>Paulo Andr\u00e9, do &#8216;BBB22&#8217; \u2014 Foto: Divulga\u00e7\u00e3o<\/p>\n\n\n\n<p>Natural de Santo Andr\u00e9, S\u00e3o Paulo,&nbsp;<a href=\"https:\/\/g1.globo.com\/pop-arte\/tv-e-series\/noticia\/2022\/01\/14\/bbb22-paulo-andre-e-estrela-do-atletismo-tem-23-anos-e-e-amante-da-velocidade-e-dos-prazeres-da-vida.ghtml\">Paulo Andr\u00e9<\/a>&nbsp;tem 23 anos e \u00e9 atleta ol\u00edmpico. Filho do ex-velocista Carlos Jos\u00e9 Camilo de Oliveira, que representou o Brasil em competi\u00e7\u00f5es nos anos 80, come\u00e7ou no atletismo no projeto de inicia\u00e7\u00e3o esportiva montado pelo pai em Vila Velha, Esp\u00edrito Santo. J\u00e1 guarda t\u00edtulos de grande relev\u00e2ncia no esporte: chegou \u00e0 semifinal dos Jogos Ol\u00edmpicos de T\u00f3quio nos 100 metros; foi pentacampe\u00e3o do Trof\u00e9u Brasil de Atletismo nos 100 metros; medalha de prata nos 100 metros nos Jogos Pan-Americanos de Lima 2019; e ouro no revezamento 4x100m rasos pelo Brasil na mesma competi\u00e7\u00e3o. Nesta \u00faltima modalidade, tamb\u00e9m foi respons\u00e1vel por fechar a prova e garantir o ouro para o pa\u00eds no Mundial de Revezamentos de 2019, realizado em Yokohama, no Jap\u00e3o.<\/p>\n\n\n\n<ul><li><strong>Paulo Andr\u00e9 no &#8216;BBB22&#8217;:<\/strong>&nbsp;<a href=\"https:\/\/g1.globo.com\/pop-arte\/tv-e-series\/noticia\/2022\/01\/14\/bbb22-paulo-andre-e-estrela-do-atletismo-tem-23-anos-e-e-amante-da-velocidade-e-dos-prazeres-da-vida.ghtml\">Estrela do atletismo tem 23 anos e \u00e9 \u2018amante da velocidade e dos prazeres da vida\u2019<\/a><\/li><\/ul>\n\n\n\n<p>Amante da velocidade e com sangue competitivo, Paulo se considera movido a desafios e novas experi\u00eancias. O atleta, que est\u00e1 habituado a lidar com situa\u00e7\u00f5es de press\u00e3o, diz ser \u201ctranquilo, low profile\u201d. Mas afirma que manter a estrat\u00e9gia diante da conviv\u00eancia pode ser um obst\u00e1culo: \u201cJogar o jogo eu acho que vou conseguir, mas jogar com as pessoas vai ser meu principal desafio\u201d, avalia. Estar bem vestido tamb\u00e9m \u00e9 uma preocupa\u00e7\u00e3o; gosta de apostar em looks criativos e ousados.<\/p>\n\n\n\n<figure class=\"wp-block-embed\"><div class=\"wp-block-embed__wrapper\">\nhttps:\/\/imasdk.googleapis.com\/js\/core\/bridge3.496.0_pt_br.html#goog_816812785&#8211;:&#8211;\/&#8211;:&#8211;\n<\/div><\/figure>\n\n\n\n<p>Acad\u00eamicos do BBB: Como um vil\u00e3o do BBB se torna vil\u00e3o do BBB?<\/p>\n\n\n\n<h2 class=\"wp-block-heading\" id=\"pedro-scooby-surfista\">Pedro Scooby &#8211; Surfista<\/h2>\n\n\n\n<figure class=\"wp-block-image\"><img decoding=\"async\" src=\"https:\/\/s2.glbimg.com\/TqWA-M_GF26fJQfuN7czysMVtnM=\/0x0:1920x1080\/1008x0\/smart\/filters:strip_icc()\/i.s3.glbimg.com\/v1\/AUTH_59edd422c0c84a879bd37670ae4f538a\/internal_photos\/bs\/2022\/n\/I\/9knerlTeyYEIYj7BzDGA\/pedro-scooby-bbb22.png\" alt=\"Pedro Scooby, do 'BBB22' \u2014 Foto: Divulga\u00e7\u00e3o\"\/><\/figure>\n\n\n\n<p>Pedro Scooby, do &#8216;BBB22&#8217; \u2014 Foto: Divulga\u00e7\u00e3o<\/p>\n\n\n\n<p>O surfista Pedro Scooby tem 33 anos e \u00e9 natural do Rio de Janeiro (RJ), cidade pela qual \u00e9 apaixonado. Ganhou o apelido Scooby em fun\u00e7\u00e3o da semelhan\u00e7a com o personagem do desenho animado \u201cScooby Doo\u201d. Iniciado no esporte aos 5 anos, \u00e9 adepto do free surf e um dos principais nomes das ondas gigantes no mundo. Pai de tr\u00eas filhos, \u00e9 casado e percorre o mundo atr\u00e1s de desafios em seu lugar preferido, o mar. Foi eleito por uma revista como o melhor freesurfer de 2012 e, no mesmo ano, ganhou o pr\u00eamio de melhor tubo, por um swell hist\u00f3rico no Taiti, em uma outra premia\u00e7\u00e3o. Ainda em 2012, participou do reality \u2018Nas Ondas\u2019, exibido no \u2018Esporte Espetacular\u2019. E em 2014, ganhou uma s\u00e9rie no canal OFF, chamada \u2018Pedro Vai Pro Mar\u2019, na qual mostra sua rotina de viagens, aventuras e muito surfe.<\/p>\n\n\n\n<ul><li><strong>Pedro Scooby no &#8216;BBB22&#8217;:<\/strong>&nbsp;<a href=\"https:\/\/g1.globo.com\/pop-arte\/tv-e-series\/noticia\/2022\/01\/14\/pedro-scooby-no-bbb22-surfista-e-mestre-em-ondas-gigantes-e-ex-de-luana-piovani-e-de-anitta.ghtml\">surfista \u00e9 mestre em ondas gigantes e ex de Luana Piovani e de Anitta<\/a><\/li><\/ul>\n\n\n\n<p>Acostumado a encarar grandes desafios, Scooby avalia que o mais importante \u00e9 ter o p\u00e9 no ch\u00e3o, amor no cora\u00e7\u00e3o e estar cercado de pessoas que o amam. No Big Brother Brasil, assim como na vida, ele adianta que n\u00e3o vai levar o esp\u00edrito competitivo. \u201cSou um cara que gosta de viver\u201d, afirma. Habituado \u00e0 liberdade, os limites do confinamento podem incomod\u00e1-lo. Mas as festas ser\u00e3o momentos de muita divers\u00e3o para ele, que diz ser da noitada e adianta que gosta de curtir.<\/p>\n\n\n\n<h2 class=\"wp-block-heading\" id=\"arthur-aguiar-ator-e-cantor\">Arthur Aguiar &#8211; Ator e cantor<\/h2>\n\n\n\n<figure class=\"wp-block-image\"><img decoding=\"async\" src=\"https:\/\/s2.glbimg.com\/z6AGl0EsVXIfG5L5Rj-lIFproWI=\/0x0:1280x720\/1008x0\/smart\/filters:strip_icc()\/i.s3.glbimg.com\/v1\/AUTH_59edd422c0c84a879bd37670ae4f538a\/internal_photos\/bs\/2022\/y\/D\/gWpvvYSCe311wYUKbBBg\/arthur-aguiar.jpeg\" alt=\"Arthur Aguiar, do 'BBB22' \u2014 Foto: Divulga\u00e7\u00e3o\"\/><\/figure>\n\n\n\n<p>Arthur Aguiar, do &#8216;BBB22&#8217; \u2014 Foto: Divulga\u00e7\u00e3o<\/p>\n\n\n\n<p>O ator e cantor&nbsp;<a href=\"https:\/\/g1.globo.com\/pop-arte\/tv-e-series\/noticia\/2022\/01\/14\/arthur-aguiar-no-bbb22-ator-tambem-e-atleta-cantor-e-tem-relacao-conturbada-com-mayra-cardi.ghtml\">Arthur Aguiar<\/a>&nbsp;nasceu na capital do Rio de Janeiro e tem 32 anos. Antes de iniciar a carreira art\u00edstica, foi atleta profissional de nata\u00e7\u00e3o por dez anos, quando conquistou medalhas e t\u00edtulos em competi\u00e7\u00f5es nacionais. Aos 19 anos, deixou as piscinas para se dedicar ao teatro. Trabalhou com Domingos de Oliveira na pe\u00e7a \u201cOs Melhores Anos de Nossas Vidas\u201d. Depois realizou diversos trabalhos na televis\u00e3o e na m\u00fasica, como cantor. Integrou as bandas Rebeldes e F.U.S.S.C.A e tem can\u00e7\u00f5es gravadas em carreira solo. Na TV Globo, atuou nas novelas &#8220;Em Fam\u00edlia&#8221;, &#8220;Malha\u00e7\u00e3o Sonhos&#8221;, &#8220;\u00cata Mundo Bom!&#8221;, &#8220;O Outro Lado do Para\u00edso&#8221;, entre outras participa\u00e7\u00f5es especiais. Esteve ainda no elenco da 12\u00aa temporada da \u2018Dan\u00e7a dos Famosos\u2019 e da \u2018Super Dan\u00e7a dos Famosos\u2019.<\/p>\n\n\n\n<ul><li><strong>Arthur Aguiar no &#8216;BBB22&#8217;<\/strong>:&nbsp;<a href=\"https:\/\/g1.globo.com\/pop-arte\/tv-e-series\/noticia\/2022\/01\/14\/arthur-aguiar-no-bbb22-ator-tambem-e-atleta-cantor-e-tem-relacao-conturbada-com-mayra-cardi.ghtml\">ator e cantor foi nadador e tem rela\u00e7\u00e3o conturbada com Mayra Cardi<\/a><\/li><\/ul>\n\n\n\n<p>Arthur conta que se sentiu privilegiado ao receber o convite para integrar o Camarote do BBB 22. Pai de uma menina de 3 anos, ele j\u00e1 adianta o que pretende fazer com as recompensas que o programa pode proporcionar: \u201cQuero entregar tudo o que puder para a minha fam\u00edlia\u201d, destaca. A conviv\u00eancia com os outros brothers pode n\u00e3o ser t\u00e3o f\u00e1cil, j\u00e1 que se considera teimoso e sistem\u00e1tico. Ele revela ainda que costuma guardar seus sentimentos. O ex-atleta de nata\u00e7\u00e3o j\u00e1 anuncia sua disposi\u00e7\u00e3o para o game: \u201cS\u00f3 caio na \u00e1gua para ganhar\u201d, aposta.<\/p>\n\n\n\n<h2 class=\"wp-block-heading\" id=\"pipoca\">Pipoca<\/h2>\n\n\n\n<h2 class=\"wp-block-heading\" id=\"vinicius-bacharel-em-direito\">Vinicius &#8211; Bacharel em direito<\/h2>\n\n\n\n<figure class=\"wp-block-image\"><img decoding=\"async\" src=\"https:\/\/s2.glbimg.com\/n66-03JsZbVaL4ENlJJ44-1W72Q=\/0x0:1920x1080\/1008x0\/smart\/filters:strip_icc()\/i.s3.glbimg.com\/v1\/AUTH_59edd422c0c84a879bd37670ae4f538a\/internal_photos\/bs\/2022\/v\/m\/OITnOSShmH6pqNQXcMIA\/vinicius-bbb22.png\" alt=\"Vinicius, do 'BBB22' \u2014 Foto: Divulga\u00e7\u00e3o\"\/><\/figure>\n\n\n\n<p>Vinicius, do &#8216;BBB22&#8217; \u2014 Foto: Divulga\u00e7\u00e3o<\/p>\n\n\n\n<p>Vinicius tem 23 anos e nasceu em Crato, Cear\u00e1. Mora com o pai, a av\u00f3 materna e tia em uma pens\u00e3o da fam\u00edlia. Desde crian\u00e7a \u00e9 bagunceiro; estava sempre na diretoria da escola por aprontar. Apesar disso, sempre foi muito dedicado e tirava notas altas. Desde muito jovem se virava para ajudar em casa: vendia doces, atuava como professor particular, monitor de col\u00e9gio p\u00fablico e at\u00e9 cantor de vel\u00f3rio. \u00c9 bacharel em Direito, mas n\u00e3o pretende advogar. Trabalha no restaurante da fam\u00edlia e faz v\u00eddeos para ganhar uma renda extra nas redes sociais. Conta que usa hist\u00f3rias tristes para fazer humor.<\/p>\n\n\n\n<p>Vinicius pensa r\u00e1pido e tem resposta para tudo: \u201cPara discutir comigo \u00e9 bom vir com \u00e1gua e um banquinho, porque n\u00e3o arrego\u201d, comenta. Incomoda-se quando dizem mentiras a seu respeito. Deixa claro que n\u00e3o gosta de frescura e n\u00e3o atura gente arrogante. Gosta de movimentar coisas boas, mas, se precisar, movimenta as ruins tamb\u00e9m: \u201cN\u00e3o sou fofoqueiro, sou consumidor de fofoca&#8221;, avalia. Conta que tem esp\u00edrito aventureiro, aprecia o novo e n\u00e3o tem medo de nada. No BBB, deve ser competitivo como \u00e9 na vida do lado de fora.<\/p>\n\n\n\n<h2 class=\"wp-block-heading\" id=\"natalia-modelo-e-designer-de-unhas\">Nat\u00e1lia &#8211; Modelo e designer de unhas<\/h2>\n\n\n\n<figure class=\"wp-block-image\"><img decoding=\"async\" src=\"https:\/\/s2.glbimg.com\/sFoHUNKgXbYNyqBIZW2--mTxYVU=\/0x0:1920x1080\/1008x0\/smart\/filters:strip_icc()\/i.s3.glbimg.com\/v1\/AUTH_59edd422c0c84a879bd37670ae4f538a\/internal_photos\/bs\/2022\/y\/p\/Yd9Z3KRbqiVknIFIW27Q\/natalia-bbb22.png\" alt=\"Nat\u00e1lia, do 'BBB22' \u2014 Foto: Divulga\u00e7\u00e3o\"\/><\/figure>\n\n\n\n<p>Nat\u00e1lia, do &#8216;BBB22&#8217; \u2014 Foto: Divulga\u00e7\u00e3o<\/p>\n\n\n\n<p>A mineira&nbsp;<a href=\"https:\/\/g1.globo.com\/mg\/minas-gerais\/noticia\/2022\/01\/14\/mineira-escolhida-no-bbb-e-designer-de-unhas-em-bh-e-usa-as-redes-sociais-para-falar-sobre-vitiligo.ghtml\">Nat\u00e1lia&nbsp;<\/a>tem 22 anos e mora em Belo Horizonte. Modelo e designer de unhas, come\u00e7ou a trabalhar aos 9 anos de idade e nunca mais parou. Durante a pandemia, voltou a trabalhar com a m\u00e3e no sal\u00e3o de beleza, mas seu grande sonho \u00e9 ser atriz. Considera-se uma \u201ccapricorniana nata\u201d e diz que se orgulha muito da mulher independente que se tornou. \u201cEu tenho 22 anos e j\u00e1 vivi muitas coisas que uma mulher de 30 n\u00e3o viveu. Nada na minha vida foi f\u00e1cil, sempre foi dif\u00edcil, mas no final dava certo\u201d. Afirma que demorou para entender quem era, mas hoje tem uma boa autoestima.<\/p>\n\n\n\n<ul><li><strong>Nat\u00e1lia Deodato no &#8216;BBB22&#8217;<\/strong>:&nbsp;<a href=\"https:\/\/g1.globo.com\/mg\/minas-gerais\/noticia\/2022\/01\/14\/mineira-escolhida-no-bbb-e-designer-de-unhas-em-bh-e-usa-as-redes-sociais-para-falar-sobre-vitiligo.ghtml\">Mineira \u00e9 designer de unhas em BH e usa as redes sociais para falar sobre vitiligo<\/a><\/li><\/ul>\n\n\n\n<p>Diz ser uma pessoa observadora e afirma que se posiciona sempre que precisa, principalmente em situa\u00e7\u00f5es que considera desrespeitosas. Gosta de conhecer novos lugares e adora samba e funk. Lideran\u00e7a e poder s\u00e3o coisas que gosta de ter. Desde os 18 anos, se inscreve para participar do BBB e agora vai realizar esse sonho. No jogo diz que faz o estilo competitiva e fala que nada pode intimid\u00e1-la. Solteira, diz que est\u00e1 \u201ctocando o gado\u201d. N\u00e3o busca um relacionamento por agora, mas est\u00e1 se permitindo conhecer pessoas.<\/p>\n\n\n\n<h2 class=\"wp-block-heading\" id=\"rodrigo-gerente-comercial\">Rodrigo &#8211; Gerente comercial<\/h2>\n\n\n\n<figure class=\"wp-block-image\"><img decoding=\"async\" src=\"https:\/\/s2.glbimg.com\/2qnEXQ9Ul_qUq4rc8YO-PlRGolc=\/0x0:1280x720\/1008x0\/smart\/filters:strip_icc()\/i.s3.glbimg.com\/v1\/AUTH_59edd422c0c84a879bd37670ae4f538a\/internal_photos\/bs\/2022\/q\/p\/vScKkQSyyaxHnOIXRjYA\/rodrigo.jpeg\" alt=\"Rodrigo, do 'BBB22' \u2014 Foto: Divulga\u00e7\u00e3o\"\/><\/figure>\n\n\n\n<p>Rodrigo, do &#8216;BBB22&#8217; \u2014 Foto: Divulga\u00e7\u00e3o<\/p>\n\n\n\n<p>Rodrigo tem 36 anos e \u00e9 natural de S\u00e3o Jos\u00e9 dos Campos, interior de S\u00e3o Paulo. Formado em Administra\u00e7\u00e3o, trabalha como gerente comercial. Aos 18 anos foi morar sozinho e j\u00e1 morou na Austr\u00e1lia. Ficou no exterior por tr\u00eas anos e trabalhou como pedreiro, modelo e jogador de futebol pela universidade onde cursou p\u00f3s-gradua\u00e7\u00e3o em Marketing. Em 2017 voltou para o Brasil para come\u00e7ar do zero. Entrou para a ind\u00fastria farmac\u00eautica, e como se destacou, foi chamado para ser gerente multinacional. Orgulha-se de sua hist\u00f3ria de vida e de ter conquistado tudo sozinho. \u201cEu acordo todos os dias para dar certo, n\u00e3o tenho op\u00e7\u00e3o de dar errado\u201d.<\/p>\n\n\n\n<p>Solteiro e sem filhos, diz estar na melhor fase da vida. Conta que gosta de balada, farra e pega\u00e7\u00e3o. Ama sua liberdade; conhece mais de 33 pa\u00edses. \u201cN\u00e3o sou uma pessoa passiva. As pessoas aqui fora me amam ou me odeiam. Nunca passei batido nessa vida\u201d, observa. Organizado e met\u00f3dico, a conviv\u00eancia no BBB pode pesar para Rodrigo em fun\u00e7\u00e3o de suas manias: tem dificuldade em dormir com barulhos e acorda de mau humor quando n\u00e3o tem uma noite de sono tranquila. Al\u00e9m disso, incomoda-se com a falta de organiza\u00e7\u00e3o.<\/p>\n\n\n\n<figure class=\"wp-block-image\"><img decoding=\"async\" src=\"https:\/\/s04.video.glbimg.com\/x720\/9278311.jpg\" alt=\"Acad\u00eamicos do BBB: formar casal ajuda a ganhar BBB?\" title=\"Acad\u00eamicos do BBB: formar casal ajuda a ganhar BBB?\"\/><\/figure>\n\n\n\n<figure class=\"wp-block-embed\"><div class=\"wp-block-embed__wrapper\">\nhttps:\/\/imasdk.googleapis.com\/js\/core\/bridge3.496.0_pt_br.html#goog_816812787&#8211;:&#8211;\/&#8211;:&#8211;\n<\/div><\/figure>\n\n\n\n<p>Acad\u00eamicos do BBB: formar casal ajuda a ganhar BBB?<\/p>\n\n\n\n<h2 class=\"wp-block-heading\" id=\"barbara-relacoes-publicas-e-modelo\">B\u00e1rbara &#8211; Rela\u00e7\u00f5es p\u00fablicas e modelo<\/h2>\n\n\n\n<figure class=\"wp-block-image\"><img decoding=\"async\" src=\"https:\/\/s2.glbimg.com\/ksx2-Z5iDkNjirF3eL55JzJdrqA=\/0x0:1280x720\/1008x0\/smart\/filters:strip_icc()\/i.s3.glbimg.com\/v1\/AUTH_59edd422c0c84a879bd37670ae4f538a\/internal_photos\/bs\/2022\/V\/T\/saMLyOTpufBmXH6jVsIQ\/barbara.jpeg\" alt=\"B\u00e1rbara, do 'BBB2' \u2014 Foto: Divulga\u00e7\u00e3o\"\/><\/figure>\n\n\n\n<p>B\u00e1rbara, do &#8216;BBB2&#8217; \u2014 Foto: Divulga\u00e7\u00e3o<\/p>\n\n\n\n<p>Ga\u00facha de Novo Hamburgo, B\u00e1rbara tem 29 anos. Vive entre sua cidade natal e S\u00e3o Paulo, mas conta sempre estar viajando a trabalho. Formada em Rela\u00e7\u00f5es P\u00fablicas, atua tamb\u00e9m como modelo e influenciadora digital. Sempre buscou sua independ\u00eancia financeira e come\u00e7ou a trabalhar aos 16 anos para n\u00e3o precisar pedir mais dinheiro para os pais. Afirma que sua apar\u00eancia faz com que as pessoas a julguem como \u201cpatricinha\u201d, mas, em sua opini\u00e3o, n\u00e3o faz o tipo.<\/p>\n\n\n\n<ul><li><strong>B\u00e1rbara Heck no &#8216;BBB22&#8217;:<\/strong>&nbsp;<a href=\"https:\/\/g1.globo.com\/rs\/rio-grande-do-sul\/noticia\/2022\/01\/14\/bbb22-modelo-do-rs-barbara.ghtml\">Modelo do RS &#8216;previu&#8217; participa\u00e7\u00e3o no reality e teve post comentado por Neymar<\/a><\/li><\/ul>\n\n\n\n<p>Com esp\u00edrito bem-humorado, promete muita anima\u00e7\u00e3o nas festas, mas confessa que gosta de dormir alguns minutinhos durante a balada para voltar renovada. Diz que \u00e9 \u00f3tima competidora e se considera uma pessoa emp\u00e1tica e f\u00e1cil de conviver, desde que n\u00e3o pisem no seu calo. Tamb\u00e9m confessa ser bagunceira e n\u00e3o gostar de tarefas dom\u00e9sticas. Adora estudar o comportamento humano e est\u00e1 fazendo uma p\u00f3s-gradua\u00e7\u00e3o em Neuroci\u00eancia. \u201cO estere\u00f3tipo me fez querer estudar para as pessoas n\u00e3o terem o que falar de mim\u201d, relata. Tem algumas restri\u00e7\u00f5es alimentares que, segundo ela, podem incomodar outros participantes. Conta tamb\u00e9m que \u00e9 chorona e explosiva. Revela que para ser seu amigo, tem que jogar junto.<\/p>\n\n\n\n<h2 class=\"wp-block-heading\" id=\"lucas-engenheiro-e-estudante-de-medicina\">Lucas &#8211; Engenheiro e estudante de medicina<\/h2>\n\n\n\n<figure class=\"wp-block-image\"><img decoding=\"async\" src=\"https:\/\/s2.glbimg.com\/8F1FyzH8DRPY_x6UZFkKBiucflg=\/0x0:1280x720\/1008x0\/smart\/filters:strip_icc()\/i.s3.glbimg.com\/v1\/AUTH_59edd422c0c84a879bd37670ae4f538a\/internal_photos\/bs\/2022\/Z\/d\/55opVGQXaBfZANkdxhLw\/lucas.jpeg\" alt=\"Lucas, do 'BBB22' \u2014 Foto: Divulga\u00e7\u00e3o\"\/><\/figure>\n\n\n\n<p>Lucas, do &#8216;BBB22&#8217; \u2014 Foto: Divulga\u00e7\u00e3o<\/p>\n\n\n\n<p>Lucas tem 31 anos, nasceu em Serra, no Esp\u00edrito Santo, mas atualmente mora em Vila Velha. Formou-se em engenharia por causa de seu pai, mas atualmente estuda Medicina e diz que pretende seguir na \u00e1rea de nutrologia. \u00c9 filho \u00fanico e confessa ser mimado, mas n\u00e3o se acha ego\u00edsta. Come\u00e7ou a produzir v\u00eddeos para as redes sociais e acabou fazendo sucesso na internet. Realizou interc\u00e2mbio em Malta e hoje estuda em tempo integral; a m\u00e3e o ajuda financeiramente. Gosta de esporte e acorda cedo: \u201cQuero envelhecer com qualidade de vida\u201d, afirma. Diz ser um cara que se apaixona f\u00e1cil, mas que n\u00e3o pretende se envolver com algu\u00e9m agora.<\/p>\n\n\n\n<p>Ele afirma que tem um jeito alto astral e leve e que n\u00e3o suporta gente que n\u00e3o sabe conversar. Para ele, o pior momento no jogo ser\u00e1 ter que indicar ao algu\u00e9m ao pared\u00e3o. Revela que a sua m\u00e3e o considera guloso, e destaca que isso pode ser um ponto de aten\u00e7\u00e3o no confinamento. Ele n\u00e3o esconde a alegria em estar no time Pipoca do BBB 22 e lembra que, desde o in\u00edcio da sele\u00e7\u00e3o, sentiu que entraria na casa.<\/p>\n\n\n\n<h2 class=\"wp-block-heading\" id=\"eslovenia-estudante-de-marketing-e-modelo\"><strong>Eslov\u00eania &#8211; Estudante de marketing e modelo<\/strong><\/h2>\n\n\n\n<figure class=\"wp-block-image\"><img decoding=\"async\" src=\"https:\/\/s2.glbimg.com\/2kaIjif8YCUbG-vKevX6Sgq4F-8=\/0x0:1280x720\/1008x0\/smart\/filters:strip_icc()\/i.s3.glbimg.com\/v1\/AUTH_59edd422c0c84a879bd37670ae4f538a\/internal_photos\/bs\/2022\/m\/o\/2ocqSyTXCKtwQLSeqUdw\/eslovenia.jpeg\" alt=\"Eslov\u00eania, do 'BBB22' \u2014 Foto: Divulga\u00e7\u00e3o\"\/><\/figure>\n\n\n\n<p>Eslov\u00eania, do &#8216;BBB22&#8217; \u2014 Foto: Divulga\u00e7\u00e3o<\/p>\n\n\n\n<p>Eslov\u00eania tem 25 anos, \u00e9 nascida em Jo\u00e3o Pessoa na Para\u00edba, mas mora em Caruaru, Pernambuco. Diz que o pai se inspirou na divis\u00e3o da Iugosl\u00e1via ao escolher seu nome. Em sua casa, \u00e9 conhecida como Duda. Estudante de Marketing, atualmente trabalha com influenciadora digital e fala sobre moda, beleza e lifestyle, mas chegou a cursar a faculdade de F\u00edsica \u2013 era a \u00fanica mulher da turma \u2013 e quase se formou. Mora com os pais e \u00e9 muito grata pela educa\u00e7\u00e3o que recebeu. Interrompeu a gradua\u00e7\u00e3o quando venceu o Miss Pernambuco em 2018 e passou a vislumbrar uma nova carreira, voltada para a internet. No mesmo ano, participou do Miss Brasil e ganhou o t\u00edtulo de melhor orat\u00f3ria do concurso.<\/p>\n\n\n\n<p>Diz que tem personalidade forte e sangue quente, e conta que \u00e9 brigona quando necess\u00e1rio, al\u00e9m de teimosa e justiceira. Solteira, diz que n\u00e3o falta op\u00e7\u00e3o, mas, sim, qualidade. Afirma ser muito competitiva e diz que vai correr atr\u00e1s do pr\u00eamio. \u201cTenho at\u00e9 vergonha de falar o quanto sou competitiva. Batalhei por tudo sozinha na vida. Crio objetivos e vou atr\u00e1s deles. Mas eu sei que o que vai definir se mere\u00e7o R$ 1,5 milh\u00e3o s\u00e3o minhas atitudes\u201d. Acrescenta que \u00e9 calculista e cria estrat\u00e9gias para tudo, mas, ao mesmo tempo, \u00e9 sentimental. \u201cEssa falta de equil\u00edbrio me faz ser quem sou.&#8221;<\/p>\n\n\n\n<h2 class=\"wp-block-heading\" id=\"eliezer-designer-e-empresario\">Eliezer &#8211; Designer e empres\u00e1rio<\/h2>\n\n\n\n<p>Eliezer, do BBB22 \u2014 Foto: Divulga\u00e7\u00e3o<\/p>\n\n\n\n<p>Eliezer, tem 31 anos e \u00e9 de Volta Redonda, no Rio de Janeiro. Designer de forma\u00e7\u00e3o, h\u00e1 dez anos \u00e9 s\u00f3cio de uma ag\u00eancia de Marketing e Branding. Come\u00e7ou a trabalhar auxiliando o pai em uma lanchonete, aos 14 anos. Depois, conseguiu um est\u00e1gio em uma revista pela qual passou por todas as \u00e1reas, incluindo diagrama\u00e7\u00e3o e edi\u00e7\u00e3o de fotos. Aos 18 anos, j\u00e1 tinha sua independ\u00eancia financeira. Depois da faculdade, buscando o sonho de publicar um artigo internacional, foi para a Europa pela primeira vez e, nessa \u00e9poca, descobriu que amava viajar.<\/p>\n\n\n\n<p>Cultiva o esp\u00edrito aventureiro e adora estar em contato com a natureza e visitar lugares ex\u00f3ticos. Tamb\u00e9m gosta muito de cozinhar. Diz que tem opini\u00e3o forte e que \u00e9 muito leal \u00e0s pessoas que ama. No BBB, vai buscar exercitar a paci\u00eancia para manter a boa conviv\u00eancia em grupo. \u201cPara colar comigo tem que ser louco\u201d, avisa ele, que j\u00e1 viveu experi\u00eancias inusitadas como ficar \u00e0 deriva no mar da \u00c1sia e ser atacado por macacos na Tail\u00e2ndia. Acredita que o BBB \u00e9 um jogo sobre car\u00e1ter e que a injusti\u00e7a pode ser um problema no confinamento.<\/p>\n\n\n\n<h2 class=\"wp-block-heading\" id=\"jessilane-biologa-e-professora-de-biologia\"><strong>Jessilane &#8211; Bi\u00f3loga e professora de biologia<\/strong><\/h2>\n\n\n\n<p>Jessilane, do BBB22 \u2014 Foto: Divulga\u00e7\u00e3o<\/p>\n\n\n\n<p>A professora de Biologia Jessilane, de 26 anos, \u00e9 natural da Bahia, mas mora em Valpara\u00edso de Goi\u00e1s, em Goi\u00e1s, desde os primeiros dias de vida. Sempre teve o desejo de ajudar nas contas de casa e, por isso, seu primeiro trabalho de carteira assinada foi aos 14 anos. Nunca deixou de lado os estudos. J\u00e1 formada, aprendeu Libras para poder lecionar para alunos surdos e, atualmente, \u00e9 p\u00f3s-graduada na linguagem de sinais e estuda para ser int\u00e9rprete. Para completar a renda, d\u00e1 aulas como professora particular e, nos fins de semana, ajuda a m\u00e3e em um sal\u00e3o de beleza. Tem muito orgulho da carreira acad\u00eamica que trilhou.<\/p>\n\n\n\n<p>Jessilane se considera brincalhona, mas sabe ser firme quando necess\u00e1rio. Conta que costuma ficar mais pr\u00f3xima das pessoas que acabou de conhecer do que os pr\u00f3prios amigos que as apresentaram, e que todos a classificam como \u201cinimiga do fim\u201d. Adora balada. Pretende se jogar de cabe\u00e7a na experi\u00eancia do BBB: \u201cQuero tudo, menos sair do programa como planta\u201d. Diz que, apesar de evitar discuss\u00f5es, desce do salto quando bate de frente com alguma atitude preconceituosa.<\/p>\n\n\n\n<h2 class=\"wp-block-heading\" id=\"luciano-ator-e-bailarino\">Luciano &#8211; Ator e bailarino<\/h2>\n\n\n\n<figure class=\"wp-block-image\"><img decoding=\"async\" src=\"https:\/\/s2.glbimg.com\/KUlz9Z98eHjtzx0LqFyvpcDW_AU=\/0x0:1280x720\/1008x0\/smart\/filters:strip_icc()\/i.s3.glbimg.com\/v1\/AUTH_59edd422c0c84a879bd37670ae4f538a\/internal_photos\/bs\/2022\/u\/B\/E2QlHxT7GudTezrGIfPA\/whatsapp-image-2022-01-14-at-15.32.34.jpeg\" alt=\"Luciano, do BBB22 \u2014 Foto: Divulga\u00e7\u00e3o\"\/><\/figure>\n\n\n\n<p>Luciano, do BBB22 \u2014 Foto: Divulga\u00e7\u00e3o<\/p>\n\n\n\n<p><a href=\"https:\/\/g1.globo.com\/sc\/santa-catarina\/noticia\/2022\/01\/14\/luciano-ator-e-dancarino-de-florianopolis-acompanhou-de-perto-a-edicao-passada-e-ganha-seguidores-apos-anuncio-para-bbb22.ghtml\">Luciano<\/a>&nbsp;\u00e9 nascido e criado em Florian\u00f3polis, em Santa Catarina, tem 28 anos e \u00e9 ator e bailarino. Na inf\u00e2ncia, passada na periferia de sua cidade, com apenas 5 anos e na contram\u00e3o dos seus irm\u00e3os, que sempre viveram a cultura do hip hop, ingressou na aula de bal\u00e9 cl\u00e1ssico. J\u00e1 adulto, cursou atua\u00e7\u00e3o e come\u00e7ou a trabalhar como modelo. Atualmente interpreta o personagem Lipe no canal de YouTube \u201cGato Galactico\u201d. Conta que sua veia art\u00edstica sempre foi muito incentivada pela m\u00e3e, que o criou sozinha, e que adora ser o centro das aten\u00e7\u00f5es. J\u00e1 viveu um relacionamento n\u00e3o-monog\u00e2mico durante oito anos e, atualmente, entra na casa comprometido.<\/p>\n\n\n\n<p>Nas horas vagas, gosta muito de dan\u00e7ar e de preparar para os amigos alguns dos drinks que aprendeu quando trabalhou como barman, o que elege como um ponto a seu favor no BBB. Acredita que pode ter um bom relacionamento com os demais confinados por ser bastante desenvolto, persuasivo e convincente. \u201cConsigo ganhar a pessoa ajudando ela\u201d, explica. Por outro lado, v\u00ea dificuldade em identificar a maldade nas atitudes de pessoas ao seu redor. Nas brigas, opta pelo perfil apaziguador, buscando sempre ouvir os dois lados da hist\u00f3ria.<\/p>\n\n\n\n<h2 class=\"wp-block-heading\" id=\"lais-medica\"><strong>La\u00eds &#8211; M\u00e9dica<\/strong><\/h2>\n\n\n\n<figure class=\"wp-block-image\"><img decoding=\"async\" src=\"https:\/\/s2.glbimg.com\/nEFzM-Oe2HcvGAmwt1QgUbZqGJk=\/0x0:1280x720\/1008x0\/smart\/filters:strip_icc()\/i.s3.glbimg.com\/v1\/AUTH_59edd422c0c84a879bd37670ae4f538a\/internal_photos\/bs\/2022\/m\/a\/5v4JyBR4abpZDr7wJxkg\/whatsapp-image-2022-01-14-at-15.05.20.jpeg\" alt=\"La\u00eds, participante do BBB22 \u2014 Foto: Divulga\u00e7\u00e3o\"\/><\/figure>\n\n\n\n<p>La\u00eds, participante do BBB22 \u2014 Foto: Divulga\u00e7\u00e3o<\/p>\n\n\n\n<p>Natural de Crix\u00e1s, em Goi\u00e1s,&nbsp;<a href=\"https:\/\/g1.globo.com\/go\/goias\/noticia\/2022\/01\/14\/bbb22-medica-goiana-ganha-milhares-de-seguidores-e-e-o-assunto-mais-comentado-do-twitter-no-brasil.ghtml\">La\u00eds \u00e9 m\u00e9dica e tem 30 anos<\/a>. Atua em cl\u00ednica geral, atualmente na linha de frente contra a Covid-19, e est\u00e1 terminando especializa\u00e7\u00e3o em Dermatologia. Trabalha como plantonista em um hospital e diz que a pandemia foi o per\u00edodo mais dif\u00edcil de sua vida. Teve uma inf\u00e2ncia t\u00edpica de interior, brincando na ro\u00e7a, subindo em \u00e1rvores. \u00c9 apaixonada por animais e j\u00e1 adotou toda esp\u00e9cie de bichos. Deixou a cidade natal aos 14 anos para cursar o ensino m\u00e9dio em Goi\u00e2nia. Mais tarde, foi para Jo\u00e3o Pessoa, na Para\u00edba, para fazer faculdade de Medicina. Depois de formada voltou para Crix\u00e1s, onde mora com a fam\u00edlia.<\/p>\n\n\n\n<p>Descreve-se como uma pessoa divertida e intuitiva. Conta que por vezes j\u00e1 foi julgada como metida em fun\u00e7\u00e3o da apar\u00eancia, o que nega ser. Diz ser rancorosa e odiar injusti\u00e7as e mentiras: \u201cSou escorpiana. Eu me jogo de cabe\u00e7a em tudo, n\u00e3o entro para perder\u201d, revela sobre o jeito intenso. Entrega que faz amizade com todo mundo, mas tem a l\u00edngua afiada: \u201cTudo vira fofoca na minha vida, sou do interior, adoro falar da vida dos outros\u201d. Solteira e chegada a uma festa, diz que est\u00e1 curtindo a fase sem se apegar. No entanto, n\u00e3o descarta a possibilidade de se apaixonar no reality.<\/p>\n\n\n\n<h2 class=\"wp-block-heading\" id=\"tudo-sobre-o-bbb22\"><strong>Tudo sobre o &#8216;BBB22&#8217;<\/strong><\/h2>\n","protected":false},"excerpt":{"rendered":"<p>BBB22: Brunna Gon\u00e7alves, Gustavo e Paulo Andr\u00e9 est\u00e3o no Pared\u00e3o Por Luigi Civalli Maria expulsa, e Barbara eliminada do BBB 22 O quarto pared\u00e3o j\u00e1 foi constitu\u00eddo com Artur, Natalia<\/p>\n","protected":false},"author":1,"featured_media":7214,"comment_status":"open","ping_status":"closed","sticky":false,"template":"","format":"standard","meta":[],"categories":[1],"tags":[],"_links":{"self":[{"href":"https:\/\/7ports.com.br\/index.php?rest_route=\/wp\/v2\/posts\/6766"}],"collection":[{"href":"https:\/\/7ports.com.br\/index.php?rest_route=\/wp\/v2\/posts"}],"about":[{"href":"https:\/\/7ports.com.br\/index.php?rest_route=\/wp\/v2\/types\/post"}],"author":[{"embeddable":true,"href":"https:\/\/7ports.com.br\/index.php?rest_route=\/wp\/v2\/users\/1"}],"replies":[{"embeddable":true,"href":"https:\/\/7ports.com.br\/index.php?rest_route=%2Fwp%2Fv2%2Fcomments&post=6766"}],"version-history":[{"count":15,"href":"https:\/\/7ports.com.br\/index.php?rest_route=\/wp\/v2\/posts\/6766\/revisions"}],"predecessor-version":[{"id":7215,"href":"https:\/\/7ports.com.br\/index.php?rest_route=\/wp\/v2\/posts\/6766\/revisions\/7215"}],"wp:featuredmedia":[{"embeddable":true,"href":"https:\/\/7ports.com.br\/index.php?rest_route=\/wp\/v2\/media\/7214"}],"wp:attachment":[{"href":"https:\/\/7ports.com.br\/index.php?rest_route=%2Fwp%2Fv2%2Fmedia&parent=6766"}],"wp:term":[{"taxonomy":"category","embeddable":true,"href":"https:\/\/7ports.com.br\/index.php?rest_route=%2Fwp%2Fv2%2Fcategories&post=6766"},{"taxonomy":"post_tag","embeddable":true,"href":"https:\/\/7ports.com.br\/index.php?rest_route=%2Fwp%2Fv2%2Ftags&post=6766"}],"curies":[{"name":"wp","href":"https:\/\/api.w.org\/{rel}","templated":true}]}}