
{"id":6971,"date":"2022-02-08T08:31:41","date_gmt":"2022-02-08T11:31:41","guid":{"rendered":"https:\/\/7ports.com.br\/?p=6971"},"modified":"2022-02-18T12:13:38","modified_gmt":"2022-02-18T15:13:38","slug":"ucrania-perfil-de-uma-nacao-historica-sob-a-sombra-da-russia","status":"publish","type":"post","link":"https:\/\/7ports.com.br\/?p=6971","title":{"rendered":"Ucr\u00e2nia: perfil de uma na\u00e7\u00e3o hist\u00f3rica sob a sombra da R\u00fassia"},"content":{"rendered":"\n<figure class=\"wp-block-image\"><img decoding=\"async\" src=\"https:\/\/ichef.bbci.co.uk\/news\/640\/cpsprodpb\/F12A\/production\/_123083716_gettyimages-870824942.jpg\" alt=\"Kyiv Pechersk Lavra\"\/><\/figure>\n\n\n\n<p>O Kyiv Pechersk Lavra, ou monast\u00e9rio das cavernas, \u00e9 um marco arquitet\u00f4nico em Kiev<\/p>\n\n\n\n<p><strong>At\u00e9 1991, a Ucr\u00e2nia era uma das 15 rep\u00fablicas que formavam a Uni\u00e3o Sovi\u00e9tica (URSS). Com o colapso da URSS, em agosto daquele ano, a Ucr\u00e2nia tornou-se uma na\u00e7\u00e3o independente e estabeleceu la\u00e7os mais pr\u00f3ximos com as pot\u00eancias ocidentais, o que incomodou a R\u00fassia.<\/strong><\/p>\n\n\n\n<p>Desde ent\u00e3o, Kiev tenta controlar seu destino, muitas vezes sem sucesso, sob a sombra de seu maior e mais poderoso vizinho.<\/p>\n\n\n\n<p>Segundo maior pa\u00eds da Europa, atr\u00e1s apenas da R\u00fassia, a Ucr\u00e2nia \u00e9 uma terra de amplas e f\u00e9rteis plan\u00edcies usadas para agricultura, com grandes centros de ind\u00fastria pesada em sua parte leste.<\/p>\n\n\n\n<p>Embora Ucr\u00e2nia e R\u00fassia tenham origens hist\u00f3ricas comuns, a parte ocidental possui la\u00e7os mais pr\u00f3ximos com seus vizinhos europeus, particularmente a Pol\u00f4nia. Nessa parte do pa\u00eds, h\u00e1 um forte sentimento nacionalista.<a href=\"https:\/\/www.bbc.com\/portuguese\/institutional\/2015\/01\/000000_advertising_faqs\">PUBLICIDADE<\/a>https:\/\/b1dae5d6705e5651bc327f409e8477e7.safeframe.googlesyndication.com\/safeframe\/1-0-38\/html\/container.html<\/p>\n\n\n\n<p>Uma minoria significativa da popula\u00e7\u00e3o tem o russo como sua primeira l\u00edngua, particularmente nas cidades e no leste industrializado.<a href=\"https:\/\/www.bbc.com\/portuguese\/internacional-60223143#end-of-recommendations\">Pule Talvez tamb\u00e9m te interesse e continue lendo<\/a><strong>Talvez tamb\u00e9m te interesse<\/strong><\/p>\n\n\n\n<ul><li><img decoding=\"async\" loading=\"lazy\" src=\"https:\/\/ichef.bbci.co.uk\/news\/660\/cpsprodpb\/0687\/production\/_122717610_tank.jpg\" alt=\"Tanque russo na Crimeia em mar\u00e7o de 2021\" width=\"976\" height=\"549\"><a href=\"https:\/\/www.bbc.com\/portuguese\/internacional-60090161\">R\u00fassia est\u00e1 mais perto de invadir Ucr\u00e2nia? Os novos desdobramentos da crise<\/a><\/li><li><img decoding=\"async\" loading=\"lazy\" src=\"https:\/\/ichef.bbci.co.uk\/news\/660\/cpsprodpb\/11A73\/production\/_123070327_1joseduardomelochegounaucrniah4anosemeioeatualmentemoraemodessa.jpg\" alt=\"Jos\u00e9 Eduardo Melo com roupas de frio em frente a placas de dire\u00e7\u00e3o escritas em ucraniano\" width=\"976\" height=\"549\"><a href=\"https:\/\/www.bbc.com\/portuguese\/geral-60208417\">&#8216;Ver bunkers na TV causa ansiedade&#8217;, diz brasileiro na Ucr\u00e2nia<\/a><\/li><li><img decoding=\"async\" loading=\"lazy\" src=\"https:\/\/ichef.bbci.co.uk\/news\/660\/cpsprodpb\/0C4B\/production\/_122974130_ussoldiers.jpg\" alt=\"Soldados americanos de costas prestam contin\u00eancia\" width=\"976\" height=\"549\"><a href=\"https:\/\/www.bbc.com\/portuguese\/internacional-60121037\">Ucr\u00e2nia: EUA anunciam que t\u00eam 8,5 mil soldados em prontid\u00e3o em meio \u00e0 escalada de tens\u00f5es<\/a><\/li><li><img decoding=\"async\" loading=\"lazy\" src=\"https:\/\/ichef.bbci.co.uk\/news\/660\/cpsprodpb\/E0BA\/production\/_118003575_mediaitem118003573.jpg\" alt=\"Militar em tanque\" width=\"976\" height=\"549\"><a href=\"https:\/\/www.bbc.com\/portuguese\/internacional-59574135\">R\u00fassia prepara invas\u00e3o \u00e0 Ucr\u00e2nia? 6 perguntas para entender tens\u00e3o na regi\u00e3o<\/a><\/li><\/ul>\n\n\n\n<p id=\"end-of-recommendations\">Fim do Talvez tamb\u00e9m te interesse<\/p>\n\n\n\n<p>A rela\u00e7\u00e3o de Kiev com Moscou influenciou a pol\u00edtica interna ucraniana desde o in\u00edcio do s\u00e9culo 21. No final de 2004, ap\u00f3s protestos contra irregularidades na elei\u00e7\u00e3o presidencial vencida por Viktor Yanukovich, pr\u00f3ximo ao Kremlin., o pleito foi anulado.<\/p>\n\n\n\n<p>Numa nova vota\u00e7\u00e3o, o oposicionista Viktor Yushchenko sagrou-se vencedor, no processo que ficou conhecido como Revolu\u00e7\u00e3o Laranja.<\/p>\n\n\n\n<p>Anos depois, uma nova revolu\u00e7\u00e3o levaria o pa\u00eds a mais uma vez confrontar a interfer\u00eancia russa. Viktor Yanukovich voltou ao poder em 2010, quando foi eleito presidente, ap\u00f3s o grupo que nasceu da Revolu\u00e7\u00e3o Laranja ter sido abalado por disputas internas e den\u00fancias de corrup\u00e7\u00e3o.<\/p>\n\n\n\n<p>No final de 2013, Yanukovich rejeitou um acordo de associa\u00e7\u00e3o com a Uni\u00e3o Europeia e tentou reaproximar o pa\u00eds de Moscou.<\/p>\n\n\n\n<p>A medida levou a enormes protestos de rua que envolveram choques violentos com as for\u00e7as de seguran\u00e7a. Yanukovich deixou Kiev e exilou-se na R\u00fassia.<\/p>\n\n\n\n<figure class=\"wp-block-image\"><img decoding=\"async\" src=\"https:\/\/ichef.bbci.co.uk\/news\/640\/cpsprodpb\/0AB2\/production\/_123083720_gettyimages-1149096587.jpg\" alt=\"Centro hist\u00f3rico de Odessa\"\/><figcaption>Legenda da foto,Odessa, cidade de grande import\u00e2ncia tur\u00edstica, tem um admirado centro hist\u00f3rico<\/figcaption><\/figure>\n\n\n\n<p><a href=\"https:\/\/www.bbc.com\/portuguese\/internacional-60223143#end-of-podcasts\">Pule Podcast e continue lendo<\/a><strong>Podcast<\/strong><a href=\"https:\/\/www.bbc.com\/portuguese\/podcasts\/p09qw1cn\">BBC L\u00ea<\/a><\/p>\n\n\n\n<p>A equipe da BBC News Brasil l\u00ea para voc\u00ea algumas de suas melhores reportagens<\/p>\n\n\n\n<p>Epis\u00f3dios<\/p>\n\n\n\n<p id=\"end-of-podcasts\">Fim do Podcast<\/p>\n\n\n\n<p>A crise levou \u00e0 invas\u00e3o da regi\u00e3o da Crimeia pela R\u00fassia, que anexou o territ\u00f3rio, alegando la\u00e7os hist\u00f3ricos. Rebeldes apoiados por Moscou declararam a independ\u00eancia das prov\u00edncias de Donetsk e Luhansk, no leste da Ucr\u00e2nia, conhecidas conjuntamente com a regi\u00e3o de Donbas, o que n\u00e3o foi reconhecido pela comunidade internacional.<\/p>\n\n\n\n<p>A tens\u00e3o com Moscou e o conflito no leste ucraniano continuaram, at\u00e9 que em 2021 a R\u00fassia parecia estar prestes a invadir a Ucr\u00e2nia, com grande poderio militar estacionado pr\u00f3ximo \u00e0 fronteira. O presidente russo, Vladimir Putin, exigia um compromisso da Otan, a alian\u00e7a militar ocidental, de que a Ucr\u00e2nia nunca se tornaria membro da organiza\u00e7\u00e3o, o que foi rejeitado pela alian\u00e7a.<\/p>\n\n\n\n<p>A hist\u00f3ria ucraniana, que inclui a maior trag\u00e9dia nuclear do planeta, ocorrida em 1986 em Chernobyl, tamb\u00e9m re\u00fane eras de gl\u00f3ria, que geraram marcos arquitet\u00f4nicos em suas cidades. Kiev \u00e9 reconhecida por sua bela paisagem urbana, marcada pelos domos de suas igrejas hist\u00f3ricas &#8211; o ber\u00e7o da na\u00e7\u00e3o est\u00e1 associado ao crescimento do cristianismo ortodoxo no Oriente.<\/p>\n\n\n\n<p>No s\u00e9culo 21, a Ucr\u00e2nia ganhou destaque em algumas modalidades esportivas, como futebol e t\u00eanis.v<\/p>\n","protected":false},"excerpt":{"rendered":"<p>O Kyiv Pechersk Lavra, ou monast\u00e9rio das cavernas, \u00e9 um marco arquitet\u00f4nico em Kiev At\u00e9 1991, a Ucr\u00e2nia era uma das 15 rep\u00fablicas que formavam a Uni\u00e3o Sovi\u00e9tica (URSS). Com<\/p>\n","protected":false},"author":1,"featured_media":6972,"comment_status":"closed","ping_status":"closed","sticky":false,"template":"","format":"standard","meta":[],"categories":[1],"tags":[],"_links":{"self":[{"href":"https:\/\/7ports.com.br\/index.php?rest_route=\/wp\/v2\/posts\/6971"}],"collection":[{"href":"https:\/\/7ports.com.br\/index.php?rest_route=\/wp\/v2\/posts"}],"about":[{"href":"https:\/\/7ports.com.br\/index.php?rest_route=\/wp\/v2\/types\/post"}],"author":[{"embeddable":true,"href":"https:\/\/7ports.com.br\/index.php?rest_route=\/wp\/v2\/users\/1"}],"replies":[{"embeddable":true,"href":"https:\/\/7ports.com.br\/index.php?rest_route=%2Fwp%2Fv2%2Fcomments&post=6971"}],"version-history":[{"count":1,"href":"https:\/\/7ports.com.br\/index.php?rest_route=\/wp\/v2\/posts\/6971\/revisions"}],"predecessor-version":[{"id":6973,"href":"https:\/\/7ports.com.br\/index.php?rest_route=\/wp\/v2\/posts\/6971\/revisions\/6973"}],"wp:featuredmedia":[{"embeddable":true,"href":"https:\/\/7ports.com.br\/index.php?rest_route=\/wp\/v2\/media\/6972"}],"wp:attachment":[{"href":"https:\/\/7ports.com.br\/index.php?rest_route=%2Fwp%2Fv2%2Fmedia&parent=6971"}],"wp:term":[{"taxonomy":"category","embeddable":true,"href":"https:\/\/7ports.com.br\/index.php?rest_route=%2Fwp%2Fv2%2Fcategories&post=6971"},{"taxonomy":"post_tag","embeddable":true,"href":"https:\/\/7ports.com.br\/index.php?rest_route=%2Fwp%2Fv2%2Ftags&post=6971"}],"curies":[{"name":"wp","href":"https:\/\/api.w.org\/{rel}","templated":true}]}}