
{"id":7036,"date":"2022-02-10T03:29:42","date_gmt":"2022-02-10T06:29:42","guid":{"rendered":"https:\/\/7ports.com.br\/?p=7036"},"modified":"2022-02-23T12:11:22","modified_gmt":"2022-02-23T15:11:22","slug":"7036","status":"publish","type":"post","link":"https:\/\/7ports.com.br\/?p=7036","title":{"rendered":"JUSTI\u00c7A: STF valida federa\u00e7\u00f5es partid\u00e1rias e estende prazo"},"content":{"rendered":"\n<h2 class=\"wp-block-heading\" id=\"stf-valida-federacoes-partidarias-e-estende-prazo\">STF valida federa\u00e7\u00f5es partid\u00e1rias e estende prazo <\/h2>\n\n\n\n<p>Ministros Alexandres de Moraes, Andr\u00e9 Mendon\u00e7a, Edson Fachin, Rosa Weber e Luiz Fux foram a favor do parecer do relator, Lu\u00eds Roberto Barrosohttps:\/\/<\/p>\n\n\n\n<p><a href=\"https:\/\/www.cnnbrasil.com.br\/autor\/douglas-porto\/\">Douglas Porto<\/a><a href=\"https:\/\/www.cnnbrasil.com.br\/autor\/vinicius-tadeu\/\">Vin\u00edcius Tadeu<\/a><a href=\"https:\/\/www.cnnbrasil.com.br\/autor\/gabriel-hirabahasi\/\">Gabriel Hirabahasi<\/a>da CNN<\/p>\n\n\n\n<p>em S\u00e3o Paulo e Bras\u00edlia09\/02\/2022 \u00e0s 17:05 | Atualizado 10\/02\/2022 \u00e0s 00:07Compartilhe:<\/p>\n\n\n\n<p>O&nbsp;<a href=\"https:\/\/www.cnnbrasil.com.br\/tudo-sobre\/supremo-tribunal-federal-stf\/\">Supremo Tribunal Federal (STF)<\/a>&nbsp;validou por 10 votos a 1, nesta quarta-feira (9), a constitucionalidade das federa\u00e7\u00f5es partid\u00e1rias. J\u00e1 o prazo final para o estabelecimento da uni\u00e3o dos partidos foi estendido at\u00e9 o fim de maio, com seis votos a favor.<\/p>\n\n\n\n<p>O relator do caso, ministro&nbsp;<a href=\"https:\/\/www.cnnbrasil.com.br\/tudo-sobre\/luis-roberto-barroso\/\">Lu\u00eds Roberto Barroso<\/a>&nbsp;determinou, em car\u00e1ter provis\u00f3rio no fim do ano passado, que a lei \u00e9 v\u00e1lida e que as federa\u00e7\u00f5es precisam obter registro at\u00e9 seis meses antes das elei\u00e7\u00f5es.PUBLICIDADE<\/p>\n\n\n\n<p>Barroso permaneceu com o parecer. Entretanto, ap\u00f3s reuni\u00f5es com presidentes de partidos na \u00faltima ter\u00e7a-feira (8), em que foram levadas pondera\u00e7\u00f5es sobre o prazo, o relator resolveu estender a data limite para a forma\u00e7\u00e3o das federa\u00e7\u00f5es at\u00e9 o dia 31 de maio, e n\u00e3o at\u00e9 o in\u00edcio de abril, como havia determinado em sua decis\u00e3o cautelar.<\/p>\n\n\n\n<p>O entendimento foi acompanhando pelos ministros&nbsp;<a href=\"https:\/\/www.cnnbrasil.com.br\/tudo-sobre\/alexandre-de-moraes\/\">Alexandre de Moraes<\/a>,&nbsp;<a href=\"https:\/\/www.cnnbrasil.com.br\/tudo-sobre\/andre-mendonca\/\">Andr\u00e9 Mendon\u00e7a<\/a>,&nbsp;<a href=\"https:\/\/www.cnnbrasil.com.br\/tudo-sobre\/edson-fachin\/\">Edson Fachin<\/a>,&nbsp;<a href=\"https:\/\/www.cnnbrasil.com.br\/tudo-sobre\/rosa-weber\/\">Rosa Weber&nbsp;<\/a>e&nbsp;<a href=\"https:\/\/www.cnnbrasil.com.br\/tudo-sobre\/luiz-fux\/\">Luiz Fux<\/a>.<\/p>\n\n\n\n<ul><li><a href=\"https:\/\/www.cnnbrasil.com.br\/politica\/mendonca-pretende-liberar-ao-plenario-do-stf-acao-sobre-fundo-eleitoral-ainda-este-mes\/\">Mendon\u00e7a pretende liberar ao plen\u00e1rio do STF a\u00e7\u00e3o sobre fundo eleitoral ainda este m\u00eas<\/a><\/li><li><a href=\"https:\/\/www.cnnbrasil.com.br\/politica\/ministros-do-stf-entregam-convite-para-bolsonaro\/\">Ministros do STF entregam convite para Bolsonaro<\/a><\/li><li><a href=\"https:\/\/www.cnnbrasil.com.br\/politica\/tratativa-para-federacao-com-mdb-esta-avancada-diz-presidente-do-uniao-brasil\/\">Tratativa para federa\u00e7\u00e3o com MDB est\u00e1 avan\u00e7ada, diz presidente do Uni\u00e3o Brasil<\/a><\/li><\/ul>\n\n\n\n<p>\u201cDiante desses argumentos, apenas para as elei\u00e7\u00f5es de 2022, tendo em vista a novidade do instituto, considero poss\u00edvel modular a equipara\u00e7\u00e3o que fiz na minha cautelar de prazo entre partidos e federa\u00e7\u00f5es mediante pondera\u00e7\u00e3o de princ\u00edpios colocados\u201d, alega Barroso.<\/p>\n\n\n\n<p>Segundo o ministro, \u201cexistem substanciais e significativas diferen\u00e7as entre as federa\u00e7\u00f5es partid\u00e1rias e as coliga\u00e7\u00f5es\u201d. Ele ainda declara que o sistema pol\u00edtico brasileiro tem problemas por ser \u201cexcessivamente caro, tem baixa representatividade e dificulta a governabilidade\u201d. \u201cConsidero o n\u00famero excessivo de partidos e a consequente fragmenta\u00e7\u00e3o do quadro pol\u00edtico uma das importantes disfun\u00e7\u00f5es da democracia brasileira.\u201d<\/p>\n\n\n\n<p>Na vis\u00e3o de Barroso, o atual modelo \u201cimp\u00f5e ao presidencialismo de coaliz\u00e3o negocia\u00e7\u00f5es nem sempre republicanas\u201d. \u201cPor via de consequ\u00eancia, n\u00e3o tenho simpatia por medidas que posterguem esse enxugamento necess\u00e1rio. Fus\u00f5es e incorpora\u00e7\u00f5es me parecem op\u00e7\u00f5es melhores. Mas, de certa forma, as federa\u00e7\u00f5es podem se converter em um namoro pr\u00e9-casamento para ver se funciona uma uni\u00e3o mais definitiva.\u201d<\/p>\n\n\n\n<h2 class=\"wp-block-heading\" id=\"gilmar-mendes-acompanha-decisao-de-barroso-e-discorda-quanto-ao-prazo\">Gilmar Mendes acompanha decis\u00e3o de Barroso e discorda quanto ao prazo<\/h2>\n\n\n\n<p>O ministro&nbsp;<a href=\"https:\/\/www.cnnbrasil.com.br\/tudo-sobre\/gilmar-mendes\/\">Gilmar Mendes<\/a>&nbsp;acompanhou a decis\u00e3o de Barroso sobre a constitucionalidade das federa\u00e7\u00f5es, mas divergiu quanto ao prazo. Para o magistrado, a data limite do registro das federa\u00e7\u00f5es deve ser at\u00e9 agosto, conforme estipula a lei aprovada pelo&nbsp;<a href=\"https:\/\/www.cnnbrasil.com.br\/tudo-sobre\/congresso-nacional\/\">Congresso Nacional<\/a>. O parecer foi acompanhado pelos ministros&nbsp;<a href=\"https:\/\/www.cnnbrasil.com.br\/tudo-sobre\/dias-toffoli\/\">Dias Toffoli<\/a>,&nbsp;<a href=\"https:\/\/www.cnnbrasil.com.br\/tudo-sobre\/carmen-lucia\/\">C\u00e1rmen L\u00facia&nbsp;<\/a>e&nbsp;<a href=\"https:\/\/www.cnnbrasil.com.br\/tudo-sobre\/ricardo-lewandowski\/\">Ricardo Lewandowski<\/a>.<\/p>\n\n\n\n<p>\u201cCuida, isso sim, de estatuir uma faculdade \u00e0 disposi\u00e7\u00e3o dos partidos para, querendo, celebrarem uma federa\u00e7\u00e3o de partidos. A decis\u00e3o em formar uma federa\u00e7\u00e3o \u00e9 acompanhada de custos pol\u00edticos elevados\u201d, afirmou Gilmar Mendes.<\/p>\n\n\n\n<h2 class=\"wp-block-heading\" id=\"nunes-marques-declara-que-federacoes-partidarias-sao-inconstitucionais\">Nunes Marques declara que federa\u00e7\u00f5es partid\u00e1rias s\u00e3o inconstitucionais<\/h2>\n\n\n\n<p>O ministro&nbsp;<a href=\"https:\/\/www.cnnbrasil.com.br\/tudo-sobre\/kassio-nunes-marques\/\">Nunes Marques<\/a>, por sua vez, divergiu e votou pela inconstitucionalidade das federa\u00e7\u00f5es partid\u00e1rias. Para o indicado pelo presidente&nbsp;<a href=\"https:\/\/www.cnnbrasil.com.br\/tudo-sobre\/jair-bolsonaro\/\">Jair Bolsonaro (PL)<\/a>, nas federa\u00e7\u00f5es, como nas coliga\u00e7\u00f5es, \u201cos votos confiados a um candidato ou partido podem resultar na elei\u00e7\u00e3o de algu\u00e9m filiado a outra agremia\u00e7\u00e3o partid\u00e1ria, em prov\u00e1vel descompasso com a vontade do eleitor\u201d.<\/p>\n\n\n\n<p>De acordo com seu parecer,&nbsp;as federa\u00e7\u00f5es, al\u00e9m de seus prop\u00f3sitos pol\u00edticos eleitorais, apresentam-se como \u201cmanobra destinada a contornar as clausulas de desempenho, sob pretexto da necessidade de existirem pequeno partidos, por serem eles porta-vozes das minorias esquecidas\u201d.<\/p>\n\n\n\n<p>\u201cAl\u00e9m de proporcionar a vit\u00f3ria de candidatos lan\u00e7ados por partidos pol\u00edticos sem desempenho m\u00ednimo, caracterizado pelo atendimento do quociente eleitoral, presta-se a burlar a cl\u00e1usula de desempenho, ao arrepio da Constitui\u00e7\u00e3o\u201d, disse Nunes Marques.<\/p>\n\n\n\n<h2 class=\"wp-block-heading\" id=\"entenda-o-que-sao-as-federacoes-partidarias\">Entenda o que s\u00e3o as federa\u00e7\u00f5es partid\u00e1rias<\/h2>\n\n\n\n<p>As federa\u00e7\u00f5es partid\u00e1rias foram<a href=\"https:\/\/www.cnnbrasil.com.br\/politica\/tse-aprova-a-federacao-partidaria-em-resolucao-para-eleicoes-2022\/\">&nbsp;promulgadas pelo Congresso Nacional<\/a>&nbsp;em setembro do ano passado, na&nbsp;<a href=\"https:\/\/www.cnnbrasil.com.br\/tudo-sobre\/reforma-eleitoral\/\" target=\"_blank\" rel=\"noreferrer noopener\">Reforma Eleitoral<\/a>. Ela permite que dois ou mais partidos atuem de forma unificada durante as elei\u00e7\u00f5es e na legislatura, devendo permanecer com a uni\u00e3o por no m\u00ednimo quatro anos.<\/p>\n\n\n\n<p>Para serem registradas conjuntamente pela Justi\u00e7a Eleitoral, as legendas devem antes constituir uma associa\u00e7\u00e3o que deve ser registrada em cart\u00f3rio de registro civil de pessoas jur\u00eddicas, com aprova\u00e7\u00e3o absoluta de seus \u00f3rg\u00e3os regulat\u00f3rios.<\/p>\n\n\n\n<p>A participa\u00e7\u00e3o da federa\u00e7\u00e3o nas elei\u00e7\u00f5es s\u00f3 ser\u00e1 poss\u00edvel caso seu registro seja deferido at\u00e9 o prazo final estabelecido.<\/p>\n\n\n\n<p>A uni\u00e3o das siglas ser\u00e1 celebrada por prazo indeterminado, com cada uma conservando seu nome, n\u00famero, filiados e o acesso ao fundo partid\u00e1rio ou fundo eleitoral.<\/p>\n\n\n\n<p>Se um partido deixar a federa\u00e7\u00e3o, n\u00e3o poder\u00e1 ingressar em outra e tamb\u00e9m n\u00e3o poder\u00e1 fazer coliga\u00e7\u00e3o nas duas elei\u00e7\u00f5es seguintes. Ainda ir\u00e1 ficar proibido de utilizar o fundo partid\u00e1rio at\u00e9 a data prevista para o fim da federa\u00e7\u00e3o.<\/p>\n\n\n\n<p>A exce\u00e7\u00e3o \u00e0 regra acontece apenas caso os partidos da federa\u00e7\u00e3o se fundam ou porque uma das legendas ir\u00e1 incorporar as demais.<\/p>\n\n\n\n<p>J\u00e1 as coliga\u00e7\u00f5es poder\u00e3o ser articuladas apenas para as elei\u00e7\u00f5es majorit\u00e1rias \u2014ou seja, para apoiarem candidaturas \u00e0 Presid\u00eancia da Rep\u00fablica, aos governos estaduais e ao Senado Federal. Essa ser\u00e1 a primeira vez das elei\u00e7\u00f5es gerais com a nova regra.<\/p>\n\n\n\n<p><a href=\"https:\/\/www.cnnbrasil.com.br\/tudo-sobre\/eleicoes-2022\/\"><\/a><\/p>\n","protected":false},"excerpt":{"rendered":"<p>STF valida federa\u00e7\u00f5es partid\u00e1rias e estende prazo Ministros Alexandres de Moraes, Andr\u00e9 Mendon\u00e7a, Edson Fachin, Rosa Weber e Luiz Fux foram a favor do parecer do relator, Lu\u00eds Roberto Barrosohttps:\/\/<\/p>\n","protected":false},"author":1,"featured_media":7039,"comment_status":"closed","ping_status":"closed","sticky":false,"template":"","format":"standard","meta":[],"categories":[1],"tags":[],"_links":{"self":[{"href":"https:\/\/7ports.com.br\/index.php?rest_route=\/wp\/v2\/posts\/7036"}],"collection":[{"href":"https:\/\/7ports.com.br\/index.php?rest_route=\/wp\/v2\/posts"}],"about":[{"href":"https:\/\/7ports.com.br\/index.php?rest_route=\/wp\/v2\/types\/post"}],"author":[{"embeddable":true,"href":"https:\/\/7ports.com.br\/index.php?rest_route=\/wp\/v2\/users\/1"}],"replies":[{"embeddable":true,"href":"https:\/\/7ports.com.br\/index.php?rest_route=%2Fwp%2Fv2%2Fcomments&post=7036"}],"version-history":[{"count":4,"href":"https:\/\/7ports.com.br\/index.php?rest_route=\/wp\/v2\/posts\/7036\/revisions"}],"predecessor-version":[{"id":7254,"href":"https:\/\/7ports.com.br\/index.php?rest_route=\/wp\/v2\/posts\/7036\/revisions\/7254"}],"wp:featuredmedia":[{"embeddable":true,"href":"https:\/\/7ports.com.br\/index.php?rest_route=\/wp\/v2\/media\/7039"}],"wp:attachment":[{"href":"https:\/\/7ports.com.br\/index.php?rest_route=%2Fwp%2Fv2%2Fmedia&parent=7036"}],"wp:term":[{"taxonomy":"category","embeddable":true,"href":"https:\/\/7ports.com.br\/index.php?rest_route=%2Fwp%2Fv2%2Fcategories&post=7036"},{"taxonomy":"post_tag","embeddable":true,"href":"https:\/\/7ports.com.br\/index.php?rest_route=%2Fwp%2Fv2%2Ftags&post=7036"}],"curies":[{"name":"wp","href":"https:\/\/api.w.org\/{rel}","templated":true}]}}