
{"id":7055,"date":"2022-02-11T19:55:04","date_gmt":"2022-02-11T22:55:04","guid":{"rendered":"https:\/\/7ports.com.br\/?p=7055"},"modified":"2022-02-18T12:12:20","modified_gmt":"2022-02-18T15:12:20","slug":"eua-japao-holanda-e-coreia-do-sul-pedem-que-seus-cidadaos-deixem-a-ucrania","status":"publish","type":"post","link":"https:\/\/7ports.com.br\/?p=7055","title":{"rendered":"EUA, Jap\u00e3o, Holanda e Coreia do Sul pedem que seus cidad\u00e3os deixem a Ucr\u00e2nia"},"content":{"rendered":"\n<p>O presidente dos&nbsp;<a href=\"https:\/\/g1.globo.com\/tudo-sobre\/estados-unidos\/\">Estados Unidos<\/a>,&nbsp;<a href=\"https:\/\/g1.globo.com\/tudo-sobre\/joe-biden\/\">Joe Biden<\/a>, pediu na quinta-feira (10) aos cidad\u00e3os americanos que est\u00e3o na&nbsp;<a href=\"https:\/\/g1.globo.com\/tudo-sobre\/ucrania\/\">Ucr\u00e2nia<\/a>&nbsp;para que saiam do pa\u00eds devido \u00e0 amea\u00e7a de uma invas\u00e3o russa.&nbsp;<a href=\"https:\/\/g1.globo.com\/tudo-sobre\/japao\/\">Jap\u00e3o<\/a>, Coreia do Sul e&nbsp;<a href=\"https:\/\/g1.globo.com\/tudo-sobre\/holanda\/\">Holanda<\/a>&nbsp;tamb\u00e9m pedem para seus cidad\u00e3os sa\u00edrem.<\/p>\n\n\n\n<ul><li><a href=\"https:\/\/api.whatsapp.com\/send?text=https:\/\/g1.globo.com\/mundo\/noticia\/2022\/02\/11\/biden-pede-que-cidadaos-americanos-deixem-a-ucrania-diplomacia-dos-eua-diz-que-russos-podem-invadir-a-qualquer-momento.ghtml?utm_source%3Dwhatsapp%26utm_medium%3Dshare-engagement%26utm_campaign%3Dte-materias\" target=\"_blank\" rel=\"noreferrer noopener\"><strong>Compartilhe no WhatsApp<\/strong><\/a><strong><\/strong><\/li><li><a href=\"https:\/\/telegram.me\/share\/url?url=?utm_source%3Dtelegram%26utm_medium%3Dshare-engagement%26utm_campaign%3Dte-materias\" target=\"_blank\" rel=\"noreferrer noopener\"><strong>Compartilhe no Telegram<\/strong><\/a><\/li><\/ul>\n\n\n\n<p>&#8220;Os cidad\u00e3os americanos deveriam sair agora. As coisas podem acelerar rapidamente&#8221;, declarou Biden durante uma entrevista para a NBC News. Ele citou o n\u00famero de soldados que a&nbsp;<a href=\"https:\/\/g1.globo.com\/tudo-sobre\/russia\/\">R\u00fassia<\/a>&nbsp;deslocou para a regi\u00e3o da fronteira com a&nbsp;<a href=\"https:\/\/g1.globo.com\/tudo-sobre\/ucrania\/\">Ucr\u00e2nia<\/a>: 100 mil.<\/p>\n\n\n\n<p>Biden descartou novamente a ideia de enviar soldados \u00e0&nbsp;<a href=\"https:\/\/g1.globo.com\/tudo-sobre\/ucrania\/\">Ucr\u00e2nia<\/a>, nem mesmo para ajudar a retirar os cidad\u00e3os americanos em caso de invas\u00e3o. Isso seria &#8220;uma guerra mundial. Quando os americanos e os russos come\u00e7am a atirar uns nos outros, entramos num mundo muito diferente&#8221;, afirmou Biden.https:\/\/651f604728fcd1b7baa6a4c4e8dbf0b7.safeframe.googlesyndication.com\/safeframe\/1-0-38\/html\/container.html<\/p>\n\n\n\n<p>O Minist\u00e9rio de Rela\u00e7\u00f5es Exteriores do&nbsp;<a href=\"https:\/\/g1.globo.com\/tudo-sobre\/japao\/\">Jap\u00e3o<\/a>&nbsp;publicou nesta sexta uma nota em que pede para seus cidad\u00e3os deixarem a&nbsp;<a href=\"https:\/\/g1.globo.com\/tudo-sobre\/ucrania\/\">Ucr\u00e2nia<\/a>&nbsp;imediatamente. H\u00e1 cerca de 150 japoneses no pa\u00eds, segundo o minist\u00e9rio. A&nbsp;<a href=\"https:\/\/g1.globo.com\/tudo-sobre\/holanda\/\">Holanda<\/a>&nbsp;e a Coreia do Sul tamb\u00e9m fizeram o mesmo pedido aos seus cidad\u00e3os.<\/p>\n\n\n\n<p>A recomenda\u00e7\u00e3o mais recente do governo brasileiro, de 31 de janeiro, diz que &#8220;n\u00e3o h\u00e1, no momento, nenhuma recomenda\u00e7\u00e3o de seguran\u00e7a da embaixada brasileira contr\u00e1ria a visitas ou \u00e0 perman\u00eancia na&nbsp;<a href=\"https:\/\/g1.globo.com\/tudo-sobre\/ucrania\/\">Ucr\u00e2nia<\/a>&#8220;.<\/p>\n\n\n\n<p>O&nbsp;<a href=\"https:\/\/g1.globo.com\/\">g1<\/a>&nbsp;perguntou ao Itamaraty e \u00e0 Embaixada Brasileira em Kiev se houve alguma mudan\u00e7a na recomenda\u00e7\u00e3o por conta das recentes movimenta\u00e7\u00f5es, mas n\u00e3o recebeu resposta at\u00e9 a \u00faltima atualiza\u00e7\u00e3o desta reportagem.<\/p>\n\n\n\n<p><strong>Veja neste texto:<\/strong><\/p>\n\n\n\n<ul><li><strong>Chefe da diplomacia dos EUA diz que invas\u00e3o pode ocorrer a qualquer momento;<\/strong><\/li><li><strong>Biden afirma que EUA n\u00e3o v\u00e3o enviar soldados \u00e0&nbsp;<\/strong><a href=\"https:\/\/g1.globo.com\/tudo-sobre\/ucrania\/\"><strong>Ucr\u00e2nia<\/strong><\/a><strong>;<\/strong><\/li><li><strong>A rea\u00e7\u00e3o dos ucranianos;<\/strong><\/li><li><a href=\"https:\/\/g1.globo.com\/tudo-sobre\/holanda\/\"><strong>Holanda<\/strong><\/a><strong>,&nbsp;<\/strong><a href=\"https:\/\/g1.globo.com\/tudo-sobre\/japao\/\"><strong>Jap\u00e3o<\/strong><\/a><strong>&nbsp;e Coreia do Sul pedem para seus cidad\u00e3os sa\u00edrem;<\/strong><\/li><li><strong>Russos iniciam manobras militares na Belarus;<\/strong><\/li><li><strong>Otan aponta &#8216;risco real&#8217; de um conflito armado na Europa pela crise na&nbsp;<\/strong><a href=\"https:\/\/g1.globo.com\/tudo-sobre\/ucrania\/\"><strong>Ucr\u00e2nia<\/strong><\/a><strong>;<\/strong><\/li><li><strong>Rela\u00e7\u00f5es com Reino Unido est\u00e3o \u201cperto de zero\u201d, diz ministro russo;<\/strong><\/li><li><strong>Pa\u00edses do Ocidente amea\u00e7am&nbsp;<\/strong><a href=\"https:\/\/g1.globo.com\/tudo-sobre\/russia\/\"><strong>R\u00fassia<\/strong><\/a><strong>&nbsp;com san\u00e7\u00f5es econ\u00f4micas.<\/strong><\/li><\/ul>\n\n\n\n<figure class=\"wp-block-image\"><img decoding=\"async\" src=\"https:\/\/s2.glbimg.com\/-A4ISSA3YLjx2hmefWyXE5GCVlQ=\/0x0:3608x2533\/984x0\/smart\/filters:strip_icc()\/i.s3.glbimg.com\/v1\/AUTH_59edd422c0c84a879bd37670ae4f538a\/internal_photos\/bs\/2022\/8\/J\/sMELXBS3A6BxKeyJorvg\/2022-02-11t090449z-239089555-rc2jhs9reuwm-rtrmadp-3-ukraine-crisis-east.jpg\" alt=\"Um ucraniano de guarda pr\u00f3ximo de uma regi\u00e3o onde h\u00e1 conflitos com separatistas  no leste do pa\u00eds, em 11 de fevereiro de 2022 \u2014 Foto: Oleksandr Klymenko\/Reuters\"\/><\/figure>\n\n\n\n<p>Um ucraniano de guarda pr\u00f3ximo de uma regi\u00e3o onde h\u00e1 conflitos com separatistas no leste do pa\u00eds, em 11 de fevereiro de 2022 \u2014 Foto: Oleksandr Klymenko\/Reutershttps:\/\/651f604728fcd1b7baa6a4c4e8dbf0b7.safeframe.googlesyndication.com\/safeframe\/1-0-38\/html\/container.html<\/p>\n\n\n\n<p>Nesta sexta-feira, Antony Blinken, o chefe da diplomacia americana, disse que a&nbsp;<a href=\"https:\/\/g1.globo.com\/tudo-sobre\/russia\/\">R\u00fassia<\/a>&nbsp;continua enviando tropas para sua fronteira com a&nbsp;<a href=\"https:\/\/g1.globo.com\/tudo-sobre\/ucrania\/\">Ucr\u00e2nia<\/a>&nbsp;e afirmou que a invas\u00e3o pode come\u00e7ar &#8220;a qualquer momento&#8221;, inclusive durante os Jogos Ol\u00edmpicos de Inverno que acontecem na China.<\/p>\n\n\n\n<blockquote class=\"wp-block-quote\"><p>&#8220;A invas\u00e3o pode acontecer a qualquer momento e, sejamos claros, pode ocorrer inclusive durante os Jogos Ol\u00edmpicos&#8221;, afirmou, referindo-se a hip\u00f3teses lan\u00e7adas sobre o desejo da&nbsp;<a href=\"https:\/\/g1.globo.com\/tudo-sobre\/russia\/\">R\u00fassia<\/a>&nbsp;de esperar que o evento esportivo termine para n\u00e3o ofuscar seu aliado, a China.<\/p><\/blockquote>\n\n\n\n<p><strong>Leia tamb\u00e9m<\/strong><\/p>\n\n\n\n<ul><li><a href=\"https:\/\/g1.globo.com\/mundo\/noticia\/2022\/02\/10\/estamos-em-um-dos-momentos-mais-perigosos-da-crise-diz-boris-johnson-sobre-conflitos-na-ucrania.ghtml\"><strong>&#8216;Estamos em um dos momentos mais perigosos da crise&#8217; diz Boris Johnson sobre conflitos na Ucr\u00e2nia<\/strong><\/a><\/li><li><a href=\"https:\/\/g1.globo.com\/mundo\/noticia\/2022\/02\/09\/russia-x-ucrania-entenda-guerra-hibrida-que-ucranianos-acusam-putin-de-promover.ghtml\"><strong>R\u00fassia x Ucr\u00e2nia: entenda &#8216;guerra h\u00edbrida&#8217; que ucranianos acusam Putin de promover<\/strong><\/a><\/li><\/ul>\n\n\n\n<figure class=\"wp-block-image\"><img decoding=\"async\" src=\"https:\/\/s04.video.glbimg.com\/x240\/10241079.jpg\" alt=\"Por que a R\u00fassia pode invadir a Ucr\u00e2nia? Entenda em 3 pontos\" title=\"Por que a R\u00fassia pode invadir a Ucr\u00e2nia? Entenda em 3 pontos\"\/><\/figure>\n\n\n\n<figure class=\"wp-block-embed\"><div class=\"wp-block-embed__wrapper\">\nhttps:\/\/imasdk.googleapis.com\/js\/core\/bridge3.498.1_pt_br.html#goog_1778875631&#8211;:&#8211;\/&#8211;:&#8211;\n<\/div><\/figure>\n\n\n\n<p>Por que a R\u00fassia pode invadir a Ucr\u00e2nia? Entenda em 3 pontoshttps:\/\/651f604728fcd1b7baa6a4c4e8dbf0b7.safeframe.googlesyndication.com\/safeframe\/1-0-38\/html\/container.html<\/p>\n\n\n\n<h2 class=\"wp-block-heading\" id=\"nada-de-novo-diz-ministro-da-ucrania\"><strong>&#8216;Nada de novo&#8217;, diz ministro da&nbsp;<\/strong><a href=\"https:\/\/g1.globo.com\/tudo-sobre\/ucrania\/\"><strong>Ucr\u00e2nia<\/strong><\/a><\/h2>\n\n\n\n<p>As autoridades ucranianas deram declara\u00e7\u00f5es para minimizar a fala do presidente dos EUA<a href=\"https:\/\/g1.globo.com\/tudo-sobre\/estados-unidos\/\">.<\/a><\/p>\n\n\n\n<p>&#8220;N\u00e3o h\u00e1 nada de novo nesta declara\u00e7\u00e3o&#8221;, disse o ministro das Rela\u00e7\u00f5es Exteriores da&nbsp;<a href=\"https:\/\/g1.globo.com\/tudo-sobre\/ucrania\/\">Ucr\u00e2nia<\/a>, Dmytro Kuleba.<\/p>\n\n\n\n<p>Dias atr\u00e1s, o governo ucraniano j\u00e1 considerava exagerada a decis\u00e3o de Washington de evacuar seu pessoal diplom\u00e1tico.<\/p>\n\n\n\n<p>&#8220;Conhecemos a posi\u00e7\u00e3o dos&nbsp;<a href=\"https:\/\/g1.globo.com\/tudo-sobre\/estados-unidos\/\">Estados Unidos<\/a>, que j\u00e1 fez esse tipo de declara\u00e7\u00e3o antes&#8221;, disse Kuleba a rep\u00f3rteres.<\/p>\n\n\n\n<p>&#8220;Eles j\u00e1 come\u00e7aram a evacuar parte de seus funcion\u00e1rios da embaixada e familiares. Esta declara\u00e7\u00e3o n\u00e3o mostra nenhuma mudan\u00e7a radical na situa\u00e7\u00e3o&#8221;, acrescentou.<\/p>\n\n\n\n<h2 class=\"wp-block-heading\" id=\"exercicios-militares-na-belarus\">Exerc\u00edcios militares na Belarus<\/h2>\n\n\n\n<p>A entrevista com Biden foi ao ar ap\u00f3s o in\u00edcio de importantes manobras conjuntas entre os ex\u00e9rcitos russo e belarrusso \u00e0s portas da&nbsp;<a href=\"https:\/\/g1.globo.com\/tudo-sobre\/ucrania\/\">Ucr\u00e2nia<\/a>, diminuindo as esperan\u00e7as de uma desescalada ap\u00f3s semanas de intensos esfor\u00e7os diplom\u00e1ticos na Europa.<\/p>\n\n\n\n<blockquote class=\"wp-block-quote\"><p>Estes exerc\u00edcios, concentrados principalmente na regi\u00e3o da Belarus de Brest, fronteiri\u00e7a com a&nbsp;<a href=\"https:\/\/g1.globo.com\/tudo-sobre\/ucrania\/\">Ucr\u00e2nia<\/a>, envolvem o envio de m\u00edsseis e armamento pesado e, segundo os&nbsp;<a href=\"https:\/\/g1.globo.com\/tudo-sobre\/estados-unidos\/\">Estados Unidos<\/a>, de 30 mil soldados russos adicionais.<\/p><\/blockquote>\n\n\n\n<p>A Otan garantiu que o envio de m\u00edsseis, armamento pesado e soldados armados a esse pa\u00eds situado ao norte da&nbsp;<a href=\"https:\/\/g1.globo.com\/tudo-sobre\/ucrania\/\">Ucr\u00e2nia<\/a>&nbsp;era &#8220;um momento perigoso para a seguran\u00e7a da Europa&#8221;, que vive os momentos de maior tens\u00e3o desde a Guerra Fria.https:\/\/651f604728fcd1b7baa6a4c4e8dbf0b7.safeframe.googlesyndication.com\/safeframe\/1-0-38\/html\/container.html<\/p>\n\n\n\n<p>O presidente ucraniano, Volodymyr Zelensky, acusou Moscou de exercer uma &#8220;press\u00e3o psicol\u00f3gica&#8221; sobre a ex-rep\u00fablica sovi\u00e9tica, agora inclinada para o Ocidente.<\/p>\n\n\n\n<h2 class=\"wp-block-heading\" id=\"manobras-defensivas-segundo-moscou\">Manobras defensivas, segundo Moscou<\/h2>\n\n\n\n<p>Os l\u00edderes europeus estavam envolvidos nas \u00faltimas semanas em um frenesi diplom\u00e1tico para tentar diminuir as tens\u00f5es, incluindo visitas a Moscou do presidente da Fran\u00e7a, Emmanuel Macron, e futuramente do chanceler alem\u00e3o, Olaf Scholz.<\/p>\n\n\n\n<p>O mandat\u00e1rio alem\u00e3o se reuniu com l\u00edderes dos pa\u00edses b\u00e1lticos nesta quinta-feira e alertou a&nbsp;<a href=\"https:\/\/g1.globo.com\/tudo-sobre\/russia\/\">R\u00fassia<\/a>&nbsp;para &#8220;n\u00e3o subestimar a uni\u00e3o e a determina\u00e7\u00e3o como membro da Uni\u00e3o Europeia e aliando da Otan&#8221;.<\/p>\n\n\n\n<p>O chefe do Estado-Maior dos EUA, general Mark Milley, disse que queria evitar &#8220;incidentes desagrad\u00e1veis&#8221; no in\u00edcio das manobras militares, e conversou por telefone com o colega bielorrusso, general Victor Goulevitch.<\/p>\n\n\n\n<p>O ministro da Defesa russo insistiu que os exerc\u00edcios focariam em &#8220;suprimir e repelir agress\u00f5es externas&#8221; e o Kremlin prometeu que as tropas ser\u00e3o repatriadas ao fim das manobras, previstas at\u00e9 20 de fevereiro.<\/p>\n\n\n\n<p>A&nbsp;<a href=\"https:\/\/g1.globo.com\/tudo-sobre\/russia\/\">R\u00fassia<\/a>&nbsp;tamb\u00e9m enviou seis navios de guerra atrav\u00e9s do B\u00f3sforo para a realiza\u00e7\u00e3o de exerc\u00edcios navais no mar Negro e no mar de Azov.<\/p>\n\n\n\n<p>Diante da indigna\u00e7\u00e3o europeia, o chefe da diplomacia russa, Serguei Lavrov, classificou de &#8220;incompreens\u00edvel&#8221; a preocupa\u00e7\u00e3o com os exerc\u00edcios militares e alertou que &#8220;ultimatos e amea\u00e7as n\u00e3o levam a lugar algum&#8221;.https:\/\/651f604728fcd1b7baa6a4c4e8dbf0b7.safeframe.googlesyndication.com\/safeframe\/1-0-38\/html\/container.html<\/p>\n\n\n\n<p>Lavrov recebeu em Moscou a hom\u00f3loga brit\u00e2nica, Liz Truss, que pediu a retirada das tropas russas da fronteira com a&nbsp;<a href=\"https:\/\/g1.globo.com\/tudo-sobre\/ucrania\/\">Ucr\u00e2nia<\/a>. A ofensiva diplom\u00e1tica de Londres foi completada pela visita do primeiro-ministro Boris Johnson \u00e0 Otan e Pol\u00f4nia.<\/p>\n\n\n\n<h2 class=\"wp-block-heading\" id=\"otan-ha-risco-de-conflito-armado\">Otan: h\u00e1 risco de conflito armado<\/h2>\n\n\n\n<p>O secret\u00e1rio-geral da Otan (Organiza\u00e7\u00e3o do Tratado do Atl\u00e2ntico Norte), Jens Stoltenberg, voltou a dizer, nesta sexta-feira (11) que h\u00e1 um &#8220;risco real de um novo conflito armado&#8221; na Europa, durante uma visita a uma base militar da Alian\u00e7a, situada na Rom\u00eania.<\/p>\n\n\n\n<p>&#8220;O n\u00famero de soldados russos aumenta, enquanto os prazos de advert\u00eancia diminuem&#8221;, afirmou Stoltenberg. Ele deu a declara\u00e7\u00e3o enquanto visitava uma base militar no sudeste da Rom\u00eania, perto do mar Negro.<\/p>\n\n\n\n<p>H\u00e1 semanas a Otan acusa o governo da&nbsp;<a href=\"https:\/\/g1.globo.com\/tudo-sobre\/russia\/\">R\u00fassia<\/a>&nbsp;de preparar uma agress\u00e3o militar contra a&nbsp;<a href=\"https:\/\/g1.globo.com\/tudo-sobre\/ucrania\/\">Ucr\u00e2nia<\/a>.<\/p>\n\n\n\n<p>Mil militares americanos devem chegar \u00e0 Rom\u00eania esta semana.<\/p>\n\n\n\n<p>Outros cen\u00e1rios distintos a uma invas\u00e3o da&nbsp;<a href=\"https:\/\/g1.globo.com\/tudo-sobre\/ucrania\/\">Ucr\u00e2nia<\/a>&nbsp;tamb\u00e9m s\u00e3o contemplados, disse Stoltenberg. Segundo ele, pode haver tentativas de derrubar o governo da&nbsp;<a href=\"https:\/\/g1.globo.com\/tudo-sobre\/ucrania\/\">Ucr\u00e2nia<\/a>&nbsp;ou ciberataques h\u00edbridos.<\/p>\n\n\n\n<p>&#8220;Ao mesmo tempo, n\u00e3o h\u00e1 nenhuma certeza, ent\u00e3o continuamos pedindo \u00e0&nbsp;<a href=\"https:\/\/g1.globo.com\/tudo-sobre\/russia\/\">R\u00fassia<\/a>&nbsp;uma desescalada e que participe de um di\u00e1logo pol\u00edtico com a Otan&#8221;, afirmou o chefe da Alian\u00e7a durante coletiva de imprensa.https:\/\/651f604728fcd1b7baa6a4c4e8dbf0b7.safeframe.googlesyndication.com\/safeframe\/1-0-38\/html\/container.html<\/p>\n\n\n\n<p>A Otan est\u00e1 preocupada com essa &#8220;concentra\u00e7\u00e3o de tropas, acompanhada de uma ret\u00f3rica amea\u00e7adora por parte da&nbsp;<a href=\"https:\/\/g1.globo.com\/tudo-sobre\/russia\/\">R\u00fassia<\/a>&#8220;, segundo o l\u00edder da organiza\u00e7\u00e3o. Ele disse que os aliados est\u00e3o unidos e determinados a reagir.<\/p>\n\n\n\n<p>&#8220;\u00c9 por isso que a presen\u00e7a de tropas da Otan na Rom\u00eania \u00e9 t\u00e3o importante&#8221;, destacou Stoltenberg.<\/p>\n\n\n\n<h2 class=\"wp-block-heading\" id=\"presidente-da-romenia-russia-quer-intimidar\">Presidente da Rom\u00eania:&nbsp;<a href=\"https:\/\/g1.globo.com\/tudo-sobre\/russia\/\">R\u00fassia<\/a>&nbsp;quer intimidar<\/h2>\n\n\n\n<p>O presidente da Rom\u00eancia, Klaus Iohannis, disse que essa \u00e9 uma das crises mais grave desde a queda da Cortina de Ferro. O romeno Iohannis afirmou que&nbsp;<a href=\"https:\/\/g1.globo.com\/tudo-sobre\/russia\/\">R\u00fassia<\/a>&nbsp;tem uma estrat\u00e9gia de intimida\u00e7\u00e3o.<\/p>\n\n\n\n<p>Dezenas de tanques americanos de transporte de tropas, que antes estavam estacionados na Alemanha, chegaram \u00e0 Rom\u00eania nas \u00faltimas 36 horas.<\/p>\n\n\n\n<p>O embaixador russo na Rom\u00eania, Valery Kuzumin, disse nesta quarta-feira que a \u00fanica coisa que essas mobiliza\u00e7\u00f5es militares fazem \u00e9 &#8220;reacender o fogo&#8221; e &#8220;contribuir para uma escalada das tens\u00f5es&#8221;. Um dia depois, o minist\u00e9rio romeno das Rela\u00e7\u00f5es Exteriores o convocou.<\/p>\n\n\n\n<p>A Rom\u00eania \u00e9 membro da Alian\u00e7a Atl\u00e2ntica desde 2004 e abriga 900 soldados americanos, 140 italianos e 250 poloneses.<\/p>\n\n\n\n<h2 class=\"wp-block-heading\" id=\"sem-cooperacao-entre-russia-e-reino-unido\">Sem coopera\u00e7\u00e3o entre&nbsp;<a href=\"https:\/\/g1.globo.com\/tudo-sobre\/russia\/\">R\u00fassia<\/a>&nbsp;e Reino Unido<\/h2>\n\n\n\n<p>O ministro da Defesa da&nbsp;<a href=\"https:\/\/g1.globo.com\/tudo-sobre\/russia\/\">R\u00fassia<\/a>, Serguei Shoigu, disse nesta sexta-feira (11), em reuni\u00e3o com seu hom\u00f3logo do Reino Unido, Ben Wallace, que as rela\u00e7\u00f5es entre os governos dos dos pa\u00edses est\u00e3o em ponto baixo em meio \u00e0s tens\u00f5es sobre a&nbsp;<a href=\"https:\/\/g1.globo.com\/tudo-sobre\/ucrania\/\">Ucr\u00e2nia<\/a>.https:\/\/651f604728fcd1b7baa6a4c4e8dbf0b7.safeframe.googlesyndication.com\/safeframe\/1-0-38\/html\/container.html<\/p>\n\n\n\n<p>&#8220;Infelizmente, o n\u00edvel da nossa coopera\u00e7\u00e3o est\u00e1 perto de zero e prestes a cruzar o meridiano zero e se tornar negativo, o que n\u00e3o \u00e9 desej\u00e1vel&#8221;, declarou Shoigu, conforme ag\u00eancias russas de not\u00edcias.<\/p>\n\n\n\n<h2 class=\"wp-block-heading\" id=\"sancoes-economicas\">San\u00e7\u00f5es econ\u00f4micas<\/h2>\n\n\n\n<p>Para os EUA, a&nbsp;<a href=\"https:\/\/g1.globo.com\/tudo-sobre\/russia\/\">R\u00fassia<\/a>&nbsp;se prepara para lan\u00e7ar uma nova opera\u00e7\u00e3o militar contra a&nbsp;<a href=\"https:\/\/g1.globo.com\/tudo-sobre\/ucrania\/\">Ucr\u00e2nia<\/a>, ap\u00f3s a anexa\u00e7\u00e3o da Crimeia, em 2014. O governo da&nbsp;<a href=\"https:\/\/g1.globo.com\/tudo-sobre\/russia\/\">R\u00fassia<\/a>&nbsp;nega qualquer inten\u00e7\u00e3o b\u00e9lica e afirma que deseja garantir sua seguran\u00e7a diante do que considera um comportamento hostil de Kiev e da Otan.<\/p>\n\n\n\n<p>Os russos exigem o fim da pol\u00edtica de amplia\u00e7\u00e3o da Otan, o compromisso de n\u00e3o instalar armas ofensivas perto das fronteiras russas e o recuo da infraestrutura militar da Alian\u00e7a \u00e0s fronteiras de 1997, ou seja, antes de a organiza\u00e7\u00e3o receber os ex-membros do bloco sovi\u00e9tico.<\/p>\n\n\n\n<p>Os pa\u00edses ocidentais consideram estas condi\u00e7\u00f5es inaceit\u00e1veis e amea\u00e7am impor san\u00e7\u00f5es econ\u00f4micas em caso de ofensiva na&nbsp;<a href=\"https:\/\/g1.globo.com\/tudo-sobre\/ucrania\/\">Ucr\u00e2nia<\/a>, com destaque para poss\u00edveis consequ\u00eancias negativas para o gasoduto Nord Stream 2, entre&nbsp;<a href=\"https:\/\/g1.globo.com\/tudo-sobre\/russia\/\">R\u00fassia<\/a>&nbsp;e Alemanha.<\/p>\n\n\n\n<p>Apesar das tens\u00f5es, ambas as partes advogam por manter a via diplom\u00e1tica aberta, que parecia dar resultado antes do in\u00edcio das manobras militares em Belarus.<\/p>\n\n\n\n<p>Ap\u00f3s a anexa\u00e7\u00e3o da Crimeia em 2014, uma guerra eclodiu em Donbass (leste da&nbsp;<a href=\"https:\/\/g1.globo.com\/tudo-sobre\/ucrania\/\">Ucr\u00e2nia<\/a>) entre as for\u00e7as de Kiev e separatistas pr\u00f3-<a href=\"https:\/\/g1.globo.com\/tudo-sobre\/russia\/\">R\u00fassia<\/a>&nbsp;que j\u00e1 deixou mais de 14.000 mortes em oito anos, segundo o \u00faltimo balan\u00e7o da ONU.<\/p>\n","protected":false},"excerpt":{"rendered":"<p>O presidente dos&nbsp;Estados Unidos,&nbsp;Joe Biden, pediu na quinta-feira (10) aos cidad\u00e3os americanos que est\u00e3o na&nbsp;Ucr\u00e2nia&nbsp;para que saiam do pa\u00eds devido \u00e0 amea\u00e7a de uma invas\u00e3o russa.&nbsp;Jap\u00e3o, Coreia do Sul e&nbsp;Holanda&nbsp;tamb\u00e9m<\/p>\n","protected":false},"author":1,"featured_media":7056,"comment_status":"closed","ping_status":"closed","sticky":false,"template":"","format":"standard","meta":[],"categories":[1],"tags":[],"_links":{"self":[{"href":"https:\/\/7ports.com.br\/index.php?rest_route=\/wp\/v2\/posts\/7055"}],"collection":[{"href":"https:\/\/7ports.com.br\/index.php?rest_route=\/wp\/v2\/posts"}],"about":[{"href":"https:\/\/7ports.com.br\/index.php?rest_route=\/wp\/v2\/types\/post"}],"author":[{"embeddable":true,"href":"https:\/\/7ports.com.br\/index.php?rest_route=\/wp\/v2\/users\/1"}],"replies":[{"embeddable":true,"href":"https:\/\/7ports.com.br\/index.php?rest_route=%2Fwp%2Fv2%2Fcomments&post=7055"}],"version-history":[{"count":1,"href":"https:\/\/7ports.com.br\/index.php?rest_route=\/wp\/v2\/posts\/7055\/revisions"}],"predecessor-version":[{"id":7057,"href":"https:\/\/7ports.com.br\/index.php?rest_route=\/wp\/v2\/posts\/7055\/revisions\/7057"}],"wp:featuredmedia":[{"embeddable":true,"href":"https:\/\/7ports.com.br\/index.php?rest_route=\/wp\/v2\/media\/7056"}],"wp:attachment":[{"href":"https:\/\/7ports.com.br\/index.php?rest_route=%2Fwp%2Fv2%2Fmedia&parent=7055"}],"wp:term":[{"taxonomy":"category","embeddable":true,"href":"https:\/\/7ports.com.br\/index.php?rest_route=%2Fwp%2Fv2%2Fcategories&post=7055"},{"taxonomy":"post_tag","embeddable":true,"href":"https:\/\/7ports.com.br\/index.php?rest_route=%2Fwp%2Fv2%2Ftags&post=7055"}],"curies":[{"name":"wp","href":"https:\/\/api.w.org\/{rel}","templated":true}]}}