
{"id":7091,"date":"2022-02-17T20:05:35","date_gmt":"2022-02-17T23:05:35","guid":{"rendered":"https:\/\/7ports.com.br\/?p=7091"},"modified":"2022-02-24T11:54:43","modified_gmt":"2022-02-24T14:54:43","slug":"tragedia-historica-em-petropolis-deixa-mais-154-mortos","status":"publish","type":"post","link":"https:\/\/7ports.com.br\/?p=7091","title":{"rendered":"Trag\u00e9dia hist\u00f3rica em Petr\u00f3polis deixa mais 154 mortos"},"content":{"rendered":"\n<p>Por Rodrigo Viga Gaier<\/p>\n\n\n\n<p>RIO DE JANEIRO (Reuters) \u2013 Um temporal deixou ao menos 38 mortos e provocou enorme destrui\u00e7\u00e3o na cidade de Petr\u00f3polis, na Regi\u00e3o Serrana do Rio de Janeiro, informaram autoridades nesta quarta-feira, enquanto equipes de resgate seguem as buscas por v\u00e1rios desaparecidos em meio a um cen\u00e1rio \u201cquase de guerra\u201d.<\/p>\n\n\n\n<figure class=\"wp-block-image size-full is-resized\"><img decoding=\"async\" loading=\"lazy\" src=\"https:\/\/7ports.com.br\/wp-content\/uploads\/2022\/02\/image-1.jpeg\" alt=\"\" class=\"wp-image-7093\" width=\"815\" height=\"456\"\/><\/figure>\n\n\n\n<p>As ruas da cidade foram inundadas pela&nbsp;chuva&nbsp;forte, que provocou desabamentos e deslizamentos de terra que resultaram na morte de pessoas soterradas. At\u00e9 80 casas foram atingidas por barreiras e deslizamentos no Morro da Oficina, um dos locais mais cr\u00edticos no momento, de acordo com as autoridades.<\/p>\n\n\n\n<p>V\u00e1rias equipes do Corpo de Bombeiros, Defesa Civil e prefeitura est\u00e3o trabalhando no local. De acordo com parentes e amigos, haveria muitas pessoas soterradas na regi\u00e3o.<\/p>\n\n\n\n<p>\u201cFoi um trag\u00e9dia de uma hora para outra e uma\u00a0chuva\u00a0raramente vista. Uma quantidade absurda de\u00a0chuva\u00a0e n\u00e3o teve como salvar todas as pessoas e vidas\u201d, disse a jornalistas o governador do Rio de Janeiro, Cla\u00fadio Castro, no local da trag\u00e9dia.<\/p>\n\n\n\n<figure class=\"wp-block-image size-full is-resized\"><img decoding=\"async\" loading=\"lazy\" src=\"https:\/\/7ports.com.br\/wp-content\/uploads\/2022\/02\/image-2.jpeg\" alt=\"\" class=\"wp-image-7094\" width=\"836\" height=\"468\"\/><\/figure>\n\n\n\n<p>\u201cA situa\u00e7\u00e3o \u00e9 quase de guerra em Petr\u00f3polis. Carro pendurado em postes, carros revirados, muita lama e \u00e1gua ainda\u201d, acrescentou.<\/p>\n\n\n\n<p>Segundo as autoridades, o n\u00famero de mortos pode subir nas pr\u00f3ximas horas. A prefeitura decretou luto oficial de tr\u00eas dias, uma vez que a cidade est\u00e1 praticamente parada devido aos estragos.<\/p>\n\n\n\n<p>Desabrigados e desalojados est\u00e3o sendo levados para escolas, pontos de apoio e de acolhimento. Mais de 300 pessoas tiveram que deixar suas casas.<\/p>\n\n\n\n<p>\u201cVivemos um momento de grande tristeza com o n\u00famero de v\u00edtimas fatais que ainda pode aumentar e a quantidade de ocorr\u00eancias que impactam drasticamente a nossa cidade. Unimos todos os nossos esfor\u00e7os e contamos com o suporte do Estado para o atendimento \u00e1gil \u00e0s v\u00edtimas e recupera\u00e7\u00e3o da cidade\u201d, disse o prefeito Rubens Bomtempo.<\/p>\n\n\n\n<figure class=\"wp-block-image is-resized\"><img decoding=\"async\" loading=\"lazy\" src=\"https:\/\/encrypted-tbn0.gstatic.com\/images?q=tbn:ANd9GcT8ANS5yVeu8pJ5Ii1IANuhQYR1k5KpKT65tQ&amp;usqp=CAU\" alt=\"Ap\u00f3s chuva em Petr\u00f3polis, n\u00famero de mortos chega a 94 - Livramento Hoje\" width=\"842\" height=\"560\"\/><\/figure>\n\n\n\n<p>Choveu em Petr\u00f3polis apenas na tarde de ter\u00e7a-feira o volume esperado para todo o m\u00eas de fevereiro.<\/p>\n\n\n\n<p>Diversas crateras se abriram em ruas e avenidas da cidade e o asfalto chegou a ser arrancado em alguns pontos mais afetados pelo temporal. Lojas e estabelecimento comerciais invadidos pela \u00e1gua da&nbsp;chuva&nbsp;e pela lama contabilizam os enormes preju\u00edzos.<\/p>\n\n\n\n<p>\u201cA \u00e1gua subiu muito r\u00e1pido e veio com muita for\u00e7a. Meu preju\u00edzo foi de 100%. Nossa vida j\u00e1 estava bem dif\u00edcil com pandemia e menos movimento e ainda vem essa trag\u00e9dia. Vai ser dif\u00edcil\u201d, disse o comerciante Henrique Pereira.<\/p>\n\n\n\n<figure class=\"wp-block-image is-resized\"><img decoding=\"async\" loading=\"lazy\" src=\"https:\/\/encrypted-tbn0.gstatic.com\/images?q=tbn:ANd9GcRteLvLvN9vuYX0gm_eXXkzc-gt2y3IZArLVQ&amp;usqp=CAU\" alt=\"Quantas pessoas morreram em Petr\u00f3polis? N\u00famero de mortos subiu hoje; veja  \u00faltimas not\u00edcias\" width=\"838\" height=\"459\"\/><\/figure>\n\n\n\n<p>O presidente Jair Bolsonaro, que est\u00e1 em viagem oficial \u00e0 R\u00fassia, disse no Twitter que orientou ministros a auxiliarem a cidade e as v\u00edtimas do temporal. Ele disse ter conversado com os ministros do Desenvolvimento Regional, Rog\u00e9rio Marinho, e da Economia, Paulo Guedes, para garantir aux\u00edlio \u00e0 cidade.<\/p>\n\n\n\n<p>\u201cEstamos em contato com a prefeitura e faremos todos os esfor\u00e7os para socorrer as v\u00edtimas. Nossa Defesa Civil Nacional est\u00e1 trabalhando com as defesas civis do Estado e munic\u00edpio. Determinei a ida do secret\u00e1rio nacional de Defesa Civil, coronel Alexandre Lucas, ao munic\u00edpio\u201d, disse Marinho no Twitter.<\/p>\n\n\n\n<figure class=\"wp-block-image is-resized\"><img decoding=\"async\" loading=\"lazy\" src=\"https:\/\/encrypted-tbn0.gstatic.com\/images?q=tbn:ANd9GcSw2AacSLQRRrPlTR6RXXkF8t8nJ-AXPSC1Wg&amp;usqp=CAU\" alt=\"Chuvas causam quedas de barreiras, alagamentos e mortes em Petr\u00f3polis -  Jornal e TV O Di\u00e1rio de Teres\u00f3polis\" width=\"820\" height=\"444\"\/><\/figure>\n\n\n\n<p>A Defesa Civil informou que ainda h\u00e1 previs\u00e3o de&nbsp;chuva&nbsp;de fraca a moderada na cidade. Na manh\u00e3 desta quarta o n\u00edvel da \u00e1gua j\u00e1 havia baixado em boa parte dos munic\u00edpios, mas as ruas estavam tomadas por lama e havia lixo espalhado nas vias p\u00fablicas.<\/p>\n\n\n\n<p>Desde o final do ano passado v\u00e1rias regi\u00f5es do pa\u00eds sofreram com temporais que causaram mortes e preju\u00edzos, casos, por exemplo, de cidades de Minas Gerais, Bahia e S\u00e3o Paulo, que tiveram trag\u00e9dias recentes causadas pelos temporais.<\/p>\n\n\n\n<figure class=\"wp-block-image is-resized\"><img decoding=\"async\" loading=\"lazy\" src=\"https:\/\/oquartopoder.com\/wp-content\/uploads\/2022\/02\/temporal.jpg\" alt=\"Petr\u00f3polis: Chuva j\u00e1 deixou mais de 100 mortos 134 pessoas est\u00e3o  desaparecidas\" width=\"831\" height=\"467\"\/><\/figure>\n\n\n\n<p>Em 2011, um forte temporal na Regi\u00e3o Serrana do Rio afetou Petr\u00f3polis, Teres\u00f3polis e outros munic\u00edpios vizinhos deixando quase 1 mil mortes. \u00c0 \u00e9poca, o desastre foi considerado a maior trag\u00e9dia causada por um fen\u00f4meno da natureza no pa\u00eds.<\/p>\n","protected":false},"excerpt":{"rendered":"<p>Por Rodrigo Viga Gaier RIO DE JANEIRO (Reuters) \u2013 Um temporal deixou ao menos 38 mortos e provocou enorme destrui\u00e7\u00e3o na cidade de Petr\u00f3polis, na Regi\u00e3o Serrana do Rio de<\/p>\n","protected":false},"author":1,"featured_media":7092,"comment_status":"closed","ping_status":"closed","sticky":false,"template":"","format":"standard","meta":[],"categories":[1],"tags":[],"_links":{"self":[{"href":"https:\/\/7ports.com.br\/index.php?rest_route=\/wp\/v2\/posts\/7091"}],"collection":[{"href":"https:\/\/7ports.com.br\/index.php?rest_route=\/wp\/v2\/posts"}],"about":[{"href":"https:\/\/7ports.com.br\/index.php?rest_route=\/wp\/v2\/types\/post"}],"author":[{"embeddable":true,"href":"https:\/\/7ports.com.br\/index.php?rest_route=\/wp\/v2\/users\/1"}],"replies":[{"embeddable":true,"href":"https:\/\/7ports.com.br\/index.php?rest_route=%2Fwp%2Fv2%2Fcomments&post=7091"}],"version-history":[{"count":1,"href":"https:\/\/7ports.com.br\/index.php?rest_route=\/wp\/v2\/posts\/7091\/revisions"}],"predecessor-version":[{"id":7095,"href":"https:\/\/7ports.com.br\/index.php?rest_route=\/wp\/v2\/posts\/7091\/revisions\/7095"}],"wp:featuredmedia":[{"embeddable":true,"href":"https:\/\/7ports.com.br\/index.php?rest_route=\/wp\/v2\/media\/7092"}],"wp:attachment":[{"href":"https:\/\/7ports.com.br\/index.php?rest_route=%2Fwp%2Fv2%2Fmedia&parent=7091"}],"wp:term":[{"taxonomy":"category","embeddable":true,"href":"https:\/\/7ports.com.br\/index.php?rest_route=%2Fwp%2Fv2%2Fcategories&post=7091"},{"taxonomy":"post_tag","embeddable":true,"href":"https:\/\/7ports.com.br\/index.php?rest_route=%2Fwp%2Fv2%2Ftags&post=7091"}],"curies":[{"name":"wp","href":"https:\/\/api.w.org\/{rel}","templated":true}]}}