
{"id":7105,"date":"2022-02-22T20:46:13","date_gmt":"2022-02-22T23:46:13","guid":{"rendered":"https:\/\/7ports.com.br\/?p=7105"},"modified":"2022-02-23T01:01:07","modified_gmt":"2022-02-23T04:01:07","slug":"russos-sepatistas-abrem-fogo-na-ucrania","status":"publish","type":"post","link":"https:\/\/7ports.com.br\/?p=7105","title":{"rendered":"As crian\u00e7as estavam tomando caf\u00e9 da manh\u00e3&#8217; durante bombardeio em creche na Ucr\u00e2nia"},"content":{"rendered":"\n<figure class=\"wp-block-image\"><img decoding=\"async\" src=\"https:\/\/encrypted-tbn0.gstatic.com\/images?q=tbn:ANd9GcQUqzZnV-lLedHczj24nUyp3GnckWZjuPVieA&amp;usqp=CAU\" alt=\"Bombardeamentos registados no leste da Ucr\u00e2nia\"\/><\/figure>\n\n\n\n<h1 class=\"wp-block-heading\" id=\"as-criancas-estavam-tomando-cafe-da-manha-durante-bombardeio-em-creche-na-ucrania\">For\u00e7as separatistas Russos abrem fogo contra civis.<\/h1>\n\n\n\n<p><a href=\"https:\/\/www.facebook.com\/dialog\/feed?app_id=458584288257241&amp;link=https%3A%2F%2Fbr.noticias.yahoo.com%2Fcrian%25C3%25A7as-estavam-tomando-caf%25C3%25A9-da-184110931.html%3Fsoc_src%3Dsocial-sh%26soc_trk%3Dfb%26tsrc%3Dfb\" rel=\"noreferrer noopener\" target=\"_blank\"><\/a><a href=\"https:\/\/twitter.com\/intent\/tweet?text=%27As%20crian%C3%A7as%20estavam%20tomando%20caf%C3%A9%20da%20manh%C3%A3%27%20durante%20bombardeio%20em%20creche%20na%20Ucr%C3%A2nia&amp;url=https%3A%2F%2Fbr.noticias.yahoo.com%2Fcrian%25C3%25A7as-estavam-tomando-caf%25C3%25A9-da-184110931.html%3Fsoc_src%3Dsocial-sh%26soc_trk%3Dtw%26tsrc%3Dtwtr&amp;via=YahooBr\" rel=\"noreferrer noopener\" target=\"_blank\"><\/a><a href=\"mailto:?subject=%27As%20crian%C3%A7as%20estavam%20tomando%20caf%C3%A9%20da%20manh%C3%A3%27%20durante%20bombardeio%20em%20creche%20na%20Ucr%C3%A2nia&amp;body=https%3A%2F%2Fbr.noticias.yahoo.com%2Fcrian%25C3%25A7as-estavam-tomando-caf%25C3%25A9-da-184110931.html%3Fsoc_src%3Dsocial-sh%26soc_trk%3Dma\" rel=\"noreferrer noopener\" target=\"_blank\"><\/a>Yulia SILINAqui., 17 de fevereiro de 2022 3:41 PM\u00b72 min de leitura<\/p>\n\n\n\n<figure class=\"wp-block-image\"><img decoding=\"async\" src=\"https:\/\/s.yimg.com\/ny\/api\/res\/1.2\/sgKfVuG0Eek12y218nZAJw--\/YXBwaWQ9aGlnaGxhbmRlcjt3PTk2MDtoPTY0MDtjZj13ZWJw\/https:\/\/s.yimg.com\/uu\/api\/res\/1.2\/XyD_IX0SsU0vm7spNmKGIw--~B\/aD01MTI7dz03Njg7YXBwaWQ9eXRhY2h5b24-\/https:\/\/media.zenfs.com\/pt\/afp.com.br\/58308978f52d4c1df5d8b601fe4df5af\" alt=\"Soldado ucraniano em frente ao jardim de inf\u00e2ncia bombardeado em Stanitsa Luganska, leste da Ucr\u00e2nia, em 17 de fevereiro de 2022 (AFP\/Aleksey Filippov)\"\/><\/figure>\n\n\n\n<figure class=\"wp-block-image\"><img decoding=\"async\" src=\"https:\/\/s.yimg.com\/ny\/api\/res\/1.2\/r6CUkpls22Al5rKl.PyFSg--\/YXBwaWQ9aGlnaGxhbmRlcjt3PTk2MDtoPTY0MDtjZj13ZWJw\/https:\/\/s.yimg.com\/uu\/api\/res\/1.2\/FR0rREDKWzdo_UqFxzTW1A--~B\/aD01MTI7dz03Njg7YXBwaWQ9eXRhY2h5b24-\/https:\/\/media.zenfs.com\/pt\/afp.com.br\/c2ba73419da05b1160db855dd95abb4c\" alt=\"A escola bombardeada em Stanitsa Louganska, no leste da Ucr\u00e2nia, em 17 de fevereiro de 2022 (AFP\/Aleksey Filippov)\"\/><\/figure>\n\n\n\n<figure class=\"wp-block-image\"><img alt=\"A sala esportiva de Stanitsa Luganska, no leste da Ucr\u00e2nia, ap\u00f3s o bombardeio em 17 de fevereiro de 2022 (AFP\/Handout)\"\/><\/figure>\n\n\n\n<p>1&nbsp;\/ 3<\/p>\n\n\n\n<h2 class=\"wp-block-heading\" id=\"as-criancas-estavam-tomando-cafe-da-manha-durante-bombardeio-em-creche-na-ucrania\">&#8216;As crian\u00e7as estavam tomando caf\u00e9 da manh\u00e3&#8217; durante bombardeio em creche na Ucr\u00e2nia<\/h2>\n\n\n\n<p>Soldado ucraniano em frente ao jardim de inf\u00e2ncia bombardeado em Stanitsa Luganska, leste da Ucr\u00e2nia, em 17 de fevereiro de 2022 (AFP\/Aleksey Filippov)Aleksey FilippovMais<\/p>\n\n\n\n<p>&#8220;Na hora da explos\u00e3o, as crian\u00e7as estavam tomando caf\u00e9 da manh\u00e3&#8221;, conta, chocada, Natalia Slessareva, de 54 anos, funcion\u00e1ria da creche Stanitsa Luganska, bombardeada nesta quinta-feira (17) no leste da Ucr\u00e2nia.<\/p>\n\n\n\n<p>&#8220;A explos\u00e3o ocorreu por volta das 9h da manh\u00e3. Eu estava na lavanderia. A onda de choque me jogou em dire\u00e7\u00e3o \u00e0 porta. Eu n\u00e3o sentia mais o lado direito da minha cabe\u00e7a&#8221;, relata \u00e0 AFP.<\/p>\n\n\n\n<p>Na sala de esportes da creche, uma parede foi perfurada por um proj\u00e9til. Os tijolos que ca\u00edram est\u00e3o agora entre os brinquedos das crian\u00e7as.<\/p>\n\n\n\n<p>No momento da explos\u00e3o, havia 20 crian\u00e7as no refeit\u00f3rio, que logo em seguida iriam justamente para a sala de esportes. &#8220;Se a explos\u00e3o tivesse ocorrido 15 minutos depois, as consequ\u00eancias poderiam ter sido catastr\u00f3ficas&#8221;, acrescenta Slessareva.<\/p>\n\n\n\n<p>Em tempos normais, 57 crian\u00e7as costumam frequentar esta escola, mas desta vez, a maioria estava em casa devido \u00e0s restri\u00e7\u00f5es pela covid-19.<\/p>\n\n\n\n<p>A pequena cidade de Stanitsa Luganska, na linha de frente do leste da Ucr\u00e2nia, foi atingida por um bombardeio nesta quinta-feira. L\u00edderes ocidentais reagiram com indigna\u00e7\u00e3o quando os separatistas denunciaram a manipula\u00e7\u00e3o de Kiev.<\/p>\n\n\n\n<p>De acordo com o ex\u00e9rcito ucraniano, 32 proj\u00e9teis ca\u00edram sobre a cidade. Tr\u00eas funcion\u00e1rios da escola ficaram feridos. Outro proj\u00e9til caiu no parquinho infantil, onde pode ser vista uma cratera entre dois escorregadores.<\/p>\n\n\n\n<p>&#8211; &#8220;N\u00e3o consigo me acalmar&#8221; &#8211;<\/p>\n\n\n\n<p>Alertada pela creche, Natalia, de 38 anos, correu para buscar o filho de dois anos. &#8220;Corremos para o carro com meu marido para pegar o menino&#8221;, disse ela, sem dar seu sobrenome.<\/p>\n\n\n\n<p>&#8220;Eu estava com muito medo, n\u00e3o h\u00e1 abrigo antia\u00e9reo nesta creche, apenas paredes grossas. D\u00e1 pra ver que foram danificadas. N\u00e3o consigo me acalmar&#8221;, acrescentou.<\/p>\n\n\n\n<p>Parte das lojas da cidade permaneceu fechada ap\u00f3s os bombardeios devido \u00e0 falta de eletricidade.<\/p>\n\n\n\n<p>Alguns moradores cobriram suas janelas com sacos pl\u00e1sticos, j\u00e1 que muitas foram destru\u00eddos pelas explos\u00f5es.<\/p>\n","protected":false},"excerpt":{"rendered":"<p>For\u00e7as separatistas Russos abrem fogo contra civis. Yulia SILINAqui., 17 de fevereiro de 2022 3:41 PM\u00b72 min de leitura 1&nbsp;\/ 3 &#8216;As crian\u00e7as estavam tomando caf\u00e9 da manh\u00e3&#8217; durante bombardeio<\/p>\n","protected":false},"author":1,"featured_media":7106,"comment_status":"closed","ping_status":"closed","sticky":false,"template":"","format":"standard","meta":[],"categories":[1],"tags":[],"_links":{"self":[{"href":"https:\/\/7ports.com.br\/index.php?rest_route=\/wp\/v2\/posts\/7105"}],"collection":[{"href":"https:\/\/7ports.com.br\/index.php?rest_route=\/wp\/v2\/posts"}],"about":[{"href":"https:\/\/7ports.com.br\/index.php?rest_route=\/wp\/v2\/types\/post"}],"author":[{"embeddable":true,"href":"https:\/\/7ports.com.br\/index.php?rest_route=\/wp\/v2\/users\/1"}],"replies":[{"embeddable":true,"href":"https:\/\/7ports.com.br\/index.php?rest_route=%2Fwp%2Fv2%2Fcomments&post=7105"}],"version-history":[{"count":2,"href":"https:\/\/7ports.com.br\/index.php?rest_route=\/wp\/v2\/posts\/7105\/revisions"}],"predecessor-version":[{"id":7109,"href":"https:\/\/7ports.com.br\/index.php?rest_route=\/wp\/v2\/posts\/7105\/revisions\/7109"}],"wp:featuredmedia":[{"embeddable":true,"href":"https:\/\/7ports.com.br\/index.php?rest_route=\/wp\/v2\/media\/7106"}],"wp:attachment":[{"href":"https:\/\/7ports.com.br\/index.php?rest_route=%2Fwp%2Fv2%2Fmedia&parent=7105"}],"wp:term":[{"taxonomy":"category","embeddable":true,"href":"https:\/\/7ports.com.br\/index.php?rest_route=%2Fwp%2Fv2%2Fcategories&post=7105"},{"taxonomy":"post_tag","embeddable":true,"href":"https:\/\/7ports.com.br\/index.php?rest_route=%2Fwp%2Fv2%2Ftags&post=7105"}],"curies":[{"name":"wp","href":"https:\/\/api.w.org\/{rel}","templated":true}]}}