
{"id":7112,"date":"2022-01-18T12:03:00","date_gmt":"2022-01-18T15:03:00","guid":{"rendered":"https:\/\/7ports.com.br\/?p=7112"},"modified":"2022-02-22T14:55:04","modified_gmt":"2022-02-22T17:55:04","slug":"em-que-se-diferenciam-as-violencias-praticadas-por-nazistas-e-por-comunistas-sovieticos-segundo-historiadores","status":"publish","type":"post","link":"https:\/\/7ports.com.br\/?p=7112","title":{"rendered":"Em que se diferenciam as viol\u00eancias praticadas por nazistas e por comunistas sovi\u00e9ticos, segundo historiadores"},"content":{"rendered":"\n<ul><li>Nathalia Passarinho<\/li><li>Da BBC News Brasil em Londres<\/li><\/ul>\n\n\n\n<p>17 fevereiro 2022<\/p>\n\n\n\n<figure class=\"wp-block-image\"><img decoding=\"async\" src=\"https:\/\/ichef.bbci.co.uk\/news\/640\/cpsprodpb\/1807C\/production\/_123282489_27787930-ed97-4406-afd9-124c13d33b35.jpg\" alt=\"Campo de concentra\u00e7\u00e3o nazista\"\/><figcaption>Legenda da foto,Para Elazar Barkan, professor da Universidade de Columbia, o que torna o nazismo \u00fanico \u00e9 a perpetua\u00e7\u00e3o de uma pol\u00edtica estatal de exterm\u00ednio total da popula\u00e7\u00e3o judaica. No comunismo, diz ele, a viol\u00eancia tinha como fim a domina\u00e7\u00e3o e amplia\u00e7\u00e3o do regime, n\u00e3o a destrui\u00e7\u00e3o de um povo com base na ra\u00e7a, religi\u00e3o ou etnia<\/figcaption><\/figure>\n\n\n\n<p><strong>O nazismo de Adolf Hitler na Alemanha e o comunismo de Josef Stalin na Uni\u00e3o Sovi\u00e9tica coexistiram num mesmo per\u00edodo da hist\u00f3ria. Ambos os regimes eram ditatoriais e violentos. Mas \u00e9 poss\u00edvel equiparar as terr\u00edveis atrocidades do holocausto com as mortes ocorridas durante o regime comunista sovi\u00e9tico?<\/strong><\/p>\n\n\n\n<p>No dia 9 de fevereiro, o presidente Jair Bolsonaro comparou nazismo e comunismo ao defender, em postagem no Twitter, que as leis brasileiras deveriam combater organiza\u00e7\u00f5es que preguem o &#8220;antissemitismo, a divis\u00e3o de pessoas em ra\u00e7as ou classes, e que dizimaram milh\u00f5es de inocentes ao redor do mundo, como o comunismo&#8221;.<\/p>\n\n\n\n<p>A BBC News Brasil ouviu dois dos historiadores mais respeitados do mundo para analisar as diferen\u00e7as e semelhan\u00e7as entre os dois regimes.<\/p>\n\n\n\n<p>Um deles \u00e9 o israelense Elazar Barkan, diretor do Instituto de Estudos de Direitos Humanos da Universidade de Columbia, em Nova York, e autor do livro&nbsp;<em>The Guilt of Nations<\/em>&nbsp;(A Culpa das Na\u00e7\u00f5es, em tradu\u00e7\u00e3o livre), no qual aborda o processo de repara\u00e7\u00e3o a v\u00edtimas ap\u00f3s a Segunda Guerra Mundial.<a href=\"https:\/\/www.bbc.com\/portuguese\/institutional\/2015\/01\/000000_advertising_faqs\">PUBLICIDADE<\/a>https:\/\/3b49a2861c28a934e836fa610c64c262.safeframe.googlesyndication.com\/safeframe\/1-0-38\/html\/container.html<\/p>\n\n\n\n<p>O outro \u00e9 o professor brit\u00e2nico Richard J. Evans, que dirigiu o Departamento de Hist\u00f3ria da Universidade de Cambridge, no Reino Unido, e \u00e9 autor de 18 livros sobre hist\u00f3ria europeia, entre eles a trilogia do Terceiro Reich.<a href=\"https:\/\/www.bbc.com\/portuguese\/internacional-60407090#end-of-recommendations\">Pule Talvez tamb\u00e9m te interesse e continue lendo<\/a><strong>Talvez tamb\u00e9m te interesse<\/strong><\/p>\n\n\n\n<ul><li><img decoding=\"async\" loading=\"lazy\" src=\"https:\/\/ichef.bbci.co.uk\/news\/660\/cpsprodpb\/112BE\/production\/_123043307_gettyimages-1228186222.jpg\" alt=\"Passeata dos &quot;Defensores da Ucr\u00e2nia&quot;\" width=\"976\" height=\"549\"><a href=\"https:\/\/www.bbc.com\/portuguese\/internacional-60201700\">3 fatores que explicam por que Ucr\u00e2nia \u00e9 t\u00e3o importante para R\u00fassia<\/a><\/li><li><img decoding=\"async\" loading=\"lazy\" src=\"https:\/\/ichef.bbci.co.uk\/news\/660\/cpsprodpb\/16104\/production\/_123027309_yzabel_laptop-1.jpg\" alt=\"Yzabel em tela de computador\" width=\"976\" height=\"549\"><a href=\"https:\/\/www.bbc.com\/portuguese\/geral-60332778\">&#8216;Fui enganada e me apaixonei por um deepfake num app de namoro&#8217;<\/a><\/li><li><img decoding=\"async\" loading=\"lazy\" src=\"https:\/\/ichef.bbci.co.uk\/news\/660\/cpsprodpb\/D4AF\/production\/_122974445_16c8d67a-98b6-4151-8483-d60538a88495.jpg\" alt=\"Putin e Bolsonaro se cumprimentam durante encontro em 2019\" width=\"976\" height=\"549\"><a href=\"https:\/\/www.bbc.com\/portuguese\/internacional-60386399\">Como Putin converteu R\u00fassia em &#8216;pot\u00eancia masculina mundial&#8217; e inspirou l\u00edderes como Trump e Bolsonaro<\/a><\/li><li><img decoding=\"async\" loading=\"lazy\" src=\"https:\/\/ichef.bbci.co.uk\/news\/660\/cpsprodpb\/B22C\/production\/_122521654_caithreesquirrelspic.jpg\" alt=\"Modelo Cai Niangniang em um pol\u00eamico an\u00fancio da marca de salgadinhos Three Squirrels\" width=\"976\" height=\"549\"><a href=\"https:\/\/www.bbc.com\/portuguese\/internacional-59858397\">Por que an\u00fancios com modelos de olhos puxados v\u00eam causando pol\u00eamica na China<\/a><\/li><\/ul>\n\n\n\n<p id=\"end-of-recommendations\">Fim do Talvez tamb\u00e9m te interesse<\/p>\n\n\n\n<p>Ambos dizem que a principal diferen\u00e7a entre nazismo e comunismo est\u00e1 no prop\u00f3sito nazista de destrui\u00e7\u00e3o de uma popula\u00e7\u00e3o inteira com base numa ideologia de supremacia racial.<\/p>\n\n\n\n<p>No comunismo da Uni\u00e3o Sovi\u00e9tica, a viol\u00eancia era dirigida contra quem era considerado inimigo do regime, n\u00e3o a um grupo \u00e9tnico ou racial espec\u00edfico &#8211; e tinha um objetivo de domina\u00e7\u00e3o, n\u00e3o exterm\u00ednio. Ou seja, para os dois especialistas, os dois regimes n\u00e3o s\u00e3o equipar\u00e1veis no tipo de viol\u00eancia que perpetraram.<\/p>\n\n\n\n<p>&#8220;Os nazistas trataram os judeus com brutalidade e sadismo particulares. Havia um desejo de degrada\u00e7\u00e3o e humilha\u00e7\u00e3o que torna a viol\u00eancia nazista particular. No comunismo, a viol\u00eancia n\u00e3o tinha cunho racial. Ela era dirigida contra quem acreditavam ser subversivos e n\u00e3o embutia o mesmo \u00f3dio visceral que o nazismo tinha pelos judeus&#8221;, avalia Richard J Evans, considerado uma das maiores autoridades no estudo da Alemanha nazista.<\/p>\n\n\n\n<p>Mas a discuss\u00e3o \u00e9 complexa e envolve diferentes fatores. Por isso, a BBC News Brasil re\u00fane aqui as principais diferen\u00e7as e semelhan\u00e7as entre nazismo e comunismo em tr\u00eas aspectos: ideologia, viol\u00eancia e totalitarismo.<\/p>\n\n\n\n<h2 class=\"wp-block-heading\" id=\"Ideologia\">Ideologia<\/h2>\n\n\n\n<figure class=\"wp-block-image\"><img decoding=\"async\" src=\"https:\/\/ichef.bbci.co.uk\/news\/640\/cpsprodpb\/1325C\/production\/_123282487_305439c2-101e-4d6c-b373-d2212b928815.jpg\" alt=\"Hitler em 1938\"\/><figcaption>Legenda da foto,L\u00edder do partido a partir de 1921, Adolf Hitler manifestou em seu livro autobiogr\u00e1fico de dois volumes, Mein Kampf, \u00f3dio por marxistas, eslavos e, principalmente, judeus<\/figcaption><\/figure>\n\n\n\n<p><a href=\"https:\/\/www.bbc.com\/portuguese\/internacional-60407090#end-of-podcasts\">Pule Podcast e continue lendo<\/a><strong>Podcast<\/strong><a href=\"https:\/\/www.bbc.com\/portuguese\/podcasts\/p09qw1cn\">BBC L\u00ea<\/a><\/p>\n\n\n\n<p>A equipe da BBC News Brasil l\u00ea para voc\u00ea algumas de suas melhores reportagens<\/p>\n\n\n\n<p>Epis\u00f3dios<\/p>\n\n\n\n<p id=\"end-of-podcasts\">Fim do Podcast<\/p>\n\n\n\n<p>O primeiro passo para analisar a viol\u00eancia praticada pelo nazismo e o comunismo est\u00e1 em verificar se a ideia de destrui\u00e7\u00e3o de grupos est\u00e1 embutida na ideologia dos dois regimes. Primeiro, \u00e9 importante lembrar que o comunismo n\u00e3o se manifesta da mesma maneira em todos os pa\u00edses, tendo sido muito mais violento na Uni\u00e3o Sovi\u00e9tica durante a ditadura de Josef Stalin, entre 1928 e 1953.<\/p>\n\n\n\n<p>O historiador Richard J. Evans destaca que o nazismo tem como pilar ideol\u00f3gico a ideia de superioridade racial.<\/p>\n\n\n\n<p>Para os nazistas, os alem\u00e3es seriam os verdadeiros europeus, descendentes diretos dos &#8220;\u00e1rias&#8221;, uma esp\u00e9cie de tribo europeia original. E o Partido Nacional Socialista dos Trabalhadores Alem\u00e3es ou Partido Nazista, desde seus prim\u00f3rdios, em 1920, j\u00e1 se referia aos judeus como &#8220;inimigos&#8221; da na\u00e7\u00e3o.<\/p>\n\n\n\n<p>L\u00edder do partido a partir de 1921, Adolf Hitler manifestou em seu livro autobiogr\u00e1fico de dois volumes,&nbsp;<em>Mein Kampf<\/em>, \u00f3dio por marxistas, eslavos e, principalmente, judeus, a quem chamou de &#8220;parasitas&#8221;.<\/p>\n\n\n\n<p>Escrito em dois volumes, em 1925 e 1927,&nbsp;<em>Mein Kampf<\/em>&nbsp;se tornaria o livro norteador do Partido Nazista. E, durante o per\u00edodo em que esteve no poder, entre 1933 e 1945, Hitler e o partido nazista institucionalizaram o racismo, estabelecendo leis que definiam como cidad\u00e3os apenas aqueles com &#8220;sangue&#8221; alem\u00e3o, e excluindo dessa categoria judeus, ciganos, negros e eslavos. Houve ainda ordens para executar pessoas com defici\u00eancias f\u00edsicas e mentais.<\/p>\n\n\n\n<p>&#8220;H\u00e1 uma diferen\u00e7a ideol\u00f3gica importante entre comunismo e nazismo que justifica uma rejei\u00e7\u00e3o particularmente contundente do nazismo, que \u00e9 o elemento racista, o fato de ser um regime racista. O nazismo discriminava diferentes minorias \u00e9tnicas e raciais, como negros, ciganos, eslavos, e, acima de tudo, judeus&#8221;, ressalta Evans.<\/p>\n\n\n\n<p>&#8220;Hitler considerava ser judeu uma ra\u00e7a, n\u00e3o uma religi\u00e3o. E para ele era uma ra\u00e7a, por sua pr\u00f3pria natureza, subversiva, perigosa e que queria destruir a civiliza\u00e7\u00e3o. Era o que os nazistas classificavam como inimigos do mundo. Com base nisso, estabeleceram o prop\u00f3sito de eliminar todos os judeus.&#8221;<\/p>\n\n\n\n<p>J\u00e1 o comunismo tem como prop\u00f3sito construir uma sociedade igualit\u00e1ria, por meio da aboli\u00e7\u00e3o de classes sociais e da propriedade privada. N\u00e3o h\u00e1 o componente de exterm\u00ednio de grupos \u00e9tnicos e a inten\u00e7\u00e3o \u00e9 estender esse projeto para o mundo todo. Mas acreditava-se que o caminho para chegar a essa sociedade igualit\u00e1ria passa por uma luta de classes.<\/p>\n\n\n\n<figure class=\"wp-block-image\"><img decoding=\"async\" src=\"https:\/\/ichef.bbci.co.uk\/news\/640\/cpsprodpb\/CA10\/production\/_123282715_72efdf2e-df58-4253-b9f2-4d1ddaf7357b.jpg\" alt=\"Judeus sendo revistados no regime nazista\"\/><figcaption>Legenda da foto,&#8217;Hitler considerava ser judeu uma ra\u00e7a, n\u00e3o uma religi\u00e3o. E era para ele era uma ra\u00e7a, por sua pr\u00f3pria natureza, subversiva, perigosa e que queria destruir a civiliza\u00e7\u00e3o. Com base nisso, estabeleceram o prop\u00f3sito de eliminar todos os judeus&#8217;, diz o historiador Richard Evans<\/figcaption><\/figure>\n\n\n\n<p>E, de fato, a ascens\u00e3o do regime comunista na Uni\u00e3o Sovi\u00e9tica envolveu conflitos sangrentos, com os assassinatos de opositores do regime, de elites e da fam\u00edlia inteira do czar russo Nicolau 2\u00ba, sua esposa Alexandra e filhos do casal, que eram crian\u00e7as e adolescentes.<\/p>\n\n\n\n<p>&#8220;O comunismo \u00e9 uma ideologia que diz que todos devem ser iguais; ter remunera\u00e7\u00e3o similar; que a propriedade deve ser do Estado e o Estado deve controlar e administrar neg\u00f3cios e ind\u00fastrias, porque representa o povo&#8221;, lembra o historiador Richard Evans.<\/p>\n\n\n\n<p>&#8220;A pergunta \u00e9 como chegar l\u00e1. Inicialmente as doutrinas comunistas diziam que isso se alcan\u00e7ava por revolu\u00e7\u00e3o violenta, como ocorreu na R\u00fassia em 1917. Mas acho que esse n\u00e3o \u00e9 o caso mais. H\u00e1 uma compreens\u00e3o (por parte de adeptos contempor\u00e2neos do comunismo) que ele n\u00e3o deve ser alcan\u00e7ado por luta violenta de classes.&#8221;<\/p>\n\n\n\n<p>Elazar Barkan, professor da Universidade de Columbia, avalia que o comunismo se aproxima mais do fascismo que do nazismo.<\/p>\n\n\n\n<p>&#8220;Claramente, o comunismo \u00e9 mais compar\u00e1vel ao fascismo, que se manifesta de maneiras diferentes em diferentes pa\u00edses e se prop\u00f5e a eliminar os cr\u00edticos do regime. O nazismo \u00e9 um regime \u00fanico, com um projeto de exterm\u00ednio de popula\u00e7\u00f5es&#8221;, disse ele \u00e0 BBC Brasil.<\/p>\n\n\n\n<p>Barkan lembra ainda que o nazismo foi o \u00fanico regime a implementar verdadeiros campos de exterm\u00ednio que resultaram na morte de milh\u00f5es. No regime de Stalin, havia campos de trabalho for\u00e7ado e os prisioneiros viviam em condi\u00e7\u00f5es degradantes, mas n\u00e3o havia c\u00e2maras de g\u00e1s e uma pol\u00edtica de exterm\u00ednio em massa.<\/p>\n\n\n\n<p>&#8220;O nazismo \u00e9 \u00fanico na perpetua\u00e7\u00e3o de campos de exterm\u00ednio. N\u00e3o eram campos de concentra\u00e7\u00e3o, eram de exterm\u00ednio. Houve todo um pa\u00eds concentrado e focado no exterm\u00ednio de judeus. \u00c9 diferente do que ocorreu no stalinismo. No stalinismo, havia uma ditadura e a viol\u00eancia tinha como objetivo a domina\u00e7\u00e3o. Foi um regime muito violento, mas n\u00e3o havia um aspecto de exterm\u00ednio racial&#8221;, destaca Barkan, que tamb\u00e9m \u00e9 fundador do Instituto de Justi\u00e7a Hist\u00f3rica e Reconcilia\u00e7\u00e3o, em Haia, na Holanda.<\/p>\n\n\n\n<h2 class=\"wp-block-heading\" id=\"Genoc\u00eddio-x-assassinato\">Genoc\u00eddio x assassinato<\/h2>\n\n\n\n<figure class=\"wp-block-image\"><img decoding=\"async\" src=\"https:\/\/ichef.bbci.co.uk\/news\/640\/cpsprodpb\/9A04\/production\/_123282493_387d2577-cb39-42fe-b1ea-7724ad49f064.jpg\" alt=\"Pessoa morta na rua da Ucr\u00e2nia durante holodomor\"\/><figcaption>Legenda da foto,Durante a grande fome da Ucr\u00e2nia, corpos de pessoas mortas por inani\u00e7\u00e3o podiam ser vistos pelas ruas<\/figcaption><\/figure>\n\n\n\n<p>Outro ponto constantemente usado em tentativas de equiparar o comunismo ao nazismo \u00e9 o elevado n\u00famero de mortes provocadas pelos dois regimes.<\/p>\n\n\n\n<p>Robert Conquest, historiador ingl\u00eas, autor de&nbsp;<em>O Grande Terror<\/em>&nbsp;e um dos primeiros a jogar luz sobre a extens\u00e3o da viol\u00eancia do per\u00edodo stalinista, fala que houve pelo menos 20 milh\u00f5es de mortos no regime sovi\u00e9tico.<\/p>\n\n\n\n<p>Estariam inclu\u00eddos nessa conta assassinatos de opositores do regime, mortes em campos de trabalho for\u00e7ado, por inani\u00e7\u00e3o na chamada Grande Fome da R\u00fassia, em 1921, e no per\u00edodo conhecido como holodomor ou &#8220;morte por inani\u00e7\u00e3o&#8221;, na Ucr\u00e2nia, entre 1932-1933.<\/p>\n\n\n\n<p>Segundo Timothy Snyder, historiador americano e professor da Universidade Yale, cerca de 3,3 milh\u00f5es de pessoas foram mortas na Ucr\u00e2nia quando o regime de Stlin levou o pa\u00eds \u00e0 grande fome com o objetivo de for\u00e7ar camponeses rebeldes (os kulaks) a ampliar a produ\u00e7\u00e3o agr\u00edcola e trabalhar em fazendas coletivas.<\/p>\n\n\n\n<p>O Kremlin requisitava mais gr\u00e3os do que os agricultores ucranianos podiam fornecer. E quando eles resistiram \u00e0s demandas crescentes, brigadas do Partido Comunista varreram as aldeias e levaram tudo o que era comest\u00edvel. Muitos sobreviventes contam que as fronteiras chegaram a ser fechadas para evitar que as pessoas buscassem comida em pa\u00edses vizinhos.<\/p>\n\n\n\n<figure class=\"wp-block-image\"><img decoding=\"async\" src=\"https:\/\/ichef.bbci.co.uk\/news\/640\/cpsprodpb\/11830\/production\/_123282717_richardevansphoto.jpg\" alt=\"Richard Evans\"\/><figcaption>Legenda da foto,&#8217;Os nazistas trataram os judeus com brutalidade e sadismo particulares. Havia um desejo de degrada\u00e7\u00e3o e humilha\u00e7\u00e3o que torna a viol\u00eancia nazista particular&#8217;, avalia o historiador brit\u00e2nico Richard Evans<\/figcaption><\/figure>\n\n\n\n<p><a href=\"https:\/\/www.bbc.com\/portuguese\/internacional-60348621\">Ucranianos costumam comparar o holodomor ao holocausto<\/a>, que matou cerca de 6 milh\u00f5es de judeus. Mas, Elazar Barkan e Richard J. Evans afirmam que, embora a viol\u00eancia sovi\u00e9tica precise ser repudiada e reconhecida, ela n\u00e3o constitui tecnicamente um genoc\u00eddio. Isso porque o objetivo das mortes, afirmam, n\u00e3o era o exterm\u00ednio de um grupo pela sua ra\u00e7a, mas sim a domina\u00e7\u00e3o e a expans\u00e3o das pol\u00edticas comunistas.<\/p>\n\n\n\n<p>&#8220;Na minha vis\u00e3o, a morte de milh\u00f5es de ucranianos na fome induzida pelo Estado, no in\u00edcio da d\u00e9cada de 1930, foi deliberada, mas n\u00e3o ocorreu porque eram ucranianos, mas porque eram fazendeiros que poderiam resistir \u00e0 pol\u00edtica de coletiviza\u00e7\u00e3o da agricultura. Era uma pol\u00edtica assassina, mas n\u00e3o baseada em ra\u00e7a&#8221;, avalia Evans.<\/p>\n\n\n\n<p>&#8220;Mas dizer que n\u00e3o \u00e9 genoc\u00eddio n\u00e3o quer dizer que \u00e9 melhor ou minimizaria o que ocorreu. Estou destacando que os objetivos de Hitler e Stalin eram diferentes.&#8221;<\/p>\n\n\n\n<p>Do ponto de vista legal, o holocausto \u00e9 considerado genoc\u00eddio porque possui tanto o que a Conven\u00e7\u00e3o sobre Genoc\u00eddio da ONU chama de &#8220;elemento mental&#8221; (&#8220;inten\u00e7\u00e3o de destruir, no todo ou em parte, um grupo nacional, \u00e9tnico, racial ou religioso, enquanto tal&#8221;) quanto o &#8220;elemento f\u00edsico&#8221;. Este inclui cinco atos, que s\u00e3o:<\/p>\n\n\n\n<p>\u2022 Matar membros do grupo<\/p>\n\n\n\n<p>\u2022 Causar danos f\u00edsicos ou mentais graves a membros do grupo<\/p>\n\n\n\n<p>\u2022 Infligir deliberadamente ao grupo condi\u00e7\u00f5es de vida calculadas para provocar sua destrui\u00e7\u00e3o f\u00edsica total ou parcial<\/p>\n\n\n\n<p>\u2022 Impor medidas destinadas a prevenir nascimentos dentro do grupo<\/p>\n\n\n\n<p>\u2022 Transferir \u00e0 for\u00e7a crian\u00e7as do grupo para outro grupo<\/p>\n\n\n\n<p>Quem considera o holodomor como genoc\u00eddio acredita que muitos desses atos foram praticados pelo regime stalinista contra os ucranianos. No caso do nazismo, todos os atos listados acima foram praticados contra judeus no per\u00edodo em que Hitler esteve no poder.<\/p>\n\n\n\n<figure class=\"wp-block-image\"><img decoding=\"async\" src=\"https:\/\/ichef.bbci.co.uk\/news\/640\/cpsprodpb\/E43C\/production\/_123282485_5d5ac4a1-24b8-4646-8368-30abf599ce3f.jpg\" alt=\"Judeus h\u00fangaros resgatados de campos de concentra\u00e7\u00e3o pelo ex\u00e9rcito americano\"\/><figcaption>Legenda da foto,Uma das diferen\u00e7as entre o nazismo e comunismo de Stalin est\u00e1 na exist\u00eancia de campos de exterm\u00ednio no regime de Hitler, com o objetivo de assassinar indistintamente todos os judeus, inclusive crian\u00e7as e beb\u00eas<\/figcaption><\/figure>\n\n\n\n<p>&#8220;O Holodomor foi parte de uma viol\u00eancia de outra natureza, que n\u00e3o era direcionada a um grupo como ra\u00e7a, mas a fazendeiros. Foi muito violento e muitas pessoas foram mortas e a fome foi horr\u00edvel. Mas a ideologia n\u00e3o consistia em exterminar ucranianos. Havia diferentes grupos sofrendo e o objetivo ideol\u00f3gico n\u00e3o era matar ucranianos, mas transformar a Uni\u00e3o Sovi\u00e9tica&#8221;, diz Elazar Barkan.<\/p>\n\n\n\n<p>&#8220;N\u00e3o acho que podemos negar \u00e0s pessoas o reconhecimento que elas fazem do pr\u00f3prio sofrimento. Eu n\u00e3o acho que o Holodomor foi um genoc\u00eddio. Mas se ucranianos acham que foi, a perspectiva deles \u00e9 legitima&#8221;, completa.<\/p>\n\n\n\n<h2 class=\"wp-block-heading\" id=\"Compara\u00e7\u00e3o-do-holocausto-com-outros-genoc\u00eddios\">Compara\u00e7\u00e3o do holocausto com outros genoc\u00eddios<\/h2>\n\n\n\n<p>Barkan observa que o fato em si de o holocausto ser usado pelos ucranianos e por v\u00edtimas de viol\u00eancia em todo o mundo para efeito de compara\u00e7\u00e3o evidencia que ele \u00e9 visto globalmente como a pior das atrocidades cometidas na hist\u00f3ria moderna.<\/p>\n\n\n\n<p>&#8220;N\u00f3s privilegiamos a perspectiva das v\u00edtimas. N\u00e3o dizemos a v\u00edtimas: &#8216;o seu sofrimento n\u00e3o \u00e9 importante&#8217;. O genoc\u00eddio \u00e9 visto como o maior dos crimes. Dizer a pessoas que elas n\u00e3o sofreram genoc\u00eddio \u00e9 deslegitimar o seu sofrimento. E ent\u00e3o vem a quest\u00e3o de saber qual foi o genoc\u00eddio mais violento&#8221;, diz.<\/p>\n\n\n\n<p>&#8220;Acredito que o nazismo \u00e9 \u00fanico por dois aspectos: um deles foi o prop\u00f3sito de destrui\u00e7\u00e3o, ou seja, o esfor\u00e7o de exterminar e erradicar uma popula\u00e7\u00e3o; e segundo pelo fato de todas as v\u00edtimas de genoc\u00eddio compararem seu sofrimento ao nazismo para expressar que est\u00e3o padecendo da maior atrocidade poss\u00edvel.&#8221;<\/p>\n\n\n\n<p>J\u00e1 Evans cita a extrema crueldade dos nazistas com os judeus como elemento que diferencia o regime de Hitler do stalinismo.<\/p>\n\n\n\n<p>&#8220;Os nazistas trataram os judeus com brutalidade e sadismo particulares. Havia um desejo de degrada\u00e7\u00e3o e desumaniza\u00e7\u00e3o que torna a viol\u00eancia nazista particular. No comunismo, a viol\u00eancia n\u00e3o tinha cunho racial. Ela era dirigida contra quem acreditavam ser subversivos e n\u00e3o embutia o mesmo \u00f3dio visceral que o nazismo tinha pelos judeus&#8221;, avalia.<\/p>\n\n\n\n<h2 class=\"wp-block-heading\" id=\"Totalitarismo\">Totalitarismo<\/h2>\n\n\n\n<figure class=\"wp-block-image\"><img decoding=\"async\" src=\"https:\/\/ichef.bbci.co.uk\/news\/640\/cpsprodpb\/4BE4\/production\/_123282491_923dcd5c-8b73-4332-b9f8-f01970f02265.jpg\" alt=\"Jospeh St\u00e1lin\"\/><figcaption>Legenda da foto,Regime comunista na gest\u00e3o de Josef Stalin era totalitarista, com censura e assassinatos de opositores ao regime<\/figcaption><\/figure>\n\n\n\n<p>Em alguns aspectos, no entanto, o nazismo de Hitler e o comunismo da Uni\u00e3o Sovi\u00e9tica se assemelham, dizem Evans e Barkan.<\/p>\n\n\n\n<p>Ambos foram regimes totalit\u00e1rios, com centraliza\u00e7\u00e3o de poder nas m\u00e3os de um l\u00edder (Hitler e Stalin), alto grau de controle do Estado sobre a vida p\u00fablica e particular dos cidad\u00e3os e repress\u00e3o violenta a opositores.<\/p>\n\n\n\n<p>&#8220;Se procurarmos semelhan\u00e7as, podemos dizer que ambos foram regimes ditatoriais que n\u00e3o permitiam oposi\u00e7\u00e3o, n\u00e3o permitiam liberdade de express\u00e3o, organizavam elei\u00e7\u00f5es de maneira a garantir 99% de apoio&#8221;, diz o historiador brit\u00e2nico Richard Evans, da Universidade de Cambridge.<\/p>\n\n\n\n<p>&#8220;Portanto, em ambos, havia uma mistura de manipula\u00e7\u00e3o, intimida\u00e7\u00e3o, censura e supress\u00e3o da oposi\u00e7\u00e3o.&#8221;<\/p>\n\n\n\n<p>Stalin comandou a Uni\u00e3o Sovi\u00e9tica por 29 anos, de 1924 at\u00e9 a sua morte em 1953. Adolf Hitler liderou a Alemanha por 12 anos, entre 1933 e 1945.<\/p>\n\n\n\n<h2 class=\"wp-block-heading\" id=\"Comparar-nazismo-com-comunismo-\u00e9-trivializar-o-holocausto-\">Comparar nazismo com comunismo \u00e9 trivializar o holocausto?<\/h2>\n\n\n\n<p>Uma discuss\u00e3o que sempre vem \u00e0 tona quando s\u00e3o feitas compara\u00e7\u00f5es entre nazismo e comunismo \u00e9 se esse exerc\u00edcio pode induzir a uma &#8220;trivializa\u00e7\u00e3o do holocausto&#8221;.<\/p>\n\n\n\n<p>Para Elazar Barkan,&#8221;h\u00e1 duas motiva\u00e7\u00f5es em comparar o holocausto a outras cat\u00e1strofes&#8221;.<\/p>\n\n\n\n<p>&#8220;Uma \u00e9 minimizar o holocausto e isso n\u00e3o \u00e9 leg\u00edtimo. A outra \u00e9 evidenciar outros atos de extrema viol\u00eancia. E isso \u00e9 leg\u00edtimo. (A legitimidade) depende do que est\u00e1 sendo comparado e de quem est\u00e1 comparando&#8221;, disse \u00e0 BBC News Brasil.<\/p>\n\n\n\n<p>Segundo Barkan, quando uma v\u00edtima de genoc\u00eddio usa o holocausto como compara\u00e7\u00e3o para dar a dimens\u00e3o de seu sofrimento, isso n\u00e3o pode ser repreendido. Mas h\u00e1 casos em que a compara\u00e7\u00e3o serve a uma tentativa de minimizar o holocausto.<\/p>\n\n\n\n<p>&#8220;Assim como h\u00e1 pessoas que querem comparar sua situa\u00e7\u00e3o com o holocausto, h\u00e1 quem queira negar o holocausto. A compara\u00e7\u00e3o em alguns casos embute uma nega\u00e7\u00e3o do holocausto&#8221;, diz.<\/p>\n\n\n\n<p>&#8220;Na minha vis\u00e3o, a pergunta deve ser: qual \u00e9 o objetivo da compara\u00e7\u00e3o? Se a compara\u00e7\u00e3o serve a minimizar o nazismo, obviamente isso n\u00e3o \u00e9 aceit\u00e1vel.&#8221; Segundo o professor da Universidade de Columbia, o risco de trivializar o holocausto \u00e9 um aumento do antissemitismo e da viol\u00eancia contra judeus.<\/p>\n\n\n\n<p>Isso porque, quando o sofrimento de um povo n\u00e3o \u00e9 reconhecido e relembrado em toda a sua dimens\u00e3o, a ideologia que o provocou pode se restabelecer e se difundir progressivamente.<\/p>\n","protected":false},"excerpt":{"rendered":"<p>Nathalia Passarinho Da BBC News Brasil em Londres 17 fevereiro 2022 O nazismo de Adolf Hitler na Alemanha e o comunismo de Josef Stalin na Uni\u00e3o Sovi\u00e9tica coexistiram num mesmo<\/p>\n","protected":false},"author":1,"featured_media":7113,"comment_status":"closed","ping_status":"closed","sticky":false,"template":"","format":"standard","meta":[],"categories":[1],"tags":[],"_links":{"self":[{"href":"https:\/\/7ports.com.br\/index.php?rest_route=\/wp\/v2\/posts\/7112"}],"collection":[{"href":"https:\/\/7ports.com.br\/index.php?rest_route=\/wp\/v2\/posts"}],"about":[{"href":"https:\/\/7ports.com.br\/index.php?rest_route=\/wp\/v2\/types\/post"}],"author":[{"embeddable":true,"href":"https:\/\/7ports.com.br\/index.php?rest_route=\/wp\/v2\/users\/1"}],"replies":[{"embeddable":true,"href":"https:\/\/7ports.com.br\/index.php?rest_route=%2Fwp%2Fv2%2Fcomments&post=7112"}],"version-history":[{"count":1,"href":"https:\/\/7ports.com.br\/index.php?rest_route=\/wp\/v2\/posts\/7112\/revisions"}],"predecessor-version":[{"id":7114,"href":"https:\/\/7ports.com.br\/index.php?rest_route=\/wp\/v2\/posts\/7112\/revisions\/7114"}],"wp:featuredmedia":[{"embeddable":true,"href":"https:\/\/7ports.com.br\/index.php?rest_route=\/wp\/v2\/media\/7113"}],"wp:attachment":[{"href":"https:\/\/7ports.com.br\/index.php?rest_route=%2Fwp%2Fv2%2Fmedia&parent=7112"}],"wp:term":[{"taxonomy":"category","embeddable":true,"href":"https:\/\/7ports.com.br\/index.php?rest_route=%2Fwp%2Fv2%2Fcategories&post=7112"},{"taxonomy":"post_tag","embeddable":true,"href":"https:\/\/7ports.com.br\/index.php?rest_route=%2Fwp%2Fv2%2Ftags&post=7112"}],"curies":[{"name":"wp","href":"https:\/\/api.w.org\/{rel}","templated":true}]}}