
{"id":7147,"date":"2022-02-21T11:40:03","date_gmt":"2022-02-21T14:40:03","guid":{"rendered":"https:\/\/7ports.com.br\/?p=7147"},"modified":"2022-02-24T11:43:05","modified_gmt":"2022-02-24T14:43:05","slug":"leite-fala-em-passar-o-bastao-e-coragem-para-encarar-cenario-nacional","status":"publish","type":"post","link":"https:\/\/7ports.com.br\/?p=7147","title":{"rendered":"Leite fala em &#8216;passar o bast\u00e3o&#8217; e coragem para encarar cen\u00e1rio nacional"},"content":{"rendered":"\n<p><img decoding=\"async\" src=\"https:\/\/www.jornaldocomercio.com\/_midias\/jpg\/2022\/02\/18\/eduardo_leite__1_-9546535.jpg\" alt=\"Governador reiterou voca\u00e7\u00e3o para  a vida p\u00fablica e confirmou articula\u00e7\u00e3o para uma terceira via \"><\/p>\n\n\n\n<h3 class=\"wp-block-heading\" id=\"governador-reiterou-vocacao-para-a-vida-publica-e-confirmou-articulacao-para-uma-terceira-via\">Governador reiterou voca\u00e7\u00e3o para a vida p\u00fablica e confirmou articula\u00e7\u00e3o para uma terceira via<\/h3>\n\n\n\n<p>AMANDA PIETRA FACCIO\/CIC CAXIAS\/DIVULGA\u00c7\u00c3O\/JCEm passagem por Caxias do Sul, na Serra ga\u00facha, nesta sexta-feira (18), o governador Eduardo Leite participou de caf\u00e9 da manh\u00e3 com empres\u00e1rios, promovido pela&nbsp;C\u00e2mara de Ind\u00fastria, Com\u00e9rcio e Servi\u00e7os (CIC) de Caxias do Sul. Na cidade, onde acompanhou ainda a abertura da 33\u00aa Festa da Uva, o chefe do Executivo ga\u00facho afirmou que n\u00e3o concorrer\u00e1 \u00e0 reelei\u00e7\u00e3o, mas admitiu que&nbsp;se sente vocacionado para a vida p\u00fablica. Disse ainda que est\u00e1 conversando com&nbsp;um grupo de pessoas&nbsp;sobre condi\u00e7\u00f5es para criar um caminho alternativo no cen\u00e1rio nacional, e que&nbsp;tem coragem para se colocar \u00e0 disposi\u00e7\u00e3o.<\/p>\n","protected":false},"excerpt":{"rendered":"<p>Governador reiterou voca\u00e7\u00e3o para a vida p\u00fablica e confirmou articula\u00e7\u00e3o para uma terceira via AMANDA PIETRA FACCIO\/CIC CAXIAS\/DIVULGA\u00c7\u00c3O\/JCEm passagem por Caxias do Sul, na Serra ga\u00facha, nesta sexta-feira (18), o<\/p>\n","protected":false},"author":1,"featured_media":7148,"comment_status":"closed","ping_status":"closed","sticky":false,"template":"","format":"standard","meta":[],"categories":[1],"tags":[],"_links":{"self":[{"href":"https:\/\/7ports.com.br\/index.php?rest_route=\/wp\/v2\/posts\/7147"}],"collection":[{"href":"https:\/\/7ports.com.br\/index.php?rest_route=\/wp\/v2\/posts"}],"about":[{"href":"https:\/\/7ports.com.br\/index.php?rest_route=\/wp\/v2\/types\/post"}],"author":[{"embeddable":true,"href":"https:\/\/7ports.com.br\/index.php?rest_route=\/wp\/v2\/users\/1"}],"replies":[{"embeddable":true,"href":"https:\/\/7ports.com.br\/index.php?rest_route=%2Fwp%2Fv2%2Fcomments&post=7147"}],"version-history":[{"count":1,"href":"https:\/\/7ports.com.br\/index.php?rest_route=\/wp\/v2\/posts\/7147\/revisions"}],"predecessor-version":[{"id":7149,"href":"https:\/\/7ports.com.br\/index.php?rest_route=\/wp\/v2\/posts\/7147\/revisions\/7149"}],"wp:featuredmedia":[{"embeddable":true,"href":"https:\/\/7ports.com.br\/index.php?rest_route=\/wp\/v2\/media\/7148"}],"wp:attachment":[{"href":"https:\/\/7ports.com.br\/index.php?rest_route=%2Fwp%2Fv2%2Fmedia&parent=7147"}],"wp:term":[{"taxonomy":"category","embeddable":true,"href":"https:\/\/7ports.com.br\/index.php?rest_route=%2Fwp%2Fv2%2Fcategories&post=7147"},{"taxonomy":"post_tag","embeddable":true,"href":"https:\/\/7ports.com.br\/index.php?rest_route=%2Fwp%2Fv2%2Ftags&post=7147"}],"curies":[{"name":"wp","href":"https:\/\/api.w.org\/{rel}","templated":true}]}}