
{"id":7160,"date":"2022-02-21T12:05:07","date_gmt":"2022-02-21T15:05:07","guid":{"rendered":"https:\/\/7ports.com.br\/?p=7160"},"modified":"2022-02-21T12:06:40","modified_gmt":"2022-02-21T15:06:40","slug":"favela-venceu-diz-domitila-barros-brasileira-que-e-a-primeira-imigrante-e-mulher-negra-eleita-miss-alemanha","status":"publish","type":"post","link":"https:\/\/7ports.com.br\/?p=7160","title":{"rendered":"&#8216;Favela venceu&#8217;, diz Domitila Barros, brasileira que \u00e9 a primeira imigrante e mulher negra eleita Miss Alemanha"},"content":{"rendered":"\n<h2 class=\"wp-block-heading\" id=\"pernambucana-nasceu-na-linha-do-tiro-bairro-da-periferia-da-zona-norte-do-recife-a-gente-so-precisa-de-uma-chance-afirma-modelo-e-ativista-de-37-anos-apos-vencer-o-concurso-neste-ano\">Pernambucana nasceu na Linha do Tiro, bairro da periferia da Zona Norte do Recife. &#8216;A gente s\u00f3 precisa de uma chance&#8217;, afirma modelo e ativista de 37 anos ap\u00f3s vencer o concurso neste ano.<\/h2>\n\n\n\n<p>Por Clarissa G\u00f3es, TV Globo<\/p>\n\n\n\n<p>21\/02\/2022 09h29&nbsp;&nbsp;Atualizado&nbsp;h\u00e1 32 minutos<\/p>\n\n\n\n<hr class=\"wp-block-separator\"\/>\n\n\n\n<figure class=\"wp-block-image\"><img decoding=\"async\" src=\"https:\/\/s02.video.glbimg.com\/x240\/10320621.jpg\" alt=\"Modelo e ativista recifense Domitila Barros \u00e9 eleita Missa Alemanha 2022\" title=\"Modelo e ativista recifense Domitila Barros \u00e9 eleita Missa Alemanha 2022\"\/><\/figure>\n\n\n\n<figure class=\"wp-block-embed\"><div class=\"wp-block-embed__wrapper\">\nhttps:\/\/imasdk.googleapis.com\/js\/core\/bridge3.501.0_pt_br.html#goog_2036261550&#8211;:&#8211;\/&#8211;:&#8211;\n<\/div><\/figure>\n\n\n\n<p>Modelo e ativista recifense Domitila Barros \u00e9 eleita Missa Alemanha 2022https:\/\/6b5272f37d8ce495d11db4e43150749e.safeframe.googlesyndication.com\/safeframe\/1-0-38\/html\/container.html<\/p>\n\n\n\n<blockquote class=\"wp-block-quote\"><p>&#8220;Favela venceu! A gente s\u00f3 precisa de uma chance. Eu sempre digo, de onde eu venho tem talento de cacho, eu n\u00e3o sou nada especial, n\u00e3o. E \u00e9 isso que acontece quando a gente d\u00e1 uma chance. Acontece um milagre. E eu estou sem palavras, \u00e9 muito emocionante mesmo&#8221;.<\/p><\/blockquote>\n\n\n\n<p>A declara\u00e7\u00e3o \u00e9 da modelo, atriz, ativista e, agora,&nbsp;<a href=\"https:\/\/g1.globo.com\/pe\/pernambuco\/noticia\/2022\/02\/20\/modelo-e-ativista-recifense-domitila-barros-e-eleita-miss-alemanha-2022.ghtml\">Miss Alemanha 2022, Domitila Barros<\/a>&nbsp;<strong>(veja v\u00eddeo acima)<\/strong>. Natural da Linha do Tiro, bairro da periferia do&nbsp;<a href=\"https:\/\/g1.globo.com\/pe\/pernambuco\/cidade\/recife\/\">Recife<\/a>, a pernambucana de 37 anos foi coroada no s\u00e1bado (19), durante a premia\u00e7\u00e3o realizada no Europa-Park Arena, na cidade alem\u00e3 de Rust.<\/p>\n\n\n\n<ul><li><a href=\"https:\/\/api.whatsapp.com\/send?text=https:\/\/g1.globo.com\/pe\/pernambuco\/noticia\/2022\/02\/21\/favela-venceu-diz-domitila-barros-brasileira-que-foi-a-primeira-imigrante-e-mulher-negra-eleita-miss-alemanha.ghtml?utm_source%3Dwhatsapp%26utm_medium%3Dshare-engagement%26utm_campaign%3Dte-materias\" target=\"_blank\" rel=\"noreferrer noopener\">Compartilhe no WhatsApp<\/a><\/li><li><a href=\"https:\/\/telegram.me\/share\/url?url=https:\/\/g1.globo.com\/pe\/pernambuco\/noticia\/2022\/02\/21\/favela-venceu-diz-domitila-barros-brasileira-que-foi-a-primeira-imigrante-e-mulher-negra-eleita-miss-alemanha.ghtml?utm_source%3Dtelegram%26utm_medium%3Dshare-engagement%26utm_campaign%3Dte-materias\" target=\"_blank\" rel=\"noreferrer noopener\">Compartilhe no Telegram<\/a><\/li><\/ul>\n\n\n\n<p>Vivendo desde 2006 em Berlim, capital da&nbsp;<a href=\"https:\/\/g1.globo.com\/tudo-sobre\/alemanha\/\">Alemanha<\/a>,&nbsp;Domitila foi a primeira imigrante e mulher negra a vencer o concurso, que teve 159 candidatas e buscou se afastar do estere\u00f3tipo de objetifica\u00e7\u00e3o das mulheres.<\/p>\n\n\n\n<p>Ela contou que decidiu se inscrever no Miss&nbsp;<a href=\"https:\/\/g1.globo.com\/tudo-sobre\/alemanha\/\">Alemanha<\/a>&nbsp;depois que&nbsp;<a href=\"https:\/\/g1.globo.com\/pe\/pernambuco\/noticia\/2021\/08\/10\/voluntaria-em-ong-modelo-recifense-disputa-concurso-de-miss-na-alemanha-vai-que-da-certo-diz.ghtml\">ouviu falar que poderiam participar pessoas de qualquer idade e qualquer cor<\/a>&nbsp;e que o foco seriam os valores das concorrentes.<\/p>\n\n\n\n<figure class=\"wp-block-image\"><img decoding=\"async\" src=\"https:\/\/s2.glbimg.com\/1amJWDeyRA8gX8FNFdBLgZShHjA=\/0x0:1170x1454\/984x0\/smart\/filters:strip_icc()\/i.s3.glbimg.com\/v1\/AUTH_59edd422c0c84a879bd37670ae4f538a\/internal_photos\/bs\/2022\/U\/L\/bFImIiTOyE0e5cHk38bA\/domitila-2-.jpeg\" alt=\"Domitila Barros \u00e9 ativista ambiental, empreendedora social, atriz e modelo \u2014 Foto: Divulga\u00e7\u00e3o\"\/><\/figure>\n\n\n\n<p>Domitila Barros \u00e9 ativista ambiental, empreendedora social, atriz e modelo \u2014 Foto: Divulga\u00e7\u00e3o<\/p>\n\n\n\n<p>&#8220;Eu n\u00e3o estou nem acreditando. A primeira mulher imigrante que foi miss na Europa, a primeira mulher, na&nbsp;<a href=\"https:\/\/g1.globo.com\/tudo-sobre\/alemanha\/\">Alemanha<\/a>&nbsp;eu sou negra. Negra, n\u00e9? Ent\u00e3o, eu estou muito feliz e muito orgulhosa de saber que todo esse esfor\u00e7o que eu tive a vida toda me levou para esse momento&#8221;, afirmou.https:\/\/6b5272f37d8ce495d11db4e43150749e.safeframe.googlesyndication.com\/safeframe\/1-0-38\/html\/container.html<\/p>\n\n\n\n<p>Durante entrevista ao vivo no&nbsp;<strong>Bom Dia Pernambuco<\/strong>&nbsp;nesta segunda-feira (21), Domitila disse que est\u00e1 grata por poder mostrar ao mundo as imagens das favelas do&nbsp;<a href=\"https:\/\/g1.globo.com\/pe\/pernambuco\/cidade\/recife\/\">Recife<\/a>. &#8220;\u00c9 muita emo\u00e7\u00e3o, eu estou muito feliz, mas eu n\u00e3o paro de chorar. Minha gente, o que \u00e9 isso?&#8221;, falou enquanto assistia, emocionada, \u00e0s imagens da premia\u00e7\u00e3o&nbsp;<strong>(veja v\u00eddeo abaixo)<\/strong>.<\/p>\n\n\n\n<figure class=\"wp-block-image\"><img decoding=\"async\" src=\"https:\/\/s04.video.glbimg.com\/x240\/10319731.jpg\" alt=\"Modelo e ativista recifense Domitila Barros vence o Miss Alemanha 2022\" title=\"Modelo e ativista recifense Domitila Barros vence o Miss Alemanha 2022\"\/><\/figure>\n\n\n\n<figure class=\"wp-block-embed\"><div class=\"wp-block-embed__wrapper\">\nhttps:\/\/imasdk.googleapis.com\/js\/core\/bridge3.501.0_pt_br.html#goog_203626155200:00\/01:05\n<\/div><\/figure>\n\n\n\n<p>Modelo e ativista recifense Domitila Barros vence o Miss Alemanha 2022<\/p>\n\n\n\n<p>Desde os 13 anos, Domitila atuava como contadora de hist\u00f3rias na ONG criada pela m\u00e3e, o Centro de Atendimento a Meninas e Meninos (Camm). Em funcionamento h\u00e1 35 anos, a ONG atende 60 crian\u00e7as da periferia, que encontram no local o apoio que precisam para conquistar o futuro que desejam.https:\/\/6b5272f37d8ce495d11db4e43150749e.safeframe.googlesyndication.com\/safeframe\/1-0-38\/html\/container.html<\/p>\n\n\n\n<p>Ainda na inf\u00e2ncia, Domitila foi convidada para representar o Brasil num encontro promovido pela&nbsp;<a href=\"https:\/\/g1.globo.com\/tudo-sobre\/onu\/\">Organiza\u00e7\u00e3o das Na\u00e7\u00f5es Unidas<\/a>&nbsp;para a Educa\u00e7\u00e3o, a Ci\u00eancia e a Cultura (Unesco), na virada do mil\u00eanio, nos&nbsp;<a href=\"https:\/\/g1.globo.com\/tudo-sobre\/estados-unidos\/\">Estados Unidos<\/a>.<\/p>\n\n\n\n<figure class=\"wp-block-image\"><img decoding=\"async\" src=\"https:\/\/s2.glbimg.com\/5ka8bWJqU41Kzv2yqkfHZqyLHY8=\/0x0:1920x1080\/984x0\/smart\/filters:strip_icc()\/i.s3.glbimg.com\/v1\/AUTH_59edd422c0c84a879bd37670ae4f538a\/internal_photos\/bs\/2022\/T\/G\/hnp5tjR8KyBVxw9TXsLA\/frame-02-33-18.303.jpg\" alt=\"A pernambucana Domitila Barros foi a primeira negra e imigrante a ser eleita Miss Alemanha \u2014 Foto: Reprodu\u00e7\u00e3o\/TV Globo\"\/><\/figure>\n\n\n\n<p>A pernambucana Domitila Barros foi a primeira negra e imigrante a ser eleita Miss Alemanha \u2014 Foto: Reprodu\u00e7\u00e3o\/TV Globo<\/p>\n\n\n\n<p>&#8220;Comecei com o trabalho da ONG dos meus pais, dando aula \u00e0s crian\u00e7as da comunidade e tamb\u00e9m aprendendo l\u00e1, e tentei transmitir isso atrav\u00e9s de modelo e ativismo para as m\u00eddias sociais e chamei um pouco de aten\u00e7\u00e3o&#8221;, disse a Miss&nbsp;<a href=\"https:\/\/g1.globo.com\/tudo-sobre\/alemanha\/\">Alemanha<\/a>&nbsp;2022.<\/p>\n\n\n\n<p>Domitila virou garota-propaganda do Camm e principal divulgadora. Al\u00e9m das palestras, ela se transformou em uma empreendedora social. Em 2018,&nbsp;<a href=\"https:\/\/g1.globo.com\/pe\/pernambuco\/noticia\/2019\/01\/01\/jovem-da-periferia-recifense-cria-marca-feita-por-mulheres-e-estreia-na-semana-de-moda-de-berlim.ghtml\">criou uma grife de biqu\u00ednis e joias veganas<\/a>, produzidas por mulheres da comunidade da Linha do Tiro. A grife deu t\u00e3o certo que participou da Semana de Moda de Berlim.https:\/\/6b5272f37d8ce495d11db4e43150749e.safeframe.googlesyndication.com\/safeframe\/1-0-38\/html\/container.html<\/p>\n\n\n\n<figure class=\"wp-block-image\"><img decoding=\"async\" src=\"https:\/\/s2.glbimg.com\/I493XZbt6OlrpKURsraEryrM8Ng=\/0x0:1170x1436\/984x0\/smart\/filters:strip_icc()\/i.s3.glbimg.com\/v1\/AUTH_59edd422c0c84a879bd37670ae4f538a\/internal_photos\/bs\/2022\/G\/x\/BbdXS9QiKC4bYuZZrBFg\/domitila.jpeg\" alt=\"Domitila Barros venceu o Miss Alemanha 2022 \u2014 Foto: Divulga\u00e7\u00e3o\"\/><\/figure>\n\n\n\n<p>Domitila Barros venceu o Miss Alemanha 2022 \u2014 Foto: Divulga\u00e7\u00e3o<\/p>\n\n\n\n<p>Com cabelos crespos e o rosto cheio de sardas, ela n\u00e3o pensava que, em um pa\u00eds europeu, fosse fazer sucesso como modelo. A carreira internacional come\u00e7ou quando, h\u00e1 mais de dez anos, Domitila foi para a Europa ao ganhar uma bolsa de estudos para fazer mestrado em ci\u00eancias pol\u00edticas e sociais na faculdade alem\u00e3 Freie Universit\u00e4t Berlin.<\/p>\n\n\n\n<p>&#8220;O pessoal aqui na&nbsp;<a href=\"https:\/\/g1.globo.com\/tudo-sobre\/alemanha\/\">Alemanha<\/a>&nbsp;me elegeu a Miss&nbsp;<a href=\"https:\/\/g1.globo.com\/tudo-sobre\/alemanha\/\">Alemanha<\/a>&nbsp;pelo fato de que h\u00e1 22 anos eu continuo nessa luta, continuo sonhando e continuo acreditando que um mundo melhor \u00e9 poss\u00edvel, sim. E eu me esfor\u00e7o muito com projetos sociais, fazendo a\u00e7\u00f5es de arrecadar doa\u00e7\u00f5es, a\u00e7\u00f5es de natal, para poder, mesmo trabalhando como modelo e atriz aqui, sempre chamar aten\u00e7\u00e3o para os aspectos de sustentabilidade e igualdade social&#8221;, declarou.https:\/\/6b5272f37d8ce495d11db4e43150749e.safeframe.googlesyndication.com\/safeframe\/1-0-38\/html\/container.html<\/p>\n\n\n\n<h2 class=\"wp-block-heading\" id=\"videos-mais-vistos-de-pernambuco-nos-ultimos-7-dias\">V\u00cdDEOS: mais vistos de Pernambuco nos \u00faltimos 7 dias<\/h2>\n\n\n\n<p><a href=\"https:\/\/g1.globo.com\/pe\/pernambuco\/playlist\/videos-mais-assistidos-de-pernambuco-nos-ultimos-7-dias.ghtml\">200 v\u00eddeos<\/a><\/p>\n","protected":false},"excerpt":{"rendered":"<p>Pernambucana nasceu na Linha do Tiro, bairro da periferia da Zona Norte do Recife. &#8216;A gente s\u00f3 precisa de uma chance&#8217;, afirma modelo e ativista de 37 anos ap\u00f3s vencer<\/p>\n","protected":false},"author":1,"featured_media":7162,"comment_status":"closed","ping_status":"closed","sticky":false,"template":"","format":"standard","meta":[],"categories":[1],"tags":[],"_links":{"self":[{"href":"https:\/\/7ports.com.br\/index.php?rest_route=\/wp\/v2\/posts\/7160"}],"collection":[{"href":"https:\/\/7ports.com.br\/index.php?rest_route=\/wp\/v2\/posts"}],"about":[{"href":"https:\/\/7ports.com.br\/index.php?rest_route=\/wp\/v2\/types\/post"}],"author":[{"embeddable":true,"href":"https:\/\/7ports.com.br\/index.php?rest_route=\/wp\/v2\/users\/1"}],"replies":[{"embeddable":true,"href":"https:\/\/7ports.com.br\/index.php?rest_route=%2Fwp%2Fv2%2Fcomments&post=7160"}],"version-history":[{"count":1,"href":"https:\/\/7ports.com.br\/index.php?rest_route=\/wp\/v2\/posts\/7160\/revisions"}],"predecessor-version":[{"id":7161,"href":"https:\/\/7ports.com.br\/index.php?rest_route=\/wp\/v2\/posts\/7160\/revisions\/7161"}],"wp:featuredmedia":[{"embeddable":true,"href":"https:\/\/7ports.com.br\/index.php?rest_route=\/wp\/v2\/media\/7162"}],"wp:attachment":[{"href":"https:\/\/7ports.com.br\/index.php?rest_route=%2Fwp%2Fv2%2Fmedia&parent=7160"}],"wp:term":[{"taxonomy":"category","embeddable":true,"href":"https:\/\/7ports.com.br\/index.php?rest_route=%2Fwp%2Fv2%2Fcategories&post=7160"},{"taxonomy":"post_tag","embeddable":true,"href":"https:\/\/7ports.com.br\/index.php?rest_route=%2Fwp%2Fv2%2Ftags&post=7160"}],"curies":[{"name":"wp","href":"https:\/\/api.w.org\/{rel}","templated":true}]}}