
{"id":7173,"date":"2022-02-21T19:29:48","date_gmt":"2022-02-21T22:29:48","guid":{"rendered":"https:\/\/7ports.com.br\/?p=7173"},"modified":"2022-05-25T19:15:36","modified_gmt":"2022-05-25T22:15:36","slug":"rainha-elizabeth-ii-esta-com-covid-19-e-sintomas-leves","status":"publish","type":"post","link":"https:\/\/7ports.com.br\/?p=7173","title":{"rendered":"Inglaterra:  Rainha Elizabeth II est\u00e1 com covid-19 e sintomas &#8216;leves&#8217;"},"content":{"rendered":"\n<h2 class=\"wp-block-heading\" id=\"em-comunicado-o-palacio-de-buckingham-comparou-os-sintomas-da-rainha-a-um-resfriado\">Em comunicado, o Pal\u00e1cio de Buckingham comparou os sintomas da rainha a um resfriado<\/h2>\n\n\n\n<p><a href=\"https:\/\/www.correiobraziliense.com.br\/autor?termo=agencia-france-presse\">AF<\/a>Ag\u00eancia France-Presse<small>postado em 20\/02\/2022 09:12 \/ atualizado em 20\/02\/2022 09:49<\/small><a href=\"https:\/\/www.correiobraziliense.com.br\/mundo\/2022\/02\/4986839-rainha-elizabeth-ii-esta-com-covid-19-e-sintomas-leves.html#tags\"><\/a><\/p>\n\n\n\n<p><img decoding=\"async\" src=\"https:\/\/midias.correiobraziliense.com.br\/_midias\/jpg\/2022\/02\/02\/675x450\/1_whatsapp_image_2022_02_02_at_09_07_41-7399047.jpeg\" alt=\" (cr\u00e9dito: Paul Edwards \/ POOL \/ AFP)\"><small>(cr\u00e9dito: Paul Edwards \/ POOL \/ AFP)<\/small><\/p>\n\n\n\n<p><strong>Londres, Reino Unido<\/strong>&nbsp;&#8211;&nbsp;A rainha Elizabeth II, de 95 anos, testou positivo para a covid-19, mas apresenta apenas sintomas &#8220;leves&#8221; compar\u00e1veis aos de um resfriado, anunciou o Pal\u00e1cio de Buckingham neste domingo (20\/2).<\/p>\n\n\n\n<p>A soberana esteve em contato com o pr\u00edncipe Charles dois dias antes de ele testar positivo para o coronav\u00edrus. Ela realizar\u00e1 apenas &#8220;tarefas leves&#8221; na pr\u00f3xima semana, disse o Pal\u00e1cio de Buckingham.<\/p>\n\n\n\n<p>Desde o encontro com seu filho, a rainha fez v\u00e1rias apari\u00e7\u00f5es p\u00fablicas. Em particular, esteve presente pessoalmente em um compromisso p\u00fablico na \u00faltima quarta-feira, recebendo o major-general Eldon Millar, respons\u00e1vel pela liga\u00e7\u00e3o entre a rainha e as For\u00e7as Armadas, e seu antecessor, o contra-almirante James Macleod, no Castelo de Windsor, a quarenta quil\u00f4metros de Londres, a principal resid\u00eancia da soberana.<\/p>\n\n\n\n<p>Nas imagens da reuni\u00e3o, a rainha aparece dando as boas-vindas aos dois militares de p\u00e9, sorrindo, usando um vestido estampado, com uma bengala nas m\u00e3os. &#8220;Como voc\u00eas podem ver, n\u00e3o consigo me locomover&#8221;, disse ela, apontando para o p\u00e9 ou a perna esquerda.<\/p>\n\n\n\n<p>Essa apari\u00e7\u00e3o da rainha serviu como um sinal tranquilizador sobre seu estado de sa\u00fade, depois que ela passou uma noite no hospital no outono para exames, cuja natureza nunca foi esclarecida.<\/p>\n\n\n\n<p>Na ter\u00e7a-feira, ela recebeu por videoconfer\u00eancia os novos embaixadores da Est\u00f4nia e da Espanha.<\/p>\n\n\n\n<h3 class=\"wp-block-heading\" id=\"70-anos-de-reinado\">70 anos de reinado<\/h3>\n\n\n\n<p>A equipe do pr\u00edncipe Charles, de 73 anos, anunciou em 10 de fevereiro que o herdeiro da coroa brit\u00e2nica havia testado positivo para a covid \u2013 pela segunda vez \u2013 e que estava isolado. Ele encontrou sua m\u00e3e 48 horas antes.<\/p>\n\n\n\n<p>A comitiva da monarca indicou ent\u00e3o que ela n\u00e3o apresentava sintomas, sem dizer se havia testado positivo ou negativo, alimentando a preocupa\u00e7\u00e3o.<\/p>\n\n\n\n<p>Na segunda-feira, 14 de fevereiro, Camilla, de 74 anos e esposa do pr\u00edncipe Charles, anunciou que tamb\u00e9m havia contra\u00eddo a covid.https:\/\/0fd9851d9482ade5e2d2d270aec24882.safeframe.googlesyndication.com\/safeframe\/1-0-38\/html\/container.html<\/p>\n\n\n\n<p>A rainha Elizabeth comemorou 70 anos de reinado em 6 de fevereiro, uma longevidade sem precedentes para a monarquia brit\u00e2nica. Est\u00e3o previstos quatro dias de festividades para celebrar o seu jubileu de platina.<\/p>\n\n\n\n<p>Desde seus problemas de sa\u00fade em outubro, suas apari\u00e7\u00f5es se tornaram raras, mas o pal\u00e1cio anunciou recentemente a retomada de suas atividades p\u00fablicas: antes de uma cerim\u00f4nia em 29 de mar\u00e7o na Abadia de Westminster em mem\u00f3ria do pr\u00edncipe Philip, seu falecido marido, a rainha deve participar de uma recep\u00e7\u00e3o diplom\u00e1tica em Windsor em 2 de mar\u00e7o e uma cerim\u00f4nia da Commonwealth em 14 de mar\u00e7o.<\/p>\n","protected":false},"excerpt":{"rendered":"<p>Em comunicado, o Pal\u00e1cio de Buckingham comparou os sintomas da rainha a um resfriado AFAg\u00eancia France-Pressepostado em 20\/02\/2022 09:12 \/ atualizado em 20\/02\/2022 09:49 (cr\u00e9dito: Paul Edwards \/ POOL \/<\/p>\n","protected":false},"author":1,"featured_media":7174,"comment_status":"closed","ping_status":"closed","sticky":false,"template":"","format":"standard","meta":[],"categories":[1],"tags":[],"_links":{"self":[{"href":"https:\/\/7ports.com.br\/index.php?rest_route=\/wp\/v2\/posts\/7173"}],"collection":[{"href":"https:\/\/7ports.com.br\/index.php?rest_route=\/wp\/v2\/posts"}],"about":[{"href":"https:\/\/7ports.com.br\/index.php?rest_route=\/wp\/v2\/types\/post"}],"author":[{"embeddable":true,"href":"https:\/\/7ports.com.br\/index.php?rest_route=\/wp\/v2\/users\/1"}],"replies":[{"embeddable":true,"href":"https:\/\/7ports.com.br\/index.php?rest_route=%2Fwp%2Fv2%2Fcomments&post=7173"}],"version-history":[{"count":4,"href":"https:\/\/7ports.com.br\/index.php?rest_route=\/wp\/v2\/posts\/7173\/revisions"}],"predecessor-version":[{"id":7684,"href":"https:\/\/7ports.com.br\/index.php?rest_route=\/wp\/v2\/posts\/7173\/revisions\/7684"}],"wp:featuredmedia":[{"embeddable":true,"href":"https:\/\/7ports.com.br\/index.php?rest_route=\/wp\/v2\/media\/7174"}],"wp:attachment":[{"href":"https:\/\/7ports.com.br\/index.php?rest_route=%2Fwp%2Fv2%2Fmedia&parent=7173"}],"wp:term":[{"taxonomy":"category","embeddable":true,"href":"https:\/\/7ports.com.br\/index.php?rest_route=%2Fwp%2Fv2%2Fcategories&post=7173"},{"taxonomy":"post_tag","embeddable":true,"href":"https:\/\/7ports.com.br\/index.php?rest_route=%2Fwp%2Fv2%2Ftags&post=7173"}],"curies":[{"name":"wp","href":"https:\/\/api.w.org\/{rel}","templated":true}]}}