
{"id":7191,"date":"2022-02-21T20:16:17","date_gmt":"2022-02-21T23:16:17","guid":{"rendered":"https:\/\/7ports.com.br\/?p=7191"},"modified":"2022-02-21T20:16:51","modified_gmt":"2022-02-21T23:16:51","slug":"parece-que-estamos-vivendo-novamente-sob-o-comunismo-os-novos-livros-de-historia-difundidos-pelo-governo-na-hungria","status":"publish","type":"post","link":"https:\/\/7ports.com.br\/?p=7191","title":{"rendered":"&#8216;Parece que estamos vivendo novamente sob o comunismo&#8217;: os novos livros de Hist\u00f3ria difundidos pelo governo na Hungria"},"content":{"rendered":"\n<h1 class=\"wp-block-heading\" id=\"camilla-veras-mota-cavmota\">Camilla Veras Mota &#8211; @cavmota<\/h1>\n\n\n\n<h2 class=\"wp-block-heading\" id=\"da-bbc-brasil-em-sao-paulo\">Da BBC Brasil em S\u00e3o Paulo<\/h2>\n\n\n\n<p>20 fevereiro 2022<\/p>\n\n\n\n<figure class=\"wp-block-image\"><img decoding=\"async\" src=\"https:\/\/ichef.bbci.co.uk\/news\/640\/cpsprodpb\/CB90\/production\/_111021125_94a83f10-7763-40e6-be85-fafc2e75cfd9.jpg\" alt=\"Estudantes e professora em sala de aula em escola secund\u00e1ria em Budapeste\"\/><figcaption>Legenda da foto,Diretrizes do novo curr\u00edculo escolar orientam professores de Hist\u00f3ria a n\u00e3o falar sobre derrotas militares do pa\u00eds, apenas vit\u00f3rias<\/figcaption><\/figure>\n\n\n\n<p><strong>&#8220;Pode-se dizer que, 30 anos depois da mudan\u00e7a do regime em 89, voltamos no tempo no que diz respeito aos livros did\u00e1ticos. Estamos na mesma situa\u00e7\u00e3o em que est\u00e1vamos durante o regime comunista.&#8221;<\/strong><\/p>\n\n\n\n<p>Assim resume o presidente da Associa\u00e7\u00e3o de Professores de Hist\u00f3ria da Hungria, L\u00e1szl\u00f3 Mikl\u00f3si, quando questionado sobre as mudan\u00e7as recentes no sistema de ensino de seu pa\u00eds.<\/p>\n\n\n\n<p>Desde que chegou ao poder em 2010, o l\u00edder populista de direita Viktor Orb\u00e1n vem centralizando poder em torno de si e de seu partido, o Fidesz, e tirando autonomia do Judici\u00e1rio, da imprensa e, mais recentemente, das escolas e universidades.<\/p>\n\n\n\n<p>O presidente Jair Bolsonaro fez nesta quinta-feira (17\/2) sua primeira visita oficial \u00e0 Hungria. Em declara\u00e7\u00e3o \u00e0 imprensa, disse haver uma proximidade ideol\u00f3gica entre os dois pa\u00edses, que, segundo ele, seriam representantes de valores como Deus e fam\u00edlia.<a href=\"https:\/\/www.bbc.com\/portuguese\/institutional\/2015\/01\/000000_advertising_faqs\">PUBLICIDADE<\/a>https:\/\/a0e97fb7a2d231b0bdae447d65779a75.safeframe.googlesyndication.com\/safeframe\/1-0-38\/html\/container.html<\/p>\n\n\n\n<p>&#8220;Considero seu pa\u00eds o nosso pequeno grande irm\u00e3o. Pequeno se levarmos em conta as nossas diferen\u00e7as nas respectivas extens\u00f5es territoriais e grande pelos valores que n\u00f3s representamos que podem ser resumidos em quatro palavras: Deus, P\u00e1tria, Fam\u00edlia e Liberdade&#8221;, afirmou Bolsonaro.<a href=\"https:\/\/www.bbc.com\/portuguese\/internacional-60425005#end-of-recommendations\">Pule Talvez tamb\u00e9m te interesse e continue lendo<\/a><strong>Talvez tamb\u00e9m te interesse<\/strong><\/p>\n\n\n\n<ul><li><img decoding=\"async\" loading=\"lazy\" src=\"https:\/\/ichef.bbci.co.uk\/news\/660\/cpsprodpb\/172AB\/production\/_112919849_tv060873277.jpg\" alt=\"Viktor Orban\" width=\"976\" height=\"549\"><a href=\"https:\/\/www.bbc.com\/portuguese\/internacional-60396883\">Bolsonaro na Hungria: como primeiro-ministro Viktor Orb\u00e1n se tornou inspira\u00e7\u00e3o para a ultradireita<\/a><\/li><li><img decoding=\"async\" loading=\"lazy\" src=\"https:\/\/ichef.bbci.co.uk\/news\/660\/cpsprodpb\/2232\/production\/_123045780_tv073388797.jpg\" alt=\"Bolsonaro sentado em evento com fei\u00e7\u00e3o s\u00e9ria olhando para frente\" width=\"976\" height=\"549\"><a href=\"https:\/\/www.bbc.com\/portuguese\/geral-60178149\">EUA dizem que Bolsonaro tem &#8216;responsabilidade&#8217; de confrontar Putin sobre Ucr\u00e2nia<\/a><\/li><li><img decoding=\"async\" loading=\"lazy\" src=\"https:\/\/ichef.bbci.co.uk\/news\/660\/cpsprodpb\/1571E\/production\/_118983878_gettyimages-1304905680.jpg\" alt=\"A woman blows a trumpet ahead a procession to mark the victory at the Battle of Adwa - March 2021, Addis Ababa, Ethiopia\" width=\"976\" height=\"549\"><a href=\"https:\/\/www.bbc.com\/portuguese\/internacional-58585009\">Cinco curiosidades sobre o pa\u00eds onde o ano tem 13 meses<\/a><\/li><li><img decoding=\"async\" loading=\"lazy\" src=\"https:\/\/ichef.bbci.co.uk\/news\/660\/cpsprodpb\/050B\/production\/_111819210_befunky-collage.jpg\" alt=\"Viktor Orban, Vladimir Putin and Recep Tayyip Erdogan\" width=\"976\" height=\"549\"><a href=\"https:\/\/www.bbc.com\/portuguese\/internacional-52358420\">Os l\u00edderes europeus que est\u00e3o usando a pandemia para concentrar mais poder<\/a><\/li><\/ul>\n\n\n\n<p id=\"end-of-recommendations\">Fim do Talvez tamb\u00e9m te interesse<\/p>\n\n\n\n<p>Em 2019, o governo h\u00fangaro tomou dos munic\u00edpios o controle sobre as escolas p\u00fablicas do pa\u00eds e substituiu os livros at\u00e9 ent\u00e3o publicados por diferentes editoras independentes por obras do Instituto H\u00fangaro para Pesquisa e Desenvolvimento em Educa\u00e7\u00e3o (OFI, na sigla em h\u00fangaro).<\/p>\n\n\n\n<p>A \u00e1rea de Hist\u00f3ria foi uma das que gerou maior preocupa\u00e7\u00e3o entre os professores. Na avalia\u00e7\u00e3o de Mikl\u00f3si, que d\u00e1 aulas h\u00e1 mais de tr\u00eas d\u00e9cadas, o conte\u00fado foi comprometido para que se encaixasse na ideologia nacionalista e na vis\u00e3o de mundo do primeiro-ministro e de seu grupo.<\/p>\n\n\n\n<p>&#8220;Nos tempos do comunismo as escolas s\u00f3 usavam os livros publicados pelo Estado &#8211; e estes eram repletos de conte\u00fado ideol\u00f3gico&#8221;, pontuou em entrevista \u00e0 BBC News Brasil.<\/p>\n\n\n\n<p>&#8220;Houve a mudan\u00e7a de regime, passou a existir um mercado de livros did\u00e1ticos, com diversidade, uma pluralidade de publica\u00e7\u00f5es. E agora estamos de volta \u00e0quele cen\u00e1rio em que as escolas s\u00f3 podem usar livros publicados pelo Estado, cheios de conte\u00fado ideol\u00f3gico.&#8221;<\/p>\n\n\n\n<p>O professor cita alguns exemplos.<\/p>\n\n\n\n<figure class=\"wp-block-image\"><img decoding=\"async\" src=\"https:\/\/www.bbc.com\/ws\/includes\/idt2\/532baf30-a40e-4bf3-9c33-ba6183b34736\/image\/816\" alt=\"Map\"\/><\/figure>\n\n\n\n<p><a href=\"https:\/\/www.bbc.com\/portuguese\/internacional-60425005#end-of-podcasts\">Pule Podcast e continue lendo<\/a><strong>Podcast<\/strong><a href=\"https:\/\/www.bbc.com\/portuguese\/podcasts\/p09qw1cn\">BBC L\u00ea<\/a><\/p>\n\n\n\n<p>A equipe da BBC News Brasil l\u00ea para voc\u00ea algumas de suas melhores reportagens<\/p>\n\n\n\n<p>Epis\u00f3dios<\/p>\n\n\n\n<p id=\"end-of-podcasts\">Fim do Podcast<\/p>\n\n\n\n<p>Um deles envolve a pr\u00f3pria funda\u00e7\u00e3o da Hungria. Conforme a teoria mais aceita, em 895 tribos h\u00fangaras n\u00f4mades chegaram \u00e0 Bacia do C\u00e1rpato &#8220;empurradas&#8221; pelos ataques de outras tribos n\u00f4mades que vinham conquistando novos territ\u00f3rios.<\/p>\n\n\n\n<p>&#8220;Mas essa narrativa n\u00e3o \u00e9 gloriosa o suficiente para os ide\u00f3logos do governo&#8221;, diz o professor, de forma ir\u00f4nica. &#8220;Ent\u00e3o os livros passaram simplesmente a omitir essas informa\u00e7\u00f5es.&#8221;<\/p>\n\n\n\n<p>Nos cap\u00edtulos sobre hist\u00f3ria medieval, ele acrescenta, uma parte do conte\u00fado \u00e9 reservado aos monast\u00e9rios e \u00e0s santas, retratadas como exemplo do que as mulheres h\u00fangaras deveriam aspirar a ser.<\/p>\n\n\n\n<p>&#8220;E h\u00e1 uma \u00eanfase grande em hist\u00f3ria militar, em oposi\u00e7\u00e3o \u00e0 hist\u00f3ria que retrata as pessoas comuns, como era a vida dessas pessoas. Essa era uma tend\u00eancia que vinha ganhando protagonismo at\u00e9 a chegada do atual regime e que foi colocada de lado para, mais uma vez, dar lugar a uma narrativa oficial&#8221;, avalia o professor.<\/p>\n\n\n\n<p>A mensagem &#8220;patri\u00f3tica&#8221; tamb\u00e9m interfere na forma como os imigrantes s\u00e3o retratados. Logo ap\u00f3s a ado\u00e7\u00e3o dos livros did\u00e1ticos promovidos pelo governo,&nbsp;<a href=\"https:\/\/edition.cnn.com\/2019\/02\/01\/europe\/hungary-education-orban-textbooks-intl\/index.html\">uma reportagem da CNN chamou aten\u00e7\u00e3o para um livro de hist\u00f3ria para alunos de ensino m\u00e9dio<\/a>&nbsp;que trazia discursos do primeiro-ministro sobre os &#8220;perigos da migra\u00e7\u00e3o&#8221; e em que afirmava que a Hungria era um pa\u00eds &#8220;homog\u00eaneo&#8221;.<\/p>\n\n\n\n<p>O ataque aos imigrantes \u00e9 recorrente no discurso de Orb\u00e1n, que em 2015, no auge da crise migrat\u00f3ria que levou milh\u00f5es de refugiados \u00e0 Europa, ordenou a constru\u00e7\u00e3o de uma controversa cerca de ferro na fronteira entre Hungria e S\u00e9rvia para evitar que os migrantes passassem pelo territ\u00f3rio h\u00fangaro.<\/p>\n\n\n\n<p>Os problemas com os livros did\u00e1ticos v\u00e3o al\u00e9m de quest\u00f5es da esfera ideol\u00f3gica, diz a \u00c1tl\u00e1tsz\u00f3, organiza\u00e7\u00e3o sem fins lucrativos que monitora o setor p\u00fablico no pa\u00eds.&nbsp;<a href=\"https:\/\/oktatas.atlatszo.hu\/2022\/02\/11\/allamositott-tankonyvpiac-strasbourgi-per-rossz-minosegu-kiadvanyok-a-hazai-tankonyvpolitika-elmult-40-eve\/\">Em um relat\u00f3rio publicado no in\u00edcio deste ano<\/a>, a entidade chama aten\u00e7\u00e3o para uma s\u00e9rie de erros &#8220;pr\u00e1ticos&#8221; nos novos livros de hist\u00f3ria, como a localiza\u00e7\u00e3o de cidades nos mapas.<\/p>\n\n\n\n<p>Em suas manifesta\u00e7\u00f5es oficiais, o governo justifica o controle sobre o ensino sob o argumento de que faltava estrutura aos munic\u00edpios e afirma que as mudan\u00e7as fazem parte de uma estrat\u00e9gia para que o setor ganhe efici\u00eancia e seja melhor financiado.<\/p>\n\n\n\n<figure class=\"wp-block-image\"><img decoding=\"async\" src=\"https:\/\/ichef.bbci.co.uk\/news\/640\/cpsprodpb\/11A97\/production\/_114234327_img_5250.jpg\" alt=\"Fachada da Universidade de Teatro e Cinema, em Budapeste, coberta de cartazes e uma fita vermelha em frente \u00e0 porta\"\/><figcaption>Legenda da foto,Protesto de estudantes da Universidade de Teatro e Cinema: perda de autonomia tamb\u00e9m afetou ensino superior e pesquisa<\/figcaption><\/figure>\n\n\n\n<h2 class=\"wp-block-heading\" id=\"O-novo-curr\u00edculo-escolar-e-os-ataques-a-professores\">O novo curr\u00edculo escolar e os ataques a professores<\/h2>\n\n\n\n<p>Um ano depois de mudar os livros did\u00e1ticos, em 2020, o governo alterou tamb\u00e9m o curr\u00edculo escolar. A ideia era torn\u00e1-lo mais &#8220;patri\u00f3tico&#8221;.<\/p>\n\n\n\n<p>Mikl\u00f3si se manifestou publicamente de forma cr\u00edtica, especialmente em rela\u00e7\u00e3o \u00e0 orienta\u00e7\u00e3o para que os professores de Hist\u00f3ria n\u00e3o falassem sobre as batalhas perdidas pelo pa\u00eds no passado, apenas sobre as vit\u00f3rias militares.<\/p>\n\n\n\n<p>&#8220;Me tornei o inimigo p\u00fablico n\u00famero um do momento&#8221;, diz ele, referindo-se aos ataques que passou a sofrer da imprensa favor\u00e1vel ao governo.<\/p>\n\n\n\n<p>&#8220;Durante tr\u00eas meses, a cada dois dias sa\u00eda alguma coisa me criticando, dizendo que eu s\u00f3 queria ensinar aos jovens sobre as batalhas que os h\u00fangaros perderam.&#8221;<\/p>\n\n\n\n<p>Nos 12 anos em que Orb\u00e1n est\u00e1 no poder, a liberdade de imprensa tem sido gradativamente cerceada no pa\u00eds. Hoje, a grande maioria dos meios de comunica\u00e7\u00e3o \u00e9 direta ou indiretamente alinhada ao governo &#8211;&nbsp;<a href=\"https:\/\/www.bbc.com\/portuguese\/internacional-60396883\">mais de 500 fazem parte de uma funda\u00e7\u00e3o p\u00fablica criada no fim de 2018<\/a>.<\/p>\n\n\n\n<p>Com a exposi\u00e7\u00e3o no notici\u00e1rio, Mikl\u00f3si conta ter recebido uma s\u00e9rie de amea\u00e7as por e-mail e por telefone.<\/p>\n\n\n\n<p>&#8220;Isso tem um peso emocional enorme.&#8221;<\/p>\n\n\n\n<p>Com medo da repercuss\u00e3o, s\u00e3o muitos os que preferem calar, diz ele, citando o caso de dois professores de Hist\u00f3ria que, depois de criticarem um v\u00eddeo financiado pelo governo exaltando um dos feitos militares do passado h\u00fangaro, viraram alvo dos ataques dos meios de comunica\u00e7\u00e3o.<\/p>\n\n\n\n<p>&#8220;Durante dois dias, foram para cima deles, uma campanha de \u00f3dio t\u00e3o intensa que fez com que eles n\u00e3o abrissem mais a boca para dar a opini\u00e3o profissional sobre nada.&#8221;<\/p>\n\n\n\n<figure class=\"wp-block-image\"><img decoding=\"async\" src=\"https:\/\/ichef.bbci.co.uk\/news\/640\/cpsprodpb\/185AC\/production\/_114265799_32abbe9f-e6a8-4157-8f16-516798befacd.jpg\" alt=\"Milhares de pessoas reunidas em manifesta\u00e7\u00e3o em setembro de 2020 pela autonomia da Universidade de Teatro e Cinema em Budapeste\"\/><figcaption>Legenda da foto,Manifesta\u00e7\u00e3o em setembro de 2020 pela autonomia da Universidade de Teatro e Cinema: medidas levaram milhares \u00e0s ruas<\/figcaption><\/figure>\n\n\n\n<h2 class=\"wp-block-heading\" id=\"Perda-de-autonomia-das-universidades-e-centro-de-pesquisa\">Perda de autonomia das universidades e centro de pesquisa<\/h2>\n\n\n\n<p>O cientista pol\u00edtico Zsolt Enyedi, professor da Central European University (CEU), foi diretamente afetado pela &#8220;cruzada&#8221; na educa\u00e7\u00e3o.<\/p>\n\n\n\n<p><a href=\"https:\/\/www.bbc.com\/portuguese\/internacional-39820384\">Em 2018, a universidade teve de deixar quase todas as opera\u00e7\u00f5es em Budapeste<\/a>, na capital do pa\u00eds, e transferi-las para Viena, capital da vizinha \u00c1ustria.<\/p>\n\n\n\n<p>Mais extremo, o caso da CEU foi at\u00edpico, explicado pelo fato de a institui\u00e7\u00e3o ser financiada pelo bilion\u00e1rio h\u00fangaro George Soros, um dos &#8220;inimigos&#8221; eleitos pelo primeiro-ministro.<\/p>\n\n\n\n<p>Soros \u00e9 acusado de financiar entidades supostamente interessadas em promover a imigra\u00e7\u00e3o em massa e destruir o pa\u00eds. A campanha de reelei\u00e7\u00e3o de Orb\u00e1n em 2018 chegou a espalhar outdoors com a foto do filantropo e os dizeres &#8220;N\u00e3o vamos deixar George Soros rir por \u00faltimo&#8221;.<\/p>\n\n\n\n<figure class=\"wp-block-image\"><img decoding=\"async\" src=\"https:\/\/ichef.bbci.co.uk\/news\/640\/cpsprodpb\/7BCD\/production\/_104539613_budapest.jpg\" alt=\"Protesto contra a expuls\u00e3o da CEU de Budapeste\"\/><figcaption>Legenda da foto,Protesto contra a expuls\u00e3o da CEU de Budapeste: universidade transferiu opera\u00e7\u00f5es para Viena<\/figcaption><\/figure>\n\n\n\n<p>As mudan\u00e7as na educa\u00e7\u00e3o come\u00e7aram justamente ap\u00f3s a \u00faltima elei\u00e7\u00e3o, no terceiro mandato consecutivo do primeiro-ministro.<\/p>\n\n\n\n<p>&#8220;Orb\u00e1n n\u00e3o mexeu na educa\u00e7\u00e3o nos dois primeiros mandatos. Se limitou a tirar bastante dinheiro do or\u00e7amento, direcionado para \u00e1reas como o esporte. Era como se ele aceitasse que a educa\u00e7\u00e3o sempre seria gerida por pessoas com certo n\u00edvel de autonomia, que talvez pensassem diferente dele&#8221;, relata Enyedi.<\/p>\n\n\n\n<p>&#8220;Mas depois de vencer duas elei\u00e7\u00f5es e garantir maioria constitucional no Parlamento, ele decidiu interferir na educa\u00e7\u00e3o tamb\u00e9m.&#8221;<\/p>\n\n\n\n<p>Na educa\u00e7\u00e3o prim\u00e1ria, a administra\u00e7\u00e3o foi transferida para muitas igrejas, algumas cuja c\u00fapula \u00e9 pr\u00f3xima do primeiro-ministro.<\/p>\n\n\n\n<p>A educa\u00e7\u00e3o superior e a pesquisa cient\u00edfica tamb\u00e9m perderam autonomia. Nos \u00faltimos anos, o governo promoveu uma esp\u00e9cie de privatiza\u00e7\u00e3o do ensino superior, com a transfer\u00eancia do controle de universidades p\u00fablicas para funda\u00e7\u00f5es privadas com conselhos compostos por membros indicados pelo governo, muitas vezes ex-ministros ou empres\u00e1rios com liga\u00e7\u00f5es com o premi\u00ea.<\/p>\n\n\n\n<p>Em julho 2019, milhares foram \u00e0s ruas de Budapeste para protestar contra uma lei rec\u00e9m-aprovada que permitia ao governo controlar mais de 40 institutos ligados \u00e0 Academia H\u00fangara de Ci\u00eancias,&nbsp;<a href=\"https:\/\/www.nature.com\/articles\/d41586-019-02107-4\">como noticiou a revista Nature na \u00e9poca<\/a>.<\/p>\n\n\n\n<p>Em setembro de 2020, a capital novamente foi tomada por milhares de manifestantes contra a perda de autonomia da Universidade de Teatro e Cinema, na ocasi\u00e3o a s\u00e9tima que passaria a ser gerida por uma funda\u00e7\u00e3o ligada ao governo.<\/p>\n\n\n\n<p>Em abril deste ano a Hungria passa por novas elei\u00e7\u00f5es e, pela primeira vez em mais de uma d\u00e9cada, Orb\u00e1n vai enfrentar uma oposi\u00e7\u00e3o unificada. As pesquisas de opini\u00e3o refletem a polariza\u00e7\u00e3o da sociedade h\u00fangara, com o rival Peter Marki-Zay bem posicionado.<\/p>\n\n\n\n<p>O professor da CEU chama aten\u00e7\u00e3o, contudo, para o fato de que, mesmo que Orb\u00e1n e seu partido, o Fidesz, saiam derrotados nas urnas, parte das mudan\u00e7as feitas durante sua administra\u00e7\u00e3o n\u00e3o s\u00e3o facilmente revers\u00edveis. Muitas delas foram transformadas em lei e inclu\u00eddas na Constitui\u00e7\u00e3o, gra\u00e7as \u00e0 maioria com a qual o primeiro-ministro tem contado no Legislativo.<\/p>\n\n\n\n<p>No caso das universidades, ele exemplifica, os membros do conselho \u00e0 priori t\u00eam cargos vital\u00edcios.<\/p>\n\n\n\n<p>&#8220;Agora que tem controle total sobre a sociedade, Orb\u00e1n acredita que pode construir um arcabou\u00e7o institucional para arregimentar as novas gera\u00e7\u00f5es para sua ideologia &#8211; tenta construir algo que dure ainda mais que ele.&#8221;<\/p>\n","protected":false},"excerpt":{"rendered":"<p>Camilla Veras Mota &#8211; @cavmota Da BBC Brasil em S\u00e3o Paulo 20 fevereiro 2022 &#8220;Pode-se dizer que, 30 anos depois da mudan\u00e7a do regime em 89, voltamos no tempo no<\/p>\n","protected":false},"author":1,"featured_media":7192,"comment_status":"closed","ping_status":"closed","sticky":false,"template":"","format":"standard","meta":[],"categories":[1],"tags":[],"_links":{"self":[{"href":"https:\/\/7ports.com.br\/index.php?rest_route=\/wp\/v2\/posts\/7191"}],"collection":[{"href":"https:\/\/7ports.com.br\/index.php?rest_route=\/wp\/v2\/posts"}],"about":[{"href":"https:\/\/7ports.com.br\/index.php?rest_route=\/wp\/v2\/types\/post"}],"author":[{"embeddable":true,"href":"https:\/\/7ports.com.br\/index.php?rest_route=\/wp\/v2\/users\/1"}],"replies":[{"embeddable":true,"href":"https:\/\/7ports.com.br\/index.php?rest_route=%2Fwp%2Fv2%2Fcomments&post=7191"}],"version-history":[{"count":1,"href":"https:\/\/7ports.com.br\/index.php?rest_route=\/wp\/v2\/posts\/7191\/revisions"}],"predecessor-version":[{"id":7193,"href":"https:\/\/7ports.com.br\/index.php?rest_route=\/wp\/v2\/posts\/7191\/revisions\/7193"}],"wp:featuredmedia":[{"embeddable":true,"href":"https:\/\/7ports.com.br\/index.php?rest_route=\/wp\/v2\/media\/7192"}],"wp:attachment":[{"href":"https:\/\/7ports.com.br\/index.php?rest_route=%2Fwp%2Fv2%2Fmedia&parent=7191"}],"wp:term":[{"taxonomy":"category","embeddable":true,"href":"https:\/\/7ports.com.br\/index.php?rest_route=%2Fwp%2Fv2%2Fcategories&post=7191"},{"taxonomy":"post_tag","embeddable":true,"href":"https:\/\/7ports.com.br\/index.php?rest_route=%2Fwp%2Fv2%2Ftags&post=7191"}],"curies":[{"name":"wp","href":"https:\/\/api.w.org\/{rel}","templated":true}]}}