
{"id":7217,"date":"2022-02-23T10:27:06","date_gmt":"2022-02-23T13:27:06","guid":{"rendered":"https:\/\/7ports.com.br\/?p=7217"},"modified":"2022-02-23T10:27:09","modified_gmt":"2022-02-23T13:27:09","slug":"historia-russia-x-ucrania","status":"publish","type":"post","link":"https:\/\/7ports.com.br\/?p=7217","title":{"rendered":"Hist\u00f3ria: R\u00fassia x Ucr\u00e2nia"},"content":{"rendered":"\n<h1 class=\"wp-block-heading\">R\u00fassia e Ucr\u00e2nia: a complicada hist\u00f3ria que conecta (e divide) os dois pa\u00edses<\/h1>\n\n\n\n<h2 class=\"wp-block-heading\">S\u00e9culos de derramamento de sangue, domina\u00e7\u00e3o estrangeira e divis\u00f5es internas deixam a Ucr\u00e2nia em uma posi\u00e7\u00e3o delicada entre Ocidente e Oriente. Veja os pontos-chave para&nbsp;entender por que a regi\u00e3o est\u00e1 no centro de uma poss\u00edvel guerra.<\/h2>\n\n\n\n<p>POR&nbsp;<a href=\"https:\/\/www.nationalgeographicbrasil.com\/autor\/eve-conant\">EVE CONANT<\/a>PUBLICADO&nbsp;22 DE FEV. DE 2022 17:22 BRT<\/p>\n\n\n\n<figure class=\"wp-block-image\"><img decoding=\"async\" src=\"https:\/\/static.nationalgeographicbrasil.com\/files\/styles\/image_3200\/public\/gettyimages-470588629.jpg?w=1600&amp;h=900\" alt=\"Violence Escalates As Kiev Protests Continue\" title=\"Violence Escalates As Kiev Protests Continue\"\/><\/figure>\n\n\n\n<p>A viol\u00eancia tomou conta de Maidan, a Pra\u00e7a da Independ\u00eancia de Kiev, em 2014, depois que o governo ucraniano, sob press\u00e3o de Moscou, abandonou um acordo para fortalecer la\u00e7os com a Uni\u00e3o Europeia. A R\u00fassia ainda se op\u00f5e ao movimento da Ucr\u00e2nia em dire\u00e7\u00e3o ao Ocidente e parece pronta para invadir o vizinho.FOTO DE&nbsp;<strong>JEFF J. MITCHELL, GETTY IMAGES<\/strong><\/p>\n\n\n\n<p>\u00c0 medida que a amea\u00e7a de uma invas\u00e3o russa na Ucr\u00e2nia domina as not\u00edcias, um olhar para a longa e entrela\u00e7ada hist\u00f3ria dos controversos vizinhos revela como o palco foi montado para o conflito de hoje.<\/p>\n\n\n\n<h2 class=\"wp-block-heading\"><strong>R\u00fassia e Ucr\u00e2nia: qual \u00e9 o ponto hist\u00f3rico que as une?<\/strong><\/h2>\n\n\n\n<p>A heran\u00e7a compartilhada dos dois pa\u00edses remonta a mais de mil anos, a uma \u00e9poca em que Kiev, hoje capital da Ucr\u00e2nia, estava no centro do primeiro Estado eslavo, a R\u00fassia de Kiev, ber\u00e7o tanto da Ucr\u00e2nia quanto da R\u00fassia.<\/p>\n\n\n\n<p>Em 988, Vladimir I, o monarca pag\u00e3o de Novgorod e gr\u00e3o-pr\u00edncipe de Kiev, aceitou a&nbsp;<a href=\"https:\/\/www.nationalgeographicbrasil.com\/photography\/2018\/11\/tesouros-naturais-culturais-russia-fotos-galeria-turismo-sao-petersburgo-kremlin-moscou\">f\u00e9 crist\u00e3 ortodoxa<\/a>&nbsp;e foi batizado na cidade de Quersoneso, na Crimeia. Aludindo a esse momento hist\u00f3rico, o l\u00edder russo Vladimir Putin declarou recentemente: &#8220;Russos e ucranianos s\u00e3o um s\u00f3 povo, um \u00fanico todo&#8221;.<\/p>\n\n\n\n<figure class=\"wp-block-image\"><img decoding=\"async\" src=\"https:\/\/static.nationalgeographicbrasil.com\/files\/styles\/image_3200\/public\/bal_322410.jpg?w=710&amp;h=507\" alt=\"Vladimir Svyatoslavich the Great choosing the religion in 987 (oil on canvas)\" title=\"Vladimir Svyatoslavich the Great choosing the religion in 987 (oil on canvas)\"\/><\/figure>\n\n\n\n<p>Uma pintura do s\u00e9culo 19 retrata Vladimir I, governante da R\u00fassia de Kiev, o local de nascimento da Ucr\u00e2nia e da R\u00fassia, escolhendo o cristianismo ortodoxo como a nova religi\u00e3o do Estado em 988.FOTO DE&nbsp;<strong>MUSEU DA HIST\u00d3RIA DA RELIGI\u00c3O VIA BRIDGEMAN IMAGES<\/strong><\/p>\n\n\n\n<h2 class=\"wp-block-heading\"><strong>Quando come\u00e7ou o rompimento entre a R\u00fassia e a Ucr\u00e2nia?<\/strong><\/h2>\n\n\n\n<p>No entanto, nos \u00faltimos dez s\u00e9culos, a Ucr\u00e2nia foi repetidamente invadida por pot\u00eancias rivais. Guerreiros mong\u00f3is do leste conquistaram a R\u00fassia de Kiev no s\u00e9culo 13.<\/p>\n\n\n\n<p>No s\u00e9culo 16, ex\u00e9rcitos poloneses e lituanos invadiram o oeste. No s\u00e9culo 17, a guerra entre a Rep\u00fablica das Duas Na\u00e7\u00f5es (Pol\u00f4nia e Litu\u00e2nia) e o Czarado da R\u00fassia deixou as terras para o leste do rio Dniepre sob controle imperial russo.<\/p>\n\n\n\n<p>O leste ficou conhecido como a &#8216;Margem Esquerda&#8217; da Ucr\u00e2nia, enquanto as terras a oeste do Dniepre, ou &#8216;Margem Direita&#8217;, ficaram a mando da Pol\u00f4nia.<\/p>\n\n\n\n<p>Mais de um s\u00e9culo depois, em 1793, a Margem Direita (ocidental) da Ucr\u00e2nia foi anexada pelo Imp\u00e9rio Russo. Ao longo dos anos que se seguiram, uma pol\u00edtica conhecida como russifica\u00e7\u00e3o proibiu o uso e o estudo da l\u00edngua ucraniana, e os habitantes foram pressionadas a se converter \u00e0 f\u00e9 ortodoxa russa.<\/p>\n\n\n\n<h2 class=\"wp-block-heading\"><strong>Joseph Stalin: o l\u00edder sovi\u00e9tico que aprofundou a cis\u00e3o entre R\u00fassia e Ucr\u00e2nia<\/strong><\/h2>\n\n\n\n<p>A Ucr\u00e2nia sofreu alguns de seus maiores traumas durante o s\u00e9culo 20. Ap\u00f3s a revolu\u00e7\u00e3o comunista de 1917, o pa\u00eds, como muitos outros, travou uma brutal guerra civil antes de ser totalmente absorvido pela Uni\u00e3o Sovi\u00e9tica em 1922.<\/p>\n\n\n\n<p>No in\u00edcio da d\u00e9cada de 1930, a campanha de coletiviza\u00e7\u00e3o das fazendas promovida pelo l\u00edder sovi\u00e9tico Joseph Stalin produziu uma grande fome que provocou a morte de milh\u00f5es de ucranianos.<\/p>\n\n\n\n<p>Depois disso, Stalin importou um grande n\u00famero de russos e outros cidad\u00e3os sovi\u00e9ticos para ajudar a repovoar o leste. Muitos deles n\u00e3o falavam ucraniano e tinham poucos la\u00e7os com a regi\u00e3o.<\/p>\n\n\n\n<figure class=\"wp-block-image\"><img decoding=\"async\" src=\"https:\/\/static.nationalgeographicbrasil.com\/files\/styles\/image_3200\/public\/ap_381214051.jpg?w=710&amp;h=500\" alt=\"Ukraine Harvest Potato Crop\" title=\"Ukraine Harvest Potato Crop\"\/><\/figure>\n\n\n\n<p>A campanha do l\u00edder sovi\u00e9tico Joseph Stalin para coletivizar a agricultura levou \u00e0 fome generalizada na d\u00e9cada de 1930, o que matou milh\u00f5es de ucranianos. No pior momento da Grande Fome (ou Holodomor, que significa &#8220;morte pela fome&#8221;), colonos da R\u00fassia foram trazidos para repovoar o campo.FOTO DE&nbsp;<strong>AP<\/strong><\/p>\n\n\n\n<figure class=\"wp-block-image\"><img decoding=\"async\" src=\"https:\/\/static.nationalgeographicbrasil.com\/files\/styles\/image_3200\/public\/ap_970395078999.jpg?w=710&amp;h=467\" alt=\"Reunification of Ukraine\" title=\"Reunification of Ukraine\"\/><\/figure>\n\n\n\n<p>Um orador se dirige a uma multid\u00e3o em Chernivtsi, uma cidade no oeste da Ucr\u00e2nia, durante os \u201cdias da reunifica\u00e7\u00e3o\u201d, em novembro de 1939. Poucas semanas antes, as tropas alem\u00e3s e sovi\u00e9ticas haviam invadido a Pol\u00f4nia e feito do oeste da Ucr\u00e2nia, anteriormente sob controle polon\u00eas, parte da Ucr\u00e2nia Sovi\u00e9tica.FOTO DE&nbsp;<strong>ANATOLIY GARANIN, SPUTNIK\/AP<\/strong><\/p>\n\n\n\n<figure class=\"wp-block-image\"><img decoding=\"async\" src=\"https:\/\/static.nationalgeographicbrasil.com\/files\/styles\/image_3200\/public\/nghistory-2202-ukraine-history_primary_ai2html-x-small_or_mobileBR.jpg?w=315&amp;h=399\" alt=\"Fronteiras entre Ucr\u00e2nia e R\u00fassia.\n\" title=\"Fronteiras entre Ucr\u00e2nia e R\u00fassia.\n\"\/><\/figure>\n\n\n\n<p>Fronteiras entre Ucr\u00e2nia e R\u00fassia.ARTE DE&nbsp;<strong>NATIONAL GEOGRAPHIC<\/strong><\/p>\n\n\n\n<h2 class=\"wp-block-heading\"><strong>Ucr\u00e2nia: dividida entre a R\u00fassia e o Ocidente<\/strong><\/h2>\n\n\n\n<p>Essa hist\u00f3ria conturbada criou divis\u00f5es duradouras. Como o leste da Ucr\u00e2nia ficou sob o dom\u00ednio russo muito mais cedo do que o oeste da Ucr\u00e2nia, os habitantes do leste t\u00eam la\u00e7os mais fortes com a R\u00fassia e t\u00eam sido mais propensas a apoiar l\u00edderes russos.<\/p>\n\n\n\n<p>A Ucr\u00e2nia do Oeste, ao contr\u00e1rio, passou s\u00e9culos sob constantes mudan\u00e7as de controle por pot\u00eancias europeias como a Pol\u00f4nia e o Imp\u00e9rio Austro-H\u00fangaro, uma das raz\u00f5es pelas quais os ucranianos no ocidente tendem a apoiar mais pol\u00edticos ocidentais.<\/p>\n\n\n\n<p>Em linhas gerais, a popula\u00e7\u00e3o oriental tende a falar a l\u00edngua russa e praticar a religi\u00e3o ortodoxa, enquanto no ocidente se fala mais ucraniano e a popula\u00e7\u00e3o \u00e9 mais cat\u00f3lica.<\/p>\n\n\n\n<p>Com o colapso da Uni\u00e3o Sovi\u00e9tica em 1991, a Ucr\u00e2nia tornou-se uma na\u00e7\u00e3o independente. Mas unir o pa\u00eds provou ser uma tarefa dif\u00edcil. Por um lado, \u201co senso de nacionalismo ucraniano n\u00e3o \u00e9 t\u00e3o profundo no leste como \u00e9 no oeste\u201d, diz o ex-embaixador na Ucr\u00e2nia Steven Pifer.<\/p>\n\n\n\n<p>A transi\u00e7\u00e3o para a democracia e o capitalismo foi dolorosa e ca\u00f3tica, e muitos ucranianos, especialmente no leste, ansiavam pela relativa estabilidade das eras anteriores.<\/p>\n\n\n\n<figure class=\"wp-block-image\"><img decoding=\"async\" src=\"https:\/\/static.nationalgeographicbrasil.com\/files\/styles\/image_3200\/public\/h_16.00009744.jpg?w=710&amp;h=468\" alt=\"Odessa\" title=\"Odessa\"\/><\/figure>\n\n\n\n<p>Pedestres em Odessa, uma cidade portu\u00e1ria no Mar Negro, no sul da Ucr\u00e2nia, passam junto de um cartaz sovi\u00e9tico anunciando temas sobre poder e justi\u00e7a em 1991, o ano em que a Ucr\u00e2nia se tornou uma na\u00e7\u00e3o independente e a URSS foi dissolvida.FOTO DE&nbsp;<strong>BERTRAND DESPREZ, AGENCE VU\/REDUX<\/strong><\/p>\n\n\n\n<h2 class=\"wp-block-heading\"><strong>O mapa da Ucr\u00e2nia e a sua curiosa rela\u00e7\u00e3o com a R\u00fassia<\/strong><\/h2>\n\n\n\n<p>\u201cDepois de todos esses fatores, a maior divis\u00e3o \u00e9 entre aqueles que veem os dom\u00ednios imperial russo e sovi\u00e9tico mais simpaticamente<em>&nbsp;versus&nbsp;<\/em>aqueles que os v\u00eaem como uma trag\u00e9dia\u201d, diz Adrian Karatnycky, especialista em Ucr\u00e2nia e ex-membro do Conselho Atl\u00e2ntico dos Estados Unidos.<\/p>\n\n\n\n<p>Essas fissuras foram expostas durante a Revolu\u00e7\u00e3o Laranja, de 2004, na qual milhares de ucranianos marcharam para apoiar uma maior integra\u00e7\u00e3o com a Europa.<\/p>\n\n\n\n<p>Nos mapas f\u00edsicos, at\u00e9 \u00e9 poss\u00edvel ver a divis\u00e3o entre as estepes do sul e do leste da Ucr\u00e2nia, com os seus f\u00e9rteis solos agr\u00edcolas, e as regi\u00f5es de mais florestas do norte e do oeste, comenta Serhii Plokhii, professor de hist\u00f3ria em Harvard e diretor do&nbsp;<a href=\"https:\/\/huri.harvard.edu\/\" target=\"_blank\" rel=\"noreferrer noopener\">Instituto de Pesquisa da Ucr\u00e2nia<\/a>&nbsp;desta universidade.<\/p>\n\n\n\n<p>Segundo Plokhii, o mapa que retrata as demarca\u00e7\u00f5es entre a estepe e a floresta, uma linha diagonal entre leste e oeste, tem uma \u201csemelhan\u00e7a impressionante\u201d com os mapas pol\u00edticos das elei\u00e7\u00f5es presidenciais ucranianas de 2004 e 2010.<\/p>\n\n\n\n<h2 class=\"wp-block-heading\"><strong>Ucr\u00e2nia e R\u00fassia: perto de uma nova Guerra Fria?<\/strong><\/h2>\n\n\n\n<p>A Crimeia foi ocupada e anexada pela R\u00fassia em 2014, seguida pouco depois por uma&nbsp;<a href=\"https:\/\/www.nationalgeographicbrasil.com\/portfolio\/2019\/03\/ucrania-criancas-adolescentes-treinamento-guerra-russia-kiev-arma-mascara-combate\">revolta separatista<\/a>&nbsp;na regi\u00e3o oriental ucraniana de Donbass, que resultou na declara\u00e7\u00e3o das Rep\u00fablicas Populares de Lugansk e Donetsk, apoiadas e recentemente reconhecidas pela R\u00fassia.<\/p>\n\n\n\n<p>Hoje, o ex\u00e9rcito russo est\u00e1 novamente reunido nas fronteiras da Ucr\u00e2nia e h\u00e1 movimento de tropas russas no Donbass, em um novo cap\u00edtulo da hist\u00f3ria tumultuada da regi\u00e3o.<\/p>\n\n\n\n<figure class=\"wp-block-image\"><img decoding=\"async\" src=\"https:\/\/static.nationalgeographicbrasil.com\/files\/styles\/image_3200\/public\/h_5.00202844.jpg?w=710&amp;h=468\" alt=\"Born Free Generation in Ukraine\" title=\"Born Free Generation in Ukraine\"\/><\/figure>\n\n\n\n<p>Uma jovem dan\u00e7arina de Kiev passa junto de umas cortinas azuis e amarelas, as cores da bandeira ucraniana. Muitos dos ucranianos nascidos ap\u00f3s 1991, a \u201cGera\u00e7\u00e3o dos Livres\u201d, anseiam que a sua na\u00e7\u00e3o possa escapar da sombra da R\u00fassia e se juntar \u00e0 Europa e ao Ocidente.FOTO DE&nbsp;<strong>AGNIESZKA RAYSS, REDUX<\/strong><\/p>\n\n\n\n<p><strong>Nota do editor:&nbsp;<\/strong>Partes deste artigo foram publicadas originalmente durante a crise da Crimeia, em 2014. Ele foi atualizado para refletir os acontecimentos atuais.<\/p>\n","protected":false},"excerpt":{"rendered":"<p>R\u00fassia e Ucr\u00e2nia: a complicada hist\u00f3ria que conecta (e divide) os dois pa\u00edses S\u00e9culos de derramamento de sangue, domina\u00e7\u00e3o estrangeira e divis\u00f5es internas deixam a Ucr\u00e2nia em uma posi\u00e7\u00e3o delicada<\/p>\n","protected":false},"author":1,"featured_media":7218,"comment_status":"closed","ping_status":"closed","sticky":false,"template":"","format":"standard","meta":[],"categories":[1],"tags":[],"_links":{"self":[{"href":"https:\/\/7ports.com.br\/index.php?rest_route=\/wp\/v2\/posts\/7217"}],"collection":[{"href":"https:\/\/7ports.com.br\/index.php?rest_route=\/wp\/v2\/posts"}],"about":[{"href":"https:\/\/7ports.com.br\/index.php?rest_route=\/wp\/v2\/types\/post"}],"author":[{"embeddable":true,"href":"https:\/\/7ports.com.br\/index.php?rest_route=\/wp\/v2\/users\/1"}],"replies":[{"embeddable":true,"href":"https:\/\/7ports.com.br\/index.php?rest_route=%2Fwp%2Fv2%2Fcomments&post=7217"}],"version-history":[{"count":1,"href":"https:\/\/7ports.com.br\/index.php?rest_route=\/wp\/v2\/posts\/7217\/revisions"}],"predecessor-version":[{"id":7219,"href":"https:\/\/7ports.com.br\/index.php?rest_route=\/wp\/v2\/posts\/7217\/revisions\/7219"}],"wp:featuredmedia":[{"embeddable":true,"href":"https:\/\/7ports.com.br\/index.php?rest_route=\/wp\/v2\/media\/7218"}],"wp:attachment":[{"href":"https:\/\/7ports.com.br\/index.php?rest_route=%2Fwp%2Fv2%2Fmedia&parent=7217"}],"wp:term":[{"taxonomy":"category","embeddable":true,"href":"https:\/\/7ports.com.br\/index.php?rest_route=%2Fwp%2Fv2%2Fcategories&post=7217"},{"taxonomy":"post_tag","embeddable":true,"href":"https:\/\/7ports.com.br\/index.php?rest_route=%2Fwp%2Fv2%2Ftags&post=7217"}],"curies":[{"name":"wp","href":"https:\/\/api.w.org\/{rel}","templated":true}]}}