
{"id":7286,"date":"2022-02-25T19:17:07","date_gmt":"2022-02-25T22:17:07","guid":{"rendered":"https:\/\/7ports.com.br\/?p=7286"},"modified":"2022-05-25T18:56:44","modified_gmt":"2022-05-25T21:56:44","slug":"pesquisa-ipespe-lula-tem-43-e-bolsonaro-26-moro-e-ciro-empatam-em-3o","status":"publish","type":"post","link":"https:\/\/7ports.com.br\/?p=7286","title":{"rendered":"Pesquisa Ipespe: Lula tem 43% e Bolsonaro, 26%; Moro e Ciro empatam em 3\u00ba<\/strong>"},"content":{"rendered":"\n<p>Pesquisa foi realizada com 1.000 entrevistados, pelo telefone, entre os dias 21 e 23 de fevereiro de 2022; margem de erro \u00e9 de 3,2 pontos percentuais<\/p>\n\n\n\n<p><img decoding=\"async\" loading=\"lazy\" width=\"567\" height=\"313\" src=\"\" alt=\"Pr\u00e9-candidatos \u00e0 Presid\u00eancia da Rep\u00fablica nas Elei\u00e7\u00f5es 2022. Na ordem: Lula (PT), Bolsonaro (PL), Moro (Podemos) e Ciro (PDT)\">Pr\u00e9-candidatos \u00e0 Presid\u00eancia da Rep\u00fablica nas Elei\u00e7\u00f5es 2022. Na ordem: Lula (PT), Bolsonaro (PL), Moro (Podemos) e Ciro (PDT)(Fotos: Amanda Perobelli\/Reuters; Adriano Machado\/Reuters; Marcello Casal Jr.\/Ag\u00eancia Brasil; Nacho Doce\/Reuters. Montagem por CNN Brasil)<\/p>\n\n\n\n<p><strong><a href=\"https:\/\/www.cnnbrasil.com.br\/autor\/giovanna-galvani\/\">Giovanna Galvani<\/a><\/strong>da CNN<\/p>\n\n\n\n<p>em S\u00e3o Paulo<\/p>\n\n\n\n<p>25\/02\/2022 \u00e0s 11:01<\/p>\n\n\n\n<p>Compartilhe:<\/p>\n\n\n\n<p>Ouvir not\u00edcia<\/p>\n\n\n\n<p>A mais recente&nbsp;<strong>pesquisa Ipespe para as elei\u00e7\u00f5es presidenciais de 2022<\/strong>, divulgada nesta sexta-feira (25), mostra que o ex-presidente&nbsp;<a href=\"https:\/\/www.cnnbrasil.com.br\/tudo-sobre\/luiz-inacio-lula-da-silva-lula\/\">Luiz In\u00e1cio Lula da Silva<\/a>&nbsp;(PT) est\u00e1 \u00e0 frente nas inten\u00e7\u00f5es de voto no cen\u00e1rio estimulado, sendo o nome escolhido por 43% dos entrevistados, seguido do presidente&nbsp;<a href=\"https:\/\/www.cnnbrasil.com.br\/tudo-sobre\/jair-bolsonaro\/\">Jair Bolsonaro<\/a>&nbsp;(PL), que aparece com 26%.<\/p>\n\n\n\n<p>Os pr\u00e9-candidatos&nbsp;<a href=\"https:\/\/www.cnnbrasil.com.br\/tudo-sobre\/sergio-moro\/\">Sergio Moro<\/a>&nbsp;(Podemos) e&nbsp;<a href=\"https:\/\/www.cnnbrasil.com.br\/tudo-sobre\/ciro-gomes\">Ciro Gomes<\/a>&nbsp;(PDT) empatam em 3\u00ba lugar ao apresentarem 8% e 7%, respectivamente, das men\u00e7\u00f5es.<\/p>\n\n\n\n<p>O governador de S\u00e3o Paulo,&nbsp;<a href=\"https:\/\/www.cnnbrasil.com.br\/tudo-sobre\/joao-doria\/\">Jo\u00e3o Doria<\/a>&nbsp;(PSDB), aparece em 4\u00ba lugar, com 3% das inten\u00e7\u00f5es de voto. Depois,&nbsp;<a href=\"https:\/\/www.cnnbrasil.com.br\/tudo-sobre\/simone-tebet\">Simone Tebet<\/a>&nbsp;(MDB),&nbsp;<a href=\"https:\/\/www.cnnbrasil.com.br\/tudo-sobre\/eduardo-leite\">Eduardo Leite<\/a>&nbsp;(PSDB),&nbsp;<a href=\"https:\/\/www.cnnbrasil.com.br\/tudo-sobre\/andre-janones\">Andr\u00e9 Janones<\/a>&nbsp;(Avante) e&nbsp;<a href=\"https:\/\/www.cnnbrasil.com.br\/tudo-sobre\/felipe-davila\">Felipe d\u2019Avila<\/a>&nbsp;(Novo)&nbsp; registram 1% das inten\u00e7\u00f5es. O nome de&nbsp;<a href=\"https:\/\/www.cnnbrasil.com.br\/tudo-sobre\/alessandro-vieira\">Alessandro Vieira<\/a>&nbsp;(Cidadania) foi citado, mas n\u00e3o chegou ao indicativo de 1%.<\/p>\n\n\n\n<p>Al\u00e9m disso, 7% dos entrevistados afirmaram que votariam em branco, nulo, n\u00e3o votariam ou n\u00e3o escolheriam nenhum dos citados, enquanto 2% se colocaram como indecisos.<\/p>\n\n\n\n<p>Nesta edi\u00e7\u00e3o da pesquisa Ipespe, n\u00e3o h\u00e1 registro do nome do presidente do Senado Federal,&nbsp;<a href=\"https:\/\/www.cnnbrasil.com.br\/tudo-sobre\/rodrigo-pacheco\">Rodrigo Pacheco<\/a>&nbsp;(PSD). Em vez dele, aparece o governador do Rio Grande do Sul, Eduardo Leite, que&nbsp;<a href=\"https:\/\/www.cnnbrasil.com.br\/politica\/aliados-veem-eduardo-leite-no-psd-apos-15-de-marco\/\">conversa com o PSD a fim de se viabilizar como novo pr\u00e9-candidato da sigla<\/a>.<\/p>\n\n\n\n<p><strong>Primeiro turno<\/strong><\/p>\n\n\n\n<p><strong>Inten\u00e7\u00e3o de voto estimulada para presidente<\/strong><\/p>\n\n\n\n<ul><li><strong>Lula (PT) \u2013 43%<\/strong><\/li><li><strong>Jair Bolsonaro (PL) \u2013 26%<\/strong><\/li><li><strong>Sergio Moro (Podemos) \u2013 8%<\/strong><\/li><li><strong>Ciro Gomes (PDT) \u2013 7%<\/strong><\/li><li><strong>Jo\u00e3o Doria (PSDB) \u2013 3%<\/strong><\/li><li><strong>Simone Tebet (MDB) \u2013 1%<\/strong><\/li><li><strong>Eduardo Leite (PSDB) \u2013 1%<\/strong><\/li><li><strong>Andr\u00e9 Janones (Avante) \u2013 1%<\/strong><\/li><li><strong>Felipe d\u2019Avila (Novo) \u2013 1%<\/strong><\/li><li><strong>Alessandro Vieira (Cidadania) \u2013 0%<\/strong><\/li><li><strong>Branco\/nulo\/n\u00e3o vai votar\/nenhum \u2013 7%<\/strong><\/li><li><strong>Indecisos\/n\u00e3o respondeu \u2013 2%<\/strong><\/li><\/ul>\n\n\n\n<p><strong>Inten\u00e7\u00e3o de voto espont\u00e2nea para presidente<\/strong><\/p>\n\n\n\n<ul><li><strong>Lula (PT) \u2013 35%<\/strong><\/li><li><strong>Jair Bolsonaro (PL) \u2013 25%<\/strong><\/li><li><strong>Sergio Moro (Podemos) \u2013 4%<\/strong><\/li><li><strong>Ciro Gomes (PDT) \u2013 4%<\/strong><\/li><li><strong>Jo\u00e3o Doria (PSDB) \u2013 1%<\/strong><\/li><li><strong>Felipe d\u2019Avila (Novo) \u2013 0%<\/strong><\/li><li><strong>Simone Tebet (MDB) \u2013 0%<\/strong><\/li><li><strong>Andr\u00e9 Janones (Avante) \u2013 0%<\/strong><\/li><li><strong>Branco\/nulo\/nenhum \u2013 5%<\/strong><\/li><li><strong>Indecisos\/n\u00e3o respondeu \u2013 25%<\/strong><\/li><\/ul>\n\n\n\n<p><strong>Segundo turno<\/strong><\/p>\n\n\n\n<p>A Ipespe apresentou nove cen\u00e1rios de segundo turno, com compara\u00e7\u00f5es majoritariamente entre os quatro primeiros colocados na pesquisa, mas com duas propostas com o nome de Eduardo Leite. Veja:<\/p>\n\n\n\n<p><strong>Cen\u00e1rio 1<\/strong><\/p>\n\n\n\n<ul><li><strong>Lula (PT) \u2013 54%<\/strong><\/li><li><strong>Jair Bolsonaro (PL) \u2013 32%<\/strong><\/li><li><strong>Branco\/nulo\/n\u00e3o vai votar\/indecisos \u2013 14%<\/strong><\/li><\/ul>\n\n\n\n<p><strong>Cen\u00e1rio 2<\/strong><\/p>\n\n\n\n<ul><li><strong>Lula (PT) \u2013 52%<\/strong><\/li><li><strong>Sergio Moro (Podemos) \u2013 31%<\/strong><\/li><li><strong>Branco\/nulo\/n\u00e3o vai votar\/indecisos \u2013 17%<\/strong><\/li><\/ul>\n\n\n\n<p><strong>Cen\u00e1rio 3&nbsp;<\/strong><\/p>\n\n\n\n<ul><li><strong>Lula (PT) \u2013 51%<\/strong><\/li><li><strong>Ciro Gomes (PDT) \u2013 25%<\/strong><\/li><li><strong>Branco\/nulo\/n\u00e3o vai votar\/indecisos \u2013 24%<\/strong><\/li><\/ul>\n\n\n\n<p><strong>Cen\u00e1rio 4<\/strong><\/p>\n\n\n\n<ul><li><strong>Lula (PT) \u2013 54%<\/strong><\/li><li><strong>Jo\u00e3o Doria (PSDB) \u2013 18%<\/strong><\/li><li><strong>Branco\/nulo\/n\u00e3o vai votar\/indecisos \u2013 29%<\/strong><\/li><\/ul>\n\n\n\n<p><strong>Cen\u00e1rio 5<\/strong><\/p>\n\n\n\n<ul><li><strong>Ciro Gomes (PDT) \u2013 47%<\/strong><\/li><li><strong>Jair Bolsonaro (PL) \u2013 35%<\/strong><\/li><li><strong>Branco\/nulo\/n\u00e3o vai votar\/indecisos \u2013 18%<\/strong><\/li><\/ul>\n\n\n\n<p><strong>Cen\u00e1rio 6&nbsp;<\/strong><\/p>\n\n\n\n<ul><li><strong>Jo\u00e3o Doria (PSDB) \u2013 39%<\/strong><\/li><li><strong>Jair Bolsonaro (PL) \u2013 36%<\/strong><\/li><li><strong>Branco\/nulo\/n\u00e3o vai votar\/indecisos \u2013 25%<\/strong><\/li><\/ul>\n\n\n\n<p><strong>Cen\u00e1rio 7&nbsp;<\/strong><\/p>\n\n\n\n<ul><li><strong>Sergio Moro (Podemos) \u2013 33%<\/strong><\/li><li><strong>Jair Bolsonaro (PL) \u2013 32%<\/strong><\/li><li><strong>Branco\/nulo\/n\u00e3o vai votar\/indecisos \u2013 35%<\/strong><\/li><\/ul>\n\n\n\n<p><strong>Cen\u00e1rio 8&nbsp;<\/strong><\/p>\n\n\n\n<ul><li><strong>Lula (PT) \u2013 55%<\/strong><\/li><li><strong>Eduardo Leite (PSDB) \u2013 17%<\/strong><\/li><li><strong>Branco\/nulo\/n\u00e3o vai votar\/indecisos \u2013 28%<\/strong><\/li><\/ul>\n\n\n\n<p><strong>Cen\u00e1rio 9&nbsp;<\/strong><\/p>\n\n\n\n<ul><li><strong>Jair Bolsonaro (PL) \u2013 39%<\/strong><\/li><li><strong>Eduardo Leite (PSDB) \u2013 35%<\/strong><\/li><li><strong>Branco\/nulo\/n\u00e3o vai votar\/indecisos \u2013 26%<\/strong><\/li><\/ul>\n\n\n\n<p><strong>Avalia\u00e7\u00e3o do governo Bolsonaro<\/strong><\/p>\n\n\n\n<p>Al\u00e9m do cen\u00e1rio eleitoral, o Ipespe tamb\u00e9m realizou questionamentos acerca da percep\u00e7\u00e3o sobre o governo Bolsonaro, avaliado como&nbsp;<strong>ruim ou p\u00e9ssimo por 53% dos entrevistados<\/strong>,&nbsp;<strong>\u00f3timo ou bom por 25%<\/strong>&nbsp;e&nbsp;<strong>regular por 21%<\/strong>. Um percentual de&nbsp;<strong>1% n\u00e3o soube ou n\u00e3o quis responder<\/strong>.<\/p>\n\n\n\n<p>A reprova\u00e7\u00e3o ao governo se mostrou maior:&nbsp;<strong>63% disseram desaprovar o governo Bolsonaro<\/strong>, enquanto&nbsp;<strong>31% aprovam<\/strong>&nbsp;e&nbsp;<strong>6% n\u00e3o sabem ou n\u00e3o responderam<\/strong>&nbsp;\u00e0 pergunta.<\/p>\n\n\n\n<p>Questionados sobre o enfrentamento da pandemia do coronav\u00edrus por parte do presidente,&nbsp;<strong>56% a classificaram como ruim ou p\u00e9ssima<\/strong>,&nbsp;<strong>25% como \u00f3tima ou boa<\/strong>&nbsp;e&nbsp;<strong>19% como regular<\/strong>. Outro&nbsp;<strong>1% n\u00e3o soube ou n\u00e3o quis avaliar<\/strong>.<\/p>\n\n\n\n<p><strong>Metodologia<\/strong><\/p>\n\n\n\n<p>Esta edi\u00e7\u00e3o da pesquisa Ipespe foi realizada por telefone com 1.000 entrevistados entre os dias 21 e 23 de fevereiro de 2022, com pessoas de 16 anos ou mais de todas as regi\u00f5es do pa\u00eds.<\/p>\n\n\n\n<p>A margem de erro m\u00e1xima estipulada \u00e9 de&nbsp;3.2 pontos percentuais para mais ou para menos, com um intervalo de confian\u00e7a de 95,5%. Ou seja, se 100 pesquisas fossem realizadas, ao menos 95 apresentariam os mesmos resultados dentro desta margem.<\/p>\n\n\n\n<p>A pesquisa est\u00e1 registrada no&nbsp;<a href=\"https:\/\/www.cnnbrasil.com.br\/tudo-sobre\/tribunal-superior-eleitoral-tse\/\">Tribunal Superior Eleitoral<\/a>&nbsp;(TSE) sob o&nbsp;<strong>protocolo BR-05015\/2022.<\/strong><\/p>\n\n\n\n<p><strong>Elei\u00e7\u00f5es 2022<\/strong><\/p>\n\n\n\n<p>A&nbsp;<strong>CNN<\/strong>&nbsp;realizar\u00e1 o primeiro debate presidencial de 2022. O confronto entre os candidatos ser\u00e1 transmitido ao vivo em 6 de agosto, pela TV e por nossas plataformas digitais.<\/p>\n","protected":false},"excerpt":{"rendered":"<p>Pesquisa foi realizada com 1.000 entrevistados, pelo telefone, entre os dias 21 e 23 de fevereiro de 2022; margem de erro \u00e9 de 3,2 pontos percentuais Pr\u00e9-candidatos \u00e0 Presid\u00eancia da<\/p>\n","protected":false},"author":1,"featured_media":7287,"comment_status":"closed","ping_status":"closed","sticky":false,"template":"","format":"standard","meta":[],"categories":[1],"tags":[],"_links":{"self":[{"href":"https:\/\/7ports.com.br\/index.php?rest_route=\/wp\/v2\/posts\/7286"}],"collection":[{"href":"https:\/\/7ports.com.br\/index.php?rest_route=\/wp\/v2\/posts"}],"about":[{"href":"https:\/\/7ports.com.br\/index.php?rest_route=\/wp\/v2\/types\/post"}],"author":[{"embeddable":true,"href":"https:\/\/7ports.com.br\/index.php?rest_route=\/wp\/v2\/users\/1"}],"replies":[{"embeddable":true,"href":"https:\/\/7ports.com.br\/index.php?rest_route=%2Fwp%2Fv2%2Fcomments&post=7286"}],"version-history":[{"count":2,"href":"https:\/\/7ports.com.br\/index.php?rest_route=\/wp\/v2\/posts\/7286\/revisions"}],"predecessor-version":[{"id":7681,"href":"https:\/\/7ports.com.br\/index.php?rest_route=\/wp\/v2\/posts\/7286\/revisions\/7681"}],"wp:featuredmedia":[{"embeddable":true,"href":"https:\/\/7ports.com.br\/index.php?rest_route=\/wp\/v2\/media\/7287"}],"wp:attachment":[{"href":"https:\/\/7ports.com.br\/index.php?rest_route=%2Fwp%2Fv2%2Fmedia&parent=7286"}],"wp:term":[{"taxonomy":"category","embeddable":true,"href":"https:\/\/7ports.com.br\/index.php?rest_route=%2Fwp%2Fv2%2Fcategories&post=7286"},{"taxonomy":"post_tag","embeddable":true,"href":"https:\/\/7ports.com.br\/index.php?rest_route=%2Fwp%2Fv2%2Ftags&post=7286"}],"curies":[{"name":"wp","href":"https:\/\/api.w.org\/{rel}","templated":true}]}}