
{"id":7295,"date":"2022-02-25T20:47:16","date_gmt":"2022-02-25T23:47:16","guid":{"rendered":"https:\/\/7ports.com.br\/?p=7295"},"modified":"2022-02-25T20:51:59","modified_gmt":"2022-02-25T23:51:59","slug":"eleicoes-2022-federacao-partidaria-o-diva-eleitoral","status":"publish","type":"post","link":"https:\/\/7ports.com.br\/?p=7295","title":{"rendered":"Elei\u00e7\u00f5es 2022: Federa\u00e7\u00e3o Partid\u00e1ria, o div\u00e3 eleitoral"},"content":{"rendered":"\n<p>COLABORA\u00c7\u00c3O:<\/p>\n\n\n\n<figure class=\"wp-block-image\"><img decoding=\"async\" src=\"http:\/\/novaiguassuonline.com.br\/wp-content\/uploads\/2017\/10\/logo-iguassuonline-site.png\" alt=\"Nova Iguassu Online - De olho na baixada\"\/><\/figure>\n\n\n\n<figure class=\"wp-block-image\"><img decoding=\"async\" src=\"https:\/\/novaiguassuonline.com.br\/wp-content\/uploads\/2022\/02\/f960x540-73072_147147_0.jpg\" alt=\"\"\/><\/figure>\n\n\n\n<h1 class=\"wp-block-heading\">Elei\u00e7\u00f5es 2022: Federa\u00e7\u00e3o Partid\u00e1ria, o div\u00e3 eleitoral<\/h1>\n\n\n\n<p>fevereiro 25, 2022 \/<\/p>\n\n\n\n<p><em>Ilustra\u00e7\u00e3o: C\u00e2mara dos Deputados\/Divulga\u00e7\u00e3o<\/em><\/p>\n\n\n\n<p><strong>*Jorge Gama<\/strong><\/p>\n\n\n\n<figure class=\"wp-block-image\"><img decoding=\"async\" src=\"https:\/\/novaiguassuonline.com.br\/wp-content\/uploads\/2022\/01\/Jorge-Gama-foto-249x300.jpeg\" alt=\"\" class=\"wp-image-53128\"\/><\/figure>\n\n\n\n<p>Em substitui\u00e7\u00e3o \u00e0s antigas coliga\u00e7\u00f5es partid\u00e1rias, surge a Lei 14.208 de 28 de setembro de 2021, instituindo a Federa\u00e7\u00e3o Partid\u00e1ria.<\/p>\n\n\n\n<p>Na impossibilidade de ser fazer uma reforma pol\u00edtica, definindo um sistema partid\u00e1rio mais reduzido, o voto distrital ou o distrital misto, um calend\u00e1rio eleitoral com elei\u00e7\u00f5es de 4 em 4 anos, a alternativa encontrada foi alterar o sistema de alian\u00e7a eleitoral, onde sai a coliga\u00e7\u00e3o e entra a Federa\u00e7\u00e3o Partid\u00e1ria.<\/p>\n\n\n\n<p>As coliga\u00e7\u00f5es partid\u00e1rias se tornaram eventos meramente eleitorais, onde os partidos, mesmo com acentuadas diverg\u00eancias ideol\u00f3gicas, apressadaente se uniam no interior de uma coliga\u00e7\u00e3o eleitoral e adotavam slogans tipo: \u201c Por Uma Vida Melhor\u201d, \u201cTrabalho e A\u00e7\u00e3o\u201d, \u201cA hora \u00e9 Agora\u201d, nada que pudesse indicar um compromisso maior com o eleitor.<\/p>\n\n\n\n<p>Na verdade, as mensagens eleitorais da coliga\u00e7\u00e3o eram vazias deliberadamente e superficiais para facilitar o div\u00f3rcio eleitoral que ocorreria antes mesmo da diploma\u00e7\u00e3o dos eleitos<\/p>\n\n\n\n<p>Esse modelo de alian\u00e7a ,meramente eleitoreiro com o tempo, foi levado ao desgaste extremo, obrigando sua substitui\u00e7\u00e3o pela Federa\u00e7\u00e3o Partid\u00e1ria.<\/p>\n\n\n\n<p>A necessidade pol\u00edtica, o desgaste e a urg\u00eancia fizeram surgir esse novo instrumento de participa\u00e7\u00e3o eleitoral.<\/p>\n\n\n\n<p>Trata-se de mais uma cortina de fuma\u00e7a, bem distante dos interesses do cidad\u00e3o eleitor e da reforma pol\u00edtica necess\u00e1ria ao pa\u00eds.<\/p>\n\n\n\n<p>Nesse contexto o Congresso Nacional, ao instituir a Lei da Federa\u00e7\u00e3o Partid\u00e1ria, para as elei\u00e7\u00f5es de 2022, produziu uma legisla\u00e7\u00e3o contra a independ\u00eancia pol\u00edtica eleitoral e econ\u00f4mica dos pr\u00f3prios partidos ao fixar o per\u00edodo m\u00ednimo de 4 anos para dura\u00e7\u00e3o da alian\u00e7a partid\u00e1ria no regime eleitoral da federa\u00e7\u00e3o. Mesmo sabendo que as elei\u00e7\u00f5es s\u00e3o realizada de 2 em 2 anos, em esferas pol\u00edticas diferentes, isto \u00e9 elei\u00e7\u00f5es nacionais e municipais, assim o legislador conseguiu suprimir grande parte da autonomia dos partidos.<\/p>\n\n\n\n<p>Ao determinar que o partido que se retirar da Federa\u00e7\u00e3o antes do prazo m\u00ednimo de 4 anos tem o seu fundo partid\u00e1rio retido, mais uma vez o impede de funcionar.<\/p>\n\n\n\n<p>Nesse sentido, o Congresso, ao produzir uma legisla\u00e7\u00e3o apressada, panflet\u00e1ria e oportunista, acabou perdendo o controle de seu pr\u00f3prio destino e o entregou inteiramente \u00e0 Justi\u00e7a Eleitoral.<\/p>\n\n\n\n<p>Essa subordina\u00e7\u00e3o absoluta ao TSE, engessando a liberdade pol\u00edtica e partid\u00e1ria, reflete tamb\u00e9m no interesse do eleitor e da pr\u00f3pria democracia.<\/p>\n\n\n\n<p>Nesse momento, quando a sociedade est\u00e1 analisando a quest\u00e3o do voto audit\u00e1vel, cuja resist\u00eancia maior encontr-se no STF e na pr\u00f3pria Justi\u00e7a Eleitoral, o poder pol\u00edtico, derivado da soberania do voto popular, oferece, de m\u00e3o beijada, uma taxa de poder desmedida \u00e0 Justi\u00e7a Eleitoral.<\/p>\n\n\n\n<p>Finalmente, algumas lideran\u00e7as partid\u00e1rias, atentas, passam a perceber a extens\u00e3o do dano pol\u00edtico institu\u00eddo pela legisla\u00e7\u00e3o criativa da Federa\u00e7\u00e3o Partid\u00e1ria e j\u00e1 est\u00e3o caminho do div\u00e3 eleitoral.<\/p>\n\n\n\n<p><strong>*Jorge Gama \u00e9 advogado.<\/strong><\/p>\n","protected":false},"excerpt":{"rendered":"<p>COLABORA\u00c7\u00c3O: Elei\u00e7\u00f5es 2022: Federa\u00e7\u00e3o Partid\u00e1ria, o div\u00e3 eleitoral fevereiro 25, 2022 \/ Ilustra\u00e7\u00e3o: C\u00e2mara dos Deputados\/Divulga\u00e7\u00e3o *Jorge Gama Em substitui\u00e7\u00e3o \u00e0s antigas coliga\u00e7\u00f5es partid\u00e1rias, surge a Lei 14.208 de 28<\/p>\n","protected":false},"author":1,"featured_media":7298,"comment_status":"closed","ping_status":"closed","sticky":false,"template":"","format":"standard","meta":[],"categories":[1],"tags":[],"_links":{"self":[{"href":"https:\/\/7ports.com.br\/index.php?rest_route=\/wp\/v2\/posts\/7295"}],"collection":[{"href":"https:\/\/7ports.com.br\/index.php?rest_route=\/wp\/v2\/posts"}],"about":[{"href":"https:\/\/7ports.com.br\/index.php?rest_route=\/wp\/v2\/types\/post"}],"author":[{"embeddable":true,"href":"https:\/\/7ports.com.br\/index.php?rest_route=\/wp\/v2\/users\/1"}],"replies":[{"embeddable":true,"href":"https:\/\/7ports.com.br\/index.php?rest_route=%2Fwp%2Fv2%2Fcomments&post=7295"}],"version-history":[{"count":1,"href":"https:\/\/7ports.com.br\/index.php?rest_route=\/wp\/v2\/posts\/7295\/revisions"}],"predecessor-version":[{"id":7296,"href":"https:\/\/7ports.com.br\/index.php?rest_route=\/wp\/v2\/posts\/7295\/revisions\/7296"}],"wp:featuredmedia":[{"embeddable":true,"href":"https:\/\/7ports.com.br\/index.php?rest_route=\/wp\/v2\/media\/7298"}],"wp:attachment":[{"href":"https:\/\/7ports.com.br\/index.php?rest_route=%2Fwp%2Fv2%2Fmedia&parent=7295"}],"wp:term":[{"taxonomy":"category","embeddable":true,"href":"https:\/\/7ports.com.br\/index.php?rest_route=%2Fwp%2Fv2%2Fcategories&post=7295"},{"taxonomy":"post_tag","embeddable":true,"href":"https:\/\/7ports.com.br\/index.php?rest_route=%2Fwp%2Fv2%2Ftags&post=7295"}],"curies":[{"name":"wp","href":"https:\/\/api.w.org\/{rel}","templated":true}]}}