
{"id":7353,"date":"2022-04-16T19:02:03","date_gmt":"2022-04-16T22:02:03","guid":{"rendered":"https:\/\/7ports.com.br\/?p=7353"},"modified":"2022-05-21T02:29:42","modified_gmt":"2022-05-21T05:29:42","slug":"macron-e-le-pen-o-que-voce-precisa-saber-sobre-o-2o-turno-das-eleicoes-na-franca","status":"publish","type":"post","link":"https:\/\/7ports.com.br\/?p=7353","title":{"rendered":"Macron e Le Pen: o que voc\u00ea precisa saber sobre o 2\u00ba turno das elei\u00e7\u00f5es na Fran\u00e7a"},"content":{"rendered":"\n<p>Macron e Le Pen<a href=\"https:\/\/www.cnnbrasil.com.br\/internacional\/eleicoes-francesas-serao-decididas-no-2o-turno-pesquisas-apontam-disputa-acirrada\/\" target=\"_blank\" rel=\"noreferrer noopener\">&nbsp;ir\u00e3o disputar o segundo turno das elei\u00e7\u00f5es na Fran\u00e7a<\/a>, o que tamb\u00e9m pode ser visto como um \u201csegundo round\u201d. A elei\u00e7\u00e3o presidencial francesa ser\u00e1 uma revanche da disputa de 2017, quando<a href=\"https:\/\/www.cnnbrasil.com.br\/tudo-sobre\/marine-le-pen\/\" target=\"_blank\" rel=\"noreferrer noopener\">&nbsp;Marine Le Pen<\/a>, da extrema direita, enfrentou o rec\u00e9m-chegado pol\u00edtico&nbsp;<a href=\"https:\/\/www.cnnbrasil.com.br\/tudo-sobre\/emmanuel-macron\/\" target=\"_blank\" rel=\"noreferrer noopener\">Emmanuel Macron<\/a>, que acabou vencendo a disputa.<\/p>\n\n\n\n<p>Mas enquanto os candidatos permanecem os mesmos, a corrida de 2022 est\u00e1&nbsp;<a href=\"https:\/\/www.cnnbrasil.com.br\/internacional\/pesquisa-mostra-diferenca-entre-le-pen-e-macron-cair-e-numero-de-abstencoes-subir\/\" target=\"_blank\" rel=\"noreferrer noopener\">se tornando um assunto muito diferente<\/a>.&nbsp;<strong>Confira tudo o que voc\u00ea precisa saber<\/strong>.<\/p>\n\n\n\n<h2 class=\"wp-block-heading\">Como funciona a elei\u00e7\u00e3o?<\/h2>\n\n\n\n<p>Para eleger seu novo presidente, os eleitores franceses v\u00e3o \u00e0s urnas duas vezes.<\/p>\n\n\n\n<p>Na primeira vota\u00e7\u00e3o, no \u00faltimo domingo (12), candidatos concorreram entre si. Eles se qualificaram para a corrida garantindo o endosso de 500 prefeitos e\/ou conselheiros locais de todo o pa\u00eds.<\/p>\n\n\n\n<p>Macron e Le Pen<a href=\"https:\/\/www.cnnbrasil.com.br\/internacional\/primeiro-turno-da-eleicao-presidencial-na-franca-e-marcado-por-baixa-participacao\/\" target=\"_blank\" rel=\"noreferrer noopener\">&nbsp;receberam o maior n\u00famero de votos, mas como nenhum deles ganhou mais de 50%<\/a>, eles v\u00e3o para um segundo turno, que tamb\u00e9m ser\u00e1 em um domingo, no dia 24 de abril.<\/p>\n\n\n\n<p>Esta n\u00e3o \u00e9 a \u00fanica vota\u00e7\u00e3o nacional que a&nbsp;<a href=\"https:\/\/www.cnnbrasil.com.br\/tudo-sobre\/franca\/\" target=\"_blank\" rel=\"noreferrer noopener\">Fran\u00e7a<\/a>&nbsp;enfrenta este ano \u2013 as elei\u00e7\u00f5es parlamentares dever\u00e3o ocorrer em junho.<\/p>\n\n\n\n<h2 class=\"wp-block-heading\">Quais s\u00e3o as datas mais importantes?<\/h2>\n\n\n\n<p>Macron e Le Pen realizar\u00e3o um debate na noite da pr\u00f3xima quarta-feira (20), que ser\u00e1 transmitido pelas emissoras francesas France 2 e TF1.<\/p>\n\n\n\n<p>J\u00e1 o segundo turno das elei\u00e7\u00f5es ocorrer\u00e1 no domingo, 24 de abril. Os candidatos n\u00e3o podem fazer campanha no dia anterior \u00e0 vota\u00e7\u00e3o, ou no pr\u00f3prio dia da elei\u00e7\u00e3o, e a m\u00eddia estar\u00e1 sujeita a restri\u00e7\u00f5es rigorosas de reportagem desde o dia anterior \u00e0 elei\u00e7\u00e3o at\u00e9 o fechamento das urnas.<\/p>\n\n\n\n<h2 class=\"wp-block-heading\">O que as pesquisas mostram?<\/h2>\n\n\n\n<p>Uma disputa&nbsp;<a href=\"https:\/\/www.cnnbrasil.com.br\/internacional\/pesquisa-mostra-diferenca-entre-le-pen-e-macron-cair-e-numero-de-abstencoes-subir\/\" target=\"_blank\" rel=\"noreferrer noopener\">muito mais acirrada do que a elei\u00e7\u00e3o de 2017<\/a>.<\/p>\n\n\n\n<p>Macron e Le Pen aumentaram sua participa\u00e7\u00e3o total de votos no primeiro turno deste ano em compara\u00e7\u00e3o com 2017, mas pesquisas antes da primeira vota\u00e7\u00e3o mostraram que Le Pen teve um aumento tardio de apoio em mar\u00e7o.<\/p>\n\n\n\n<p>A pesquisa do Ifop-Fiducial, divulgada em 10 de abril, sugere que Macron venceria uma disputa de segundo turno contra Le Pen por apenas 51% a 49%. A vantagem de Macron aumentou nos dias seguintes ap\u00f3s a divulga\u00e7\u00e3o dos resultados do primeiro turno, mas duas semanas \u00e9 muito tempo na pol\u00edtica \u2013 e muita coisa pode mudar entre agora e o dia da elei\u00e7\u00e3o.<\/p>\n\n\n\n<p>Analistas pol\u00edticos costumam dizer que os franceses votam com o cora\u00e7\u00e3o no primeiro turno, depois votam com a cabe\u00e7a no segundo turno \u2013 o que significa que eles escolhem seu candidato ideal primeiro e depois optam pelo \u201cmenos pior\u201d dos dois no segundo turno.<\/p>\n\n\n\n<p>Leia mais<\/p>\n","protected":false},"excerpt":{"rendered":"<p>Macron e Le Pen&nbsp;ir\u00e3o disputar o segundo turno das elei\u00e7\u00f5es na Fran\u00e7a, o que tamb\u00e9m pode ser visto como um \u201csegundo round\u201d. A elei\u00e7\u00e3o presidencial francesa ser\u00e1 uma revanche da<\/p>\n","protected":false},"author":1,"featured_media":7354,"comment_status":"closed","ping_status":"closed","sticky":false,"template":"","format":"standard","meta":[],"categories":[1],"tags":[],"_links":{"self":[{"href":"https:\/\/7ports.com.br\/index.php?rest_route=\/wp\/v2\/posts\/7353"}],"collection":[{"href":"https:\/\/7ports.com.br\/index.php?rest_route=\/wp\/v2\/posts"}],"about":[{"href":"https:\/\/7ports.com.br\/index.php?rest_route=\/wp\/v2\/types\/post"}],"author":[{"embeddable":true,"href":"https:\/\/7ports.com.br\/index.php?rest_route=\/wp\/v2\/users\/1"}],"replies":[{"embeddable":true,"href":"https:\/\/7ports.com.br\/index.php?rest_route=%2Fwp%2Fv2%2Fcomments&post=7353"}],"version-history":[{"count":1,"href":"https:\/\/7ports.com.br\/index.php?rest_route=\/wp\/v2\/posts\/7353\/revisions"}],"predecessor-version":[{"id":7355,"href":"https:\/\/7ports.com.br\/index.php?rest_route=\/wp\/v2\/posts\/7353\/revisions\/7355"}],"wp:featuredmedia":[{"embeddable":true,"href":"https:\/\/7ports.com.br\/index.php?rest_route=\/wp\/v2\/media\/7354"}],"wp:attachment":[{"href":"https:\/\/7ports.com.br\/index.php?rest_route=%2Fwp%2Fv2%2Fmedia&parent=7353"}],"wp:term":[{"taxonomy":"category","embeddable":true,"href":"https:\/\/7ports.com.br\/index.php?rest_route=%2Fwp%2Fv2%2Fcategories&post=7353"},{"taxonomy":"post_tag","embeddable":true,"href":"https:\/\/7ports.com.br\/index.php?rest_route=%2Fwp%2Fv2%2Ftags&post=7353"}],"curies":[{"name":"wp","href":"https:\/\/api.w.org\/{rel}","templated":true}]}}