
{"id":7356,"date":"2022-04-16T19:11:11","date_gmt":"2022-04-16T22:11:11","guid":{"rendered":"https:\/\/7ports.com.br\/?p=7356"},"modified":"2022-05-11T00:05:16","modified_gmt":"2022-05-11T03:05:16","slug":"a-incerta-terceira-via-no-brasil","status":"publish","type":"post","link":"https:\/\/7ports.com.br\/?p=7356","title":{"rendered":"A incerta terceira via no Brasil"},"content":{"rendered":"\n<p>Os crit\u00e9rios para a escolha do presidenci\u00e1vel da&nbsp;<a href=\"https:\/\/www.cnnbrasil.com.br\/tudo-sobre\/terceira-via\/\">terceira via<\/a>&nbsp;dividem os partidos que formam o grupo. Ainda n\u00e3o h\u00e1 um consenso sobre o que, afinal, ser\u00e1 determinante na defini\u00e7\u00e3o do candidato \u00fanico.<\/p>\n\n\n\n<p>Para a pr\u00e9-candidata do MDB,&nbsp;<a href=\"https:\/\/www.cnnbrasil.com.br\/tudo-sobre\/simone-tebet\/\">Simone Tebet<\/a>, o crit\u00e9rio para definir o nome da terceira via deveria ser o \u00edndice de rejei\u00e7\u00e3o.<\/p>\n\n\n\n<p>\u201cOs crit\u00e9rios v\u00e3o ser muito bem escolhidos pelos presidentes de partido. Eu dei uma procura\u00e7\u00e3o para o presidente Baleia Rossi decidir por n\u00f3s quais s\u00e3o os melhores crit\u00e9rios. N\u00e3o \u00e9 poss\u00edvel ter crescimento quando tem um \u00edndice de rejei\u00e7\u00e3o muito alto. Isso \u00e9 claro, n\u00e3o sou eu que digo, \u00e9 a ci\u00eancia da pol\u00edtica que o faz\u201d, disse Tebet.<\/p>\n\n\n\n<p>Leia Mais<\/p>\n\n\n\n<ul><li><a href=\"https:\/\/www.cnnbrasil.com.br\/politica\/waack-se-vira-ai-e-a-ordem-de-bolsonaro-para-garantir-a-reeleicao\/\">Waack: \u201cSe vira a\u00ed\u201d \u00e9 a ordem de Bolsonaro para garantir a reelei\u00e7\u00e3o<\/a><\/li><li><a href=\"https:\/\/www.cnnbrasil.com.br\/politica\/boris-casoy-candidatura-de-luciano-bivar-traz-confusao-para-terceira-via\/\">Boris Casoy: Candidatura de Luciano Bivar traz confus\u00e3o para terceira via<\/a><\/li><li><a href=\"https:\/\/www.cnnbrasil.com.br\/politica\/deputados-do-pt-pedem-a-lula-que-coloque-campanha-na-rua\/\">Deputados do PT pedem a Lula que coloque campanha na rua<\/a><\/li><\/ul>\n\n\n\n<p>De acordo com a \u00faltima pesquisa eleitoral Quaest, Simone Tebet tem 15% de rejei\u00e7\u00e3o. Nesse crit\u00e9rio, Jo\u00e3o Doria, do PSDB, estaria descartado como representante da alian\u00e7a, j\u00e1 que o tucano tem o maior \u00edndice: 63% dos eleitores dizem que n\u00e3o votariam nele. Al\u00e9m da rejei\u00e7\u00e3o, Doria enfrenta outro problema, a resist\u00eancia no pr\u00f3prio partido.<\/p>\n\n\n\n<p>Apesar de j\u00e1 ter dado garantias de que o ex-governador de S\u00e3o Paulo seria o nome tucano na corrida ao Planalto, nesta semana o presidente da legenda, Bruno Ara\u00fajo, admitiu publicamente que o pacto entre os partidos da terceira vai prevalecer sobre as pr\u00e9vias tucanas vencidas por Doria no ano passado, o que abre novamente o caminho para Eduardo Leite se apresentar \u00e0 disputa.<\/p>\n\n\n\n<p>O partido Uni\u00e3o Brasil, por sua vez, indicou o nome de Luciano Bivar como pr\u00e9-candidato ao Planalto, tirando de vez a possibilidade de o ex-juiz Sergio Moro se candidatar.<\/p>\n\n\n\n<p>\u201c\u00c9 um conjunto de pol\u00edticos e parlamentares sem nenhum tipo de lideran\u00e7a que os conduza, e sem nenhum tipo de projeto pol\u00edtico que de certa forma debata os problemas do pa\u00eds. Ent\u00e3o, a terceira via, se depender do que est\u00e1 sendo colocado a\u00ed, dificilmente vai decolar\u201d, avaliou o cientista pol\u00edtico da Funda\u00e7\u00e3o Getulio Vargas (FGV) Marco Antonio Teixeira.<\/p>\n\n\n\n<p>Enquanto os partidos n\u00e3o entram em acordo sobre a chapa da terceira via, o tempo passa. O Uni\u00e3o Brasil, o MDB, o PSDB e o Cidadania anunciaram que pretendem lan\u00e7ar um nome de consenso no dia 18 de maio. As inten\u00e7\u00f5es de votos e resultados nas \u00faltimas elei\u00e7\u00f5es s\u00e3o duas das balizas colocadas pelo grupo, mas ainda n\u00e3o h\u00e1 consenso.<\/p>\n\n\n\n<p>Al\u00e9m da rejei\u00e7\u00e3o, como sugeriu Simone Tebet, as siglas analisam como outro crit\u00e9rio objetivo o tamanho da bancada do partido na C\u00e2mara. Sem uma defini\u00e7\u00e3o clara, especialistas indicam que crit\u00e9rios pol\u00edticos \u2013e, portanto, subjetivos\u2013 devem ser determinantes, avalia Teixeira.<\/p>\n\n\n\n<p>\u201cA gente est\u00e1 falando em terceira via desde o ano passado e n\u00e3o vemos at\u00e9 o presente momento nenhuma concretude que possa dizer \u2018olha, a terceira via est\u00e1 surgindo\u2019. De outro lado, o tempo \u00e9 um elemento crucial na pol\u00edtica. Quanto mais pr\u00f3ximos n\u00f3s chegarmos da elei\u00e7\u00e3o e menos esse nome estiver, menos vi\u00e1vel ele vai ser\u201d, disse.<\/p>\n","protected":false},"excerpt":{"rendered":"<p>Os crit\u00e9rios para a escolha do presidenci\u00e1vel da&nbsp;terceira via&nbsp;dividem os partidos que formam o grupo. Ainda n\u00e3o h\u00e1 um consenso sobre o que, afinal, ser\u00e1 determinante na defini\u00e7\u00e3o do candidato<\/p>\n","protected":false},"author":1,"featured_media":7357,"comment_status":"closed","ping_status":"closed","sticky":false,"template":"","format":"standard","meta":[],"categories":[1],"tags":[],"_links":{"self":[{"href":"https:\/\/7ports.com.br\/index.php?rest_route=\/wp\/v2\/posts\/7356"}],"collection":[{"href":"https:\/\/7ports.com.br\/index.php?rest_route=\/wp\/v2\/posts"}],"about":[{"href":"https:\/\/7ports.com.br\/index.php?rest_route=\/wp\/v2\/types\/post"}],"author":[{"embeddable":true,"href":"https:\/\/7ports.com.br\/index.php?rest_route=\/wp\/v2\/users\/1"}],"replies":[{"embeddable":true,"href":"https:\/\/7ports.com.br\/index.php?rest_route=%2Fwp%2Fv2%2Fcomments&post=7356"}],"version-history":[{"count":1,"href":"https:\/\/7ports.com.br\/index.php?rest_route=\/wp\/v2\/posts\/7356\/revisions"}],"predecessor-version":[{"id":7358,"href":"https:\/\/7ports.com.br\/index.php?rest_route=\/wp\/v2\/posts\/7356\/revisions\/7358"}],"wp:featuredmedia":[{"embeddable":true,"href":"https:\/\/7ports.com.br\/index.php?rest_route=\/wp\/v2\/media\/7357"}],"wp:attachment":[{"href":"https:\/\/7ports.com.br\/index.php?rest_route=%2Fwp%2Fv2%2Fmedia&parent=7356"}],"wp:term":[{"taxonomy":"category","embeddable":true,"href":"https:\/\/7ports.com.br\/index.php?rest_route=%2Fwp%2Fv2%2Fcategories&post=7356"},{"taxonomy":"post_tag","embeddable":true,"href":"https:\/\/7ports.com.br\/index.php?rest_route=%2Fwp%2Fv2%2Ftags&post=7356"}],"curies":[{"name":"wp","href":"https:\/\/api.w.org\/{rel}","templated":true}]}}