
{"id":7488,"date":"2022-05-13T19:47:09","date_gmt":"2022-05-13T22:47:09","guid":{"rendered":"https:\/\/7ports.com.br\/?p=7488"},"modified":"2022-05-16T18:09:22","modified_gmt":"2022-05-16T21:09:22","slug":"ministro-fachin-diz-que-forcas-desarmadas-conduziram-o-processo-eleitoral","status":"publish","type":"post","link":"https:\/\/7ports.com.br\/?p=7488","title":{"rendered":"Ministro Fachin diz que For\u00e7as desarmadas conduziram o processo eleitoral"},"content":{"rendered":"\n<p>A&nbsp;<a href=\"https:\/\/oglobo.globo.com\/politica\/fachin-diz-que-forcas-desarmadas-sao-responsaveis-pelas-eleicoes-ninguem-nem-nada-vai-interferir-25507649\">fala do presidente do Tribunal Superior Eleitoral (TSE), Edson Fachin, feita nesta quinta-feira, de que as elei\u00e7\u00f5es ser\u00e3o tratadas pelas \u201cfor\u00e7as desarmadas\u201d<\/a>&nbsp;foi celebrada no Judici\u00e1rio, mas mal recebida pelo ministro da Defesa, Paulo S\u00e9rgio Nogueira, e por parte da c\u00fapula militar. A fala do magistrado acontece em meio a ataques do presidente Bolsonaro \u00e0s urnas e poucos dias depois da corte negar as sugest\u00f5es feitas pelas For\u00e7as Armadas para o processo eleitoral.<\/p>\n\n\n\n<p><strong>Leia mais:<\/strong>&nbsp;<a href=\"https:\/\/blogs.oglobo.globo.com\/bela-megale\/post\/autora-de-ataques-ao-stf-bolsonarista-bia-kicis-rasga-elogios-lewandowski.html\">Autora de ataques ao STF, bolsonarista Bia Kicis rasga elogios a Lewandowski&nbsp;<\/a><\/p>\n\n\n\n<p>Militares de alta patente alinhados ao governo classificaram a afirma\u00e7\u00e3o como \u201clament\u00e1vel\u201d e viram a fala de Fachin como uma maneira de \u201csegreg\u00e1-los\u201d do restante da popula\u00e7\u00e3o. Integrantes da c\u00fapula do Minist\u00e9rio da Defesa consideraram que a manifesta\u00e7\u00e3o tem potencial de acirrar ainda mais os \u00e2nimos com a corte eleitoral e avaliaram que a fala \u201cn\u00e3o contribui para uni\u00e3o e harmonia\u201d.<\/p>\n\n\n\n<p>Outro ponto lembrado por militares e integrantes da Defesa \u00e9 que foi o TSE que convidou a institui\u00e7\u00e3o para participar da Comiss\u00e3o de Transpar\u00eancia das Elei\u00e7\u00f5es. Como informou a coluna, entre membros da corte eleitoral e do Supremo Tribunal Federal a avalia\u00e7\u00e3o \u00e9 de que formar esse colegiado foi um \u201ctiro no p\u00e9\u201d.&nbsp;<\/p>\n\n\n\n<p>Parte dos magistrados acredita que os militares estariam usando a comiss\u00e3o para ter protagonismo nas elei\u00e7\u00f5es. Entre membros das For\u00e7as Armadas de alta patente e da Defesa&nbsp; esse argumento \u00e9 rebatido. A afirma\u00e7\u00e3o feita \u00e9 que o trabalho dos militares tem sido \u201ct\u00e9cnico\u201d e que \u201capontar eventuais vulnerabilidades e propor solu\u00e7\u00f5es n\u00e3o significa atacar as elei\u00e7\u00f5es\u201d.&nbsp;<\/p>\n","protected":false},"excerpt":{"rendered":"<p>A&nbsp;fala do presidente do Tribunal Superior Eleitoral (TSE), Edson Fachin, feita nesta quinta-feira, de que as elei\u00e7\u00f5es ser\u00e3o tratadas pelas \u201cfor\u00e7as desarmadas\u201d&nbsp;foi celebrada no Judici\u00e1rio, mas mal recebida pelo ministro<\/p>\n","protected":false},"author":1,"featured_media":7491,"comment_status":"closed","ping_status":"closed","sticky":false,"template":"","format":"standard","meta":[],"categories":[1],"tags":[],"_links":{"self":[{"href":"https:\/\/7ports.com.br\/index.php?rest_route=\/wp\/v2\/posts\/7488"}],"collection":[{"href":"https:\/\/7ports.com.br\/index.php?rest_route=\/wp\/v2\/posts"}],"about":[{"href":"https:\/\/7ports.com.br\/index.php?rest_route=\/wp\/v2\/types\/post"}],"author":[{"embeddable":true,"href":"https:\/\/7ports.com.br\/index.php?rest_route=\/wp\/v2\/users\/1"}],"replies":[{"embeddable":true,"href":"https:\/\/7ports.com.br\/index.php?rest_route=%2Fwp%2Fv2%2Fcomments&post=7488"}],"version-history":[{"count":1,"href":"https:\/\/7ports.com.br\/index.php?rest_route=\/wp\/v2\/posts\/7488\/revisions"}],"predecessor-version":[{"id":7490,"href":"https:\/\/7ports.com.br\/index.php?rest_route=\/wp\/v2\/posts\/7488\/revisions\/7490"}],"wp:featuredmedia":[{"embeddable":true,"href":"https:\/\/7ports.com.br\/index.php?rest_route=\/wp\/v2\/media\/7491"}],"wp:attachment":[{"href":"https:\/\/7ports.com.br\/index.php?rest_route=%2Fwp%2Fv2%2Fmedia&parent=7488"}],"wp:term":[{"taxonomy":"category","embeddable":true,"href":"https:\/\/7ports.com.br\/index.php?rest_route=%2Fwp%2Fv2%2Fcategories&post=7488"},{"taxonomy":"post_tag","embeddable":true,"href":"https:\/\/7ports.com.br\/index.php?rest_route=%2Fwp%2Fv2%2Ftags&post=7488"}],"curies":[{"name":"wp","href":"https:\/\/api.w.org\/{rel}","templated":true}]}}