
{"id":7493,"date":"2022-05-13T22:16:26","date_gmt":"2022-05-14T01:16:26","guid":{"rendered":"https:\/\/7ports.com.br\/?p=7493"},"modified":"2022-05-16T18:09:40","modified_gmt":"2022-05-16T21:09:40","slug":"mulher-de-86-anos-e-resgatada-apos-72-anos-de-trabalho-em-condicoes-analogas-a-escravidao","status":"publish","type":"post","link":"https:\/\/7ports.com.br\/?p=7493","title":{"rendered":"Mulher de 86 anos \u00e9 resgatada ap\u00f3s 72 anos de trabalho em condi\u00e7\u00f5es an\u00e1logas \u00e0 escravid\u00e3o"},"content":{"rendered":"\n<p>V\u00edtima trabalhou para a mesma fam\u00edlia desde os 12 anos de idade, sem oportunidade de estudo, f\u00e9rias ou sal\u00e1rio, segundo o Minist\u00e9rio P\u00fablico do Trabalho<\/p>\n\n\n\n<p><a href=\"https:\/\/www.cnnbrasil.com.br\/autor\/jaqueline-frizon\/\">Jaqueline Frizon<\/a><a href=\"https:\/\/www.cnnbrasil.com.br\/autor\/camille-couto\/\">Camille Couto<\/a><a href=\"https:\/\/www.cnnbrasil.com.br\/autor\/thayana-araujo\/\">Thayana Ara\u00fajo<\/a>da CNN<\/p>\n\n\n\n<p>no Rio de Janeiro13\/05\/2022 \u00e0s 14:07 | Atualizado 13\/05\/2022 \u00e0s 16:28Compartilhe:<a href=\"https:\/\/share.flipboard.com\/bookmarklet\/popout?v=2&amp;title=Mulher%20de%2086%20anos%20%C3%A9%20resgatada%20ap%C3%B3s%2072%20anos%20de%20trabalho%20em%20condi%C3%A7%C3%B5es%20an%C3%A1logas%20%C3%A0%20escravid%C3%A3o%20%7C%20CNN%20Brasil&amp;url=https%3A%2F%2Fwww.cnnbrasil.com.br%2Fnacional%2Fmulher-de-86-anos-e-resgatada-apos-72-anos-de-trabalho-em-condicoes-analogas-a-escravidao%2F&amp;t=1652490709495&amp;utm_campaign=tools&amp;utm_medium=article-share&amp;utm_source=www.cnnbrasil.com.br\"><\/a><\/p>\n\n\n\n<div class=\"wp-block-image\"><figure class=\"aligncenter\"><img decoding=\"async\" src=\"https:\/\/www.cnnbrasil.com.br\/wp-content\/uploads\/sites\/12\/2022\/05\/1305.jpg?w=1024\" alt=\"\" class=\"wp-image-773945\"\/><\/figure><\/div>\n\n\n\n<p>Casos de explora\u00e7\u00e3o de pessoas submetidas a\u00a0<a href=\"https:\/\/www.cnnbrasil.com.br\/tudo-sobre\/trabalho-escravo\/\">condi\u00e7\u00f5es de trabalho an\u00e1logas \u00e0 escravid\u00e3o<\/a>\u00a0ainda s\u00e3o registrados no Brasil 134 anos ap\u00f3s a aboli\u00e7\u00e3o da escravatura.<\/p>\n\n\n\n<p>Uma mulher, de 86 anos, foi resgatada depois de trabalhar para uma mesma fam\u00edlia h\u00e1 72 anos. Nascida em Vassouras, no Centro-Sul do estado do&nbsp;<a href=\"https:\/\/www.cnnbrasil.com.br\/tudo-sobre\/rio-de-janeiro-estado\/\">Rio de Janeiro<\/a>, a senhora trabalhou para a mesma fam\u00edlia desde os 12 anos de idade, por tr\u00eas gera\u00e7\u00f5es.<\/p>\n\n\n\n<p>Ela prestou servi\u00e7o todos os dias, sem oportunidade de estudo, f\u00e9rias ou sal\u00e1rio. Atualmente, com a idade avan\u00e7ada, continuava exercendo as fun\u00e7\u00f5es dom\u00e9sticas como limpar, passar roupa, fazer comida e cuidar da dona casa.<\/p>\n\n\n\n<p>Segundo informa\u00e7\u00f5es do Minist\u00e9rio P\u00fablico do Trabalho (MPT), o caso foi considerado a explora\u00e7\u00e3o mais longa de uma pessoa em situa\u00e7\u00e3o de escravid\u00e3o contempor\u00e2nea no pa\u00eds, desde que o Brasil criou um sistema de fiscaliza\u00e7\u00e3o para enfrentar esse tipo de crime, em maio de 1995. De acordo com o \u00f3rg\u00e3o, nos \u00faltimos 27 anos, 58.166 pessoas foram resgatadas pelo poder p\u00fablico.<\/p>\n\n\n\n<p>Leia mais<\/p>\n\n\n\n<ul><li><a href=\"https:\/\/www.cnnbrasil.com.br\/nacional\/mauricio-pestana-brasil-ainda-lembra-o-periodo-da-escravidao\/\">Mauricio Pestana: Brasil ainda lembra o per\u00edodo da escravid\u00e3o<\/a><\/li><li><a href=\"https:\/\/www.cnnbrasil.com.br\/nacional\/projeto-de-estado-no-brasil-para-os-negros-ainda-e-cunhado-no-seculo-19-diz-especialista\/\">\u2018Projeto de estado no Brasil para os negros ainda \u00e9 cunhado no s\u00e9culo 19\u2019, diz especialista<\/a><\/li><li><a href=\"https:\/\/www.cnnbrasil.com.br\/nacional\/homem-e-baleado-e-morto-na-regiao-da-cracolandia-em-sao-paulo\/\">Homem \u00e9 baleado e morto na regi\u00e3o da Cracol\u00e2ndia, em S\u00e3o Paulo<\/a><\/li><\/ul>\n\n\n\n<p>A a\u00e7\u00e3o que resgatou a mulher n\u00e3o identificada teve in\u00edcio em 21 de setembro de 2021. No dia 5 de maio, a opera\u00e7\u00e3o foi conclu\u00edda. No entanto, o processo ainda n\u00e3o terminou, uma vez que ainda est\u00e1 em negocia\u00e7\u00e3o o pagamento dos sal\u00e1rios e direitos atrasados da v\u00edtima.<\/p>\n\n\n\n<p>O resgate foi realizado pela Superintend\u00eancia Regional do Trabalho do Rio e pelo Minist\u00e9rio P\u00fablico do Trabalho e acompanhado pelo programa A\u00e7\u00e3o Integrada. Desde que foi resgatada, em 15 de mar\u00e7o, ela est\u00e1 recebendo atendimento psicossocial em um abrigo da prefeitura do Rio de Janeiro. Essa foi a primeira vez que ela saiu da casa onde trabalhava.<\/p>\n\n\n\n<p>\u201cPrecisamos entender o que houve. Hoje a for\u00e7a produtiva n\u00e3o \u00e9 t\u00e3o intensa, mas ela cuida da senhora empregadora que tem problemas de sa\u00fade. No depoimento ela alegou que teria que voltar para casa para dar banho, comida e rem\u00e9dios para a senhora que ela cuidava, que ela tinha uma d\u00edvida de gratid\u00e3o. Ela n\u00e3o tem amigos, n\u00e3o estudou, n\u00e3o tem r\u00e9dea da pr\u00f3pria vida. Faz o que o empregador determina, \u00e9 natural querer voltar para o ambiente, ainda que n\u00e3o seja digno\u201d, disse o auditor do Trabalho Alexandre Lyra.<\/p>\n\n\n\n<p>De acordo com Lyra, pessoas da casa afirmaram que a idosa era \u201ccomo se fosse da fam\u00edlia\u201d, n\u00e3o sendo considerada por eles como uma empregada. \u201cDisseram que os servi\u00e7os dom\u00e9sticos n\u00e3o eram trabalho, mas uma colabora\u00e7\u00e3o volunt\u00e1ria no \u00e2mbito familiar. Dizem que n\u00e3o tinham por que pagar sal\u00e1rio se ela era da fam\u00edlia, usaram a express\u00e3o \u2018m\u00e3e preta\u2019, ela comia, dormia no local, n\u00e3o tinha por que receber sal\u00e1rio\u201d, afirmou o auditor.Caso foi considerado a explora\u00e7\u00e3o mais longa de uma pessoa em situa\u00e7\u00e3o de escravid\u00e3o contempor\u00e2nea no pa\u00eds, segundo o MPT\/ Jaqueline Frizon\/CNN<\/p>\n\n\n\n<p>Para a assistente social, Cristiane Lessa, o caso pode ser comparado ao de um relacionamento abusivo.<\/p>\n\n\n\n<p>\u201cEla nunca saiu do local, nunca fez um passeio. Ela nunca tentou sair. A rotina dela era viver por eles e para eles. Ela estava com medo, insegura, ansiosa, magra. Nossa fun\u00e7\u00e3o foi trazer para ela a no\u00e7\u00e3o de acolhimento, de prote\u00e7\u00e3o integral. Para que ela se sentisse mais pertencida, acolhida. Estamos trabalhando para que ela se sinta integrada aqui. Ela sente falta daquele local porque s\u00e3o anos, mas ao mesmo tempo ela n\u00e3o sofre por isso. Ela tem, cada dia, vivido melhor\u201d, relatou a assistente social.<\/p>\n\n\n\n<p>Segundo Yasmin, as v\u00edtimas se preocupam com os \u201cpatr\u00f5es\u201d e muitas vezes pedem para voltar para as casas. A psic\u00f3loga relata que isso \u00e9 comum, porque \u00e9 o \u00fanico conv\u00edvio social que a v\u00edtima conhece. Al\u00e9m do acolhimento, o MPT e as a\u00e7\u00f5es integradas da prefeitura e do estado tentam localizar os familiares da idosa.<\/p>\n\n\n\n<h2 class=\"wp-block-heading\">Combate ao trabalho escravo<\/h2>\n\n\n\n<p>Dados da Divis\u00e3o para Erradica\u00e7\u00e3o do Trabalho Escravo (Detrae) apontam que esse \u00e9 o primeiro resgate neste ano, por\u00e9m \u00e9 o oitavo desde janeiro do ano de 2021, somente no Rio de Janeiro. Desde 2017, no Brasil, foram registrados 64 casos de trabalho escravo dom\u00e9stico, sendo 31 no ano passado.<\/p>\n\n\n\n<p>Das 1.930 pessoas em situa\u00e7\u00e3o de escravid\u00e3o&nbsp;<a href=\"https:\/\/www.cnnbrasil.com.br\/nacional\/combate-ao-trabalho-escravo-bate-recorde-de-fiscalizacoes-em-2021\/\">resgatadas no pa\u00eds em 2021<\/a>, 27 v\u00edtimas estavam no servi\u00e7o dom\u00e9stico. Em 2020, haviam sido apenas tr\u00eas.<\/p>\n\n\n\n<p>Desde 1940, o trabalho escravo se tornou crime no pa\u00eds. Quatro elementos podem definir escravid\u00e3o contempor\u00e2nea:<\/p>\n\n\n\n<ul><li>trabalho for\u00e7ado: que envolve cerceamento do direito de ir e vir<\/li><li>servid\u00e3o por d\u00edvida: um cativeiro atrelado a d\u00edvidas, muitas vezes fraudulentas<\/li><li>condi\u00e7\u00f5es degradantes: trabalho que nega a dignidade humana, colocando em risco a sa\u00fade<\/li><li>jornada exaustiva: levar ao trabalhador ao completo esgotamento dado \u00e0 intensidade da explora\u00e7\u00e3o, tamb\u00e9m colocando em risco a sa\u00fade e vida<\/li><\/ul>\n\n\n\n<p><em>Nota: a primeira vers\u00e3o desta reportagem informou que a senhora resgatada tem 85 anos, a idade foi corrigida ap\u00f3s atualiza\u00e7\u00e3o.<\/em><\/p>\n","protected":false},"excerpt":{"rendered":"<p>V\u00edtima trabalhou para a mesma fam\u00edlia desde os 12 anos de idade, sem oportunidade de estudo, f\u00e9rias ou sal\u00e1rio, segundo o Minist\u00e9rio P\u00fablico do Trabalho Jaqueline FrizonCamille CoutoThayana Ara\u00fajoda CNN<\/p>\n","protected":false},"author":1,"featured_media":7494,"comment_status":"closed","ping_status":"closed","sticky":false,"template":"","format":"standard","meta":[],"categories":[1],"tags":[],"_links":{"self":[{"href":"https:\/\/7ports.com.br\/index.php?rest_route=\/wp\/v2\/posts\/7493"}],"collection":[{"href":"https:\/\/7ports.com.br\/index.php?rest_route=\/wp\/v2\/posts"}],"about":[{"href":"https:\/\/7ports.com.br\/index.php?rest_route=\/wp\/v2\/types\/post"}],"author":[{"embeddable":true,"href":"https:\/\/7ports.com.br\/index.php?rest_route=\/wp\/v2\/users\/1"}],"replies":[{"embeddable":true,"href":"https:\/\/7ports.com.br\/index.php?rest_route=%2Fwp%2Fv2%2Fcomments&post=7493"}],"version-history":[{"count":2,"href":"https:\/\/7ports.com.br\/index.php?rest_route=\/wp\/v2\/posts\/7493\/revisions"}],"predecessor-version":[{"id":7520,"href":"https:\/\/7ports.com.br\/index.php?rest_route=\/wp\/v2\/posts\/7493\/revisions\/7520"}],"wp:featuredmedia":[{"embeddable":true,"href":"https:\/\/7ports.com.br\/index.php?rest_route=\/wp\/v2\/media\/7494"}],"wp:attachment":[{"href":"https:\/\/7ports.com.br\/index.php?rest_route=%2Fwp%2Fv2%2Fmedia&parent=7493"}],"wp:term":[{"taxonomy":"category","embeddable":true,"href":"https:\/\/7ports.com.br\/index.php?rest_route=%2Fwp%2Fv2%2Fcategories&post=7493"},{"taxonomy":"post_tag","embeddable":true,"href":"https:\/\/7ports.com.br\/index.php?rest_route=%2Fwp%2Fv2%2Ftags&post=7493"}],"curies":[{"name":"wp","href":"https:\/\/api.w.org\/{rel}","templated":true}]}}