
{"id":7496,"date":"2022-05-13T22:24:09","date_gmt":"2022-05-14T01:24:09","guid":{"rendered":"https:\/\/7ports.com.br\/?p=7496"},"modified":"2022-05-16T18:09:08","modified_gmt":"2022-05-16T21:09:08","slug":"convocacao-da-selecao-tite-chama-danilo-do-palmeiras-e-da-nova-chance-a-gabriel-jesus-veja-lista","status":"publish","type":"post","link":"https:\/\/7ports.com.br\/?p=7496","title":{"rendered":"Convoca\u00e7\u00e3o da Sele\u00e7\u00e3o: Tite chama Danilo, do Palmeiras, e d\u00e1 nova chance a Gabriel Jesus; veja lista"},"content":{"rendered":"\n<h2 class=\"wp-block-heading\">T\u00e9cnico chama 27 jogadores para amistosos contra Coreia do Sul e Jap\u00e3o, em junho<\/h2>\n\n\n\n<p>Por Bruno Cassucci, Leonardo Louren\u00e7o e Raphael Zarko&nbsp;\u2014 S\u00e3o Paulo e Rio de Janeiro<\/p>\n\n\n\n<p>11\/05\/2022 10h15&nbsp;&nbsp;Atualizado&nbsp;h\u00e1 2 dias<\/p>\n\n\n\n<hr class=\"wp-block-separator\"\/>\n\n\n\n<figure class=\"wp-block-embed\"><div class=\"wp-block-embed__wrapper\">\nhttps:\/\/imasdk.googleapis.com\/js\/core\/bridge3.516.0_pt_br.html#goog_20230880700:00\/05:15\n<\/div><\/figure>\n\n\n\n<p>Tite convoca Sele\u00e7\u00e3o para amistosos contra Coreia do Sul e Jap\u00e3ohttps:\/\/877be62fbebd7da993e307074e3d5d52.safeframe.googlesyndication.com\/safeframe\/1-0-38\/html\/container.html<\/p>\n\n\n\n<p>O t\u00e9cnico Tite anunciou na manh\u00e3 desta quarta-feira a lista de 27 jogadores que defender\u00e3o a&nbsp;<a href=\"https:\/\/ge.globo.com\/futebol\/selecao-brasileira\">sele\u00e7\u00e3o brasileira masculina<\/a>&nbsp;nos amistosos contra Coreia do Sul e Jap\u00e3o. As partidas ser\u00e3o disputadas nos dias 2 e 6 de junho em Seul e T\u00f3quio, respectivamente.<\/p>\n\n\n\n<p>A principal novidade foi a convoca\u00e7\u00e3o do meio-campista Danilo, do Palmeiras, de 21 anos.https:\/\/877be62fbebd7da993e307074e3d5d52.safeframe.googlesyndication.com\/safeframe\/1-0-38\/html\/container.html<\/p>\n\n\n\n<p>Havia um amistoso previsto contra a Argentina nesse mesmo per\u00edodo, que seria em 11 de junho em Melbourne, na Austr\u00e1lia,&nbsp;<a href=\"https:\/\/ge.globo.com\/futebol\/selecao-brasileira\/noticia\/2022\/05\/11\/amistoso-contra-a-argentina-e-cancelado-e-selecao-busca-adversario-africano.ghtml\">mas a partida foi cancelada na v\u00e9spera da convoca\u00e7\u00e3o<\/a>. A CBF busca um novo advers\u00e1rio, provavelmente africano, para essa data Fifa, a pen\u00faltima antes da Copa do Mundo do Catar.https:\/\/877be62fbebd7da993e307074e3d5d52.safeframe.googlesyndication.com\/safeframe\/1-0-38\/html\/container.html<\/p>\n\n\n\n<figure class=\"wp-block-image\"><img decoding=\"async\" src=\"https:\/\/s2.glbimg.com\/qEroW9KWwARtbasO3wcbuv4LDlU=\/0x0:1366x768\/984x0\/smart\/filters:strip_icc()\/i.s3.glbimg.com\/v1\/AUTH_bc8228b6673f488aa253bbcb03c80ec5\/internal_photos\/bs\/2022\/D\/h\/pprFdbQ6CD6QgwjkehRw\/tite.png\" alt=\"Tite convoca jogadores para amistosos da sele\u00e7\u00e3o brasileira contra Coreia do Sul e Jap\u00e3o \u2014 Foto: Reprodu\u00e7\u00e3o\"\/><\/figure>\n\n\n\n<p>Tite convoca jogadores para amistosos da sele\u00e7\u00e3o brasileira contra Coreia do Sul e Jap\u00e3o \u2014 Foto: Reprodu\u00e7\u00e3o<\/p>\n\n\n\n<p><strong>Confira abaixo a lista de convocados:<\/strong><\/p>\n\n\n\n<ul><li><strong>Goleiros:<\/strong>&nbsp;Alisson (Liverpool), Ederson (Manchester City) e Weverton (Palmeiras);<\/li><li><strong>Zagueiros:<\/strong>&nbsp;Eder Milit\u00e3o (Real Madrid), Gabriel Magalh\u00e3es (Arsenal), Marquinhos (PSG) e Thiago Silva (Chelsea)<\/li><li><strong>Laterais:&nbsp;<\/strong>Daniel Alves (Barcelona), Danilo (Juventus), Alex Sandro (Juventus), Alex Telles (Manchester United), Guilherme Arana (Atl\u00e9tico-MG);<\/li><li><strong>Meio-Campistas:<\/strong>&nbsp;Bruno Guimar\u00e3es (Newcastle), Casemiro (Real Madrid), Danilo (Palmeiras) Fabinho (Liverpool), Fred (Manchester United), Lucas Paquet\u00e1 (Lyon), Philippe Coutinho (Aston Villa);<\/li><li><strong>Atacantes:&nbsp;<\/strong>Gabriel Jesus (Manchester City), Gabriel Martinelli (Arsenal), Matheus Cunha (Atl\u00e9tico de Madri), Neymar (Paris Saint-Germain), Raphinha (Leeds United), Richarlison (Everton), Rodrygo (Real Madrid) e Vini J\u00fanior (Real Madrid).<\/li><\/ul>\n\n\n\n<figure class=\"wp-block-embed\"><div class=\"wp-block-embed__wrapper\">\nhttps:\/\/imasdk.googleapis.com\/js\/core\/bridge3.516.0_pt_br.html#goog_20230880900:00\/03:43\n<\/div><\/figure>\n\n\n\n<p>Sele\u00e7\u00e3o SporTV analisa lista de Tite para amistosos; L\u00e9dio diz: \u201cN\u00e3o levaria o Daniel Alves\u201dhttps:\/\/877be62fbebd7da993e307074e3d5d52.safeframe.googlesyndication.com\/safeframe\/1-0-38\/html\/container.html<\/p>\n\n\n\n<p>A comiss\u00e3o t\u00e9cnica canarinho deve come\u00e7ar a chegar em Seul a partir do dia 24 de maio. Os atletas desembarcam na capital coreana a partir do dia 26.<\/p>\n\n\n\n<p><strong>Saiba mais:<br><\/strong><a href=\"https:\/\/ge.globo.com\/futebol\/selecao-brasileira\/noticia\/2022\/05\/11\/tite-entrevista-convocacao-danilo-palmeiras.ghtml\">+ Tite explica a convoca\u00e7\u00e3o de Danilo, do Palmeiras<\/a><\/p>\n\n\n\n<p>Os convocados de Liverpool e Real Madrid, finalistas da Liga dos Campe\u00f5es, s\u00f3 se juntar\u00e3o ao grupo depois, no dia 31 de maio.<\/p>\n\n\n\n<p>Os jogadores de clubes brasileiros convocados perder\u00e3o ao menos tr\u00eas rodadas do Campeonato Brasileiro, entre a oitava e a d\u00e9cima. Se um terceiro amistoso for confirmado, ser\u00e3o desfalques tamb\u00e9m na 11\u00aa rodada do torneio nacional.<\/p>\n\n\n\n<p>O per\u00edodo que a Sele\u00e7\u00e3o ficar\u00e1 reunida nessa data Fifa \u00e9 superior ao que haver\u00e1 antes da estreia na Copa, quando ser\u00e3o 10 dias entre a apresenta\u00e7\u00e3o, no dia 14 de novembro, at\u00e9 a estreia no Mundial, dia 24, contra a S\u00e9rvia.https:\/\/imasdk.googleapis.com\/js\/core\/bridge3.516.0_pt_br.html#goog_202308811<video muted=\"\" preload=\"none\" poster=\"https:\/\/s03.video.glbimg.com\/x720\/10564930.jpg\"><\/video>00:00\/02:58<\/p>\n\n\n\n<p>Tite comenta chegada de Danilo na Sele\u00e7\u00e3o e o momento de Rodrygohttps:\/\/877be62fbebd7da993e307074e3d5d52.safeframe.googlesyndication.com\/safeframe\/1-0-38\/html\/container.html<\/p>\n\n\n\n<p>Depois destes amistosos, o Brasil ter\u00e1 apenas mais uma data Fifa pela frente antes da Copa.&nbsp;<strong>Ser\u00e1 em setembro, quando a Sele\u00e7\u00e3o deve enfrentar a Argentina (em jogo suspenso das Eliminat\u00f3rias) e possivelmente o M\u00e9xico, em amistoso.<\/strong>https:\/\/imasdk.googleapis.com\/js\/core\/bridge3.516.0_pt_br.html#goog_202308813<video muted=\"\" preload=\"none\" poster=\"https:\/\/s02.video.glbimg.com\/x720\/10565021.jpg\"><\/video>&#8211;:&#8211;\/&#8211;:&#8211;<\/p>\n\n\n\n<p>Tite sobre levar 26 jogadores para Copa: &#8220;Surgindo muitos jogadores de &#8220;perninha r\u00e1pida&#8221;<\/p>\n","protected":false},"excerpt":{"rendered":"<p>T\u00e9cnico chama 27 jogadores para amistosos contra Coreia do Sul e Jap\u00e3o, em junho Por Bruno Cassucci, Leonardo Louren\u00e7o e Raphael Zarko&nbsp;\u2014 S\u00e3o Paulo e Rio de Janeiro 11\/05\/2022 10h15&nbsp;&nbsp;Atualizado&nbsp;h\u00e1<\/p>\n","protected":false},"author":1,"featured_media":7497,"comment_status":"closed","ping_status":"closed","sticky":false,"template":"","format":"standard","meta":[],"categories":[1],"tags":[],"_links":{"self":[{"href":"https:\/\/7ports.com.br\/index.php?rest_route=\/wp\/v2\/posts\/7496"}],"collection":[{"href":"https:\/\/7ports.com.br\/index.php?rest_route=\/wp\/v2\/posts"}],"about":[{"href":"https:\/\/7ports.com.br\/index.php?rest_route=\/wp\/v2\/types\/post"}],"author":[{"embeddable":true,"href":"https:\/\/7ports.com.br\/index.php?rest_route=\/wp\/v2\/users\/1"}],"replies":[{"embeddable":true,"href":"https:\/\/7ports.com.br\/index.php?rest_route=%2Fwp%2Fv2%2Fcomments&post=7496"}],"version-history":[{"count":1,"href":"https:\/\/7ports.com.br\/index.php?rest_route=\/wp\/v2\/posts\/7496\/revisions"}],"predecessor-version":[{"id":7498,"href":"https:\/\/7ports.com.br\/index.php?rest_route=\/wp\/v2\/posts\/7496\/revisions\/7498"}],"wp:featuredmedia":[{"embeddable":true,"href":"https:\/\/7ports.com.br\/index.php?rest_route=\/wp\/v2\/media\/7497"}],"wp:attachment":[{"href":"https:\/\/7ports.com.br\/index.php?rest_route=%2Fwp%2Fv2%2Fmedia&parent=7496"}],"wp:term":[{"taxonomy":"category","embeddable":true,"href":"https:\/\/7ports.com.br\/index.php?rest_route=%2Fwp%2Fv2%2Fcategories&post=7496"},{"taxonomy":"post_tag","embeddable":true,"href":"https:\/\/7ports.com.br\/index.php?rest_route=%2Fwp%2Fv2%2Ftags&post=7496"}],"curies":[{"name":"wp","href":"https:\/\/api.w.org\/{rel}","templated":true}]}}