
{"id":7505,"date":"2022-05-13T22:58:48","date_gmt":"2022-05-14T01:58:48","guid":{"rendered":"https:\/\/7ports.com.br\/?p=7505"},"modified":"2022-05-16T18:08:41","modified_gmt":"2022-05-16T21:08:41","slug":"livro-infantil-destaca-historia-pontos-turisticos-e-cultura-de-venancio-aires","status":"publish","type":"post","link":"https:\/\/7ports.com.br\/?p=7505","title":{"rendered":"Livro infantil destaca hist\u00f3ria, pontos tur\u00edsticos e cultura de Ven\u00e2ncio Aires"},"content":{"rendered":"\n<figure class=\"wp-block-image\"><img decoding=\"async\" src=\"https:\/\/folhadomate.com\/wp-content\/uploads\/2022\/05\/298a430a-bdb5-4c4a-977a-2b01ddf323ef.jpg\" alt=\"\"\/><\/figure>\n\n\n\n<p>Na noite de quarta-feira, 11, data em que Ven\u00e2ncio Aires comemorou 131 anos de emancipa\u00e7\u00e3o, foi apresentado ao p\u00fablico o livro infantil \u2018Era uma vez em\u2026 Ven\u00e2ncio Aires\u2019, da escritora L\u00e9ia Cassol. O evento de lan\u00e7amento ocorreu durante a programa\u00e7\u00e3o da 16\u00aa Festa Nacional do Chimarr\u00e3o (Fenachim).<\/p>\n\n\n\n<p>Na ocasi\u00e3o, a autora contou a hist\u00f3ria para crian\u00e7as e adultos que acompanharam a solenidade, no Lon\u00e3o. Por meio de uma hist\u00f3ria fict\u00edcia, cujos personagens principais s\u00e3o o menino Ben e seu cachorro Ilex, h\u00e1 informa\u00e7\u00f5es sobre a hist\u00f3ria, pontos tur\u00edsticos, cultura e fatos sobre o munic\u00edpio de Ven\u00e2ncio Aires, em especial, o Cerro do Ba\u00fa, localizado em Vila Arlindo.https:\/\/2c83603a2146dd4c1f33017627b63c99.safeframe.googlesyndication.com\/safeframe\/1-0-38\/html\/container.html<\/p>\n\n\n\n<p>Para essa produ\u00e7\u00e3o dar certo, L\u00e9ia fez a coleta de dados e informa\u00e7\u00f5es em dois momentos: a partir de uma pesquisa bibliogr\u00e1fica e uma visita ao munic\u00edpio para conhecer pontos tur\u00edsticos e locais importantes para embasar a escrita do livro.<\/p>\n\n\n\n<p>Segundo a escritora, a produ\u00e7\u00e3o foi \u201cmaravilhosa\u201d. Ela destaca que ficou muito envolvida com a hist\u00f3ria, a cultura, os fatos e a cidade, e que conviveu com as pessoas para se inspirar e escrever a narrativa. O livro \u00e9 a 85\u00aa obra da autora, que \u00e9 natural do Paran\u00e1 e mora em S\u00e3o Leopoldo.<\/p>\n\n\n\n<h2 class=\"wp-block-heading\">Exemplares<\/h2>\n\n\n\n<p>De acordo com a coordenadora pedag\u00f3gica da Secretaria Municipal de Educa\u00e7\u00e3o, Juliane Weiss Niedermeyer, foram adquiridos mil livros para serem distribu\u00eddos entre as Escolas Municipais de Ensino Fundamental (Emefs) e de Educa\u00e7\u00e3o Infantil (Emeis) da cidade.https:\/\/2c83603a2146dd4c1f33017627b63c99.safeframe.googlesyndication.com\/safeframe\/1-0-38\/html\/container.html<\/p>\n\n\n\n<p>Segundo o secret\u00e1rio de Educa\u00e7\u00e3o, \u00c9merson Eloi Henrique, o livro vem preencher uma lacuna que havia de conte\u00fados relacionados \u00e0 hist\u00f3ria e aos pontos tur\u00edsticos de Ven\u00e2ncio Aires, em uma linguagem infantil. \u201cBuscamos uma autora que \u00e9 refer\u00eancia para produzir esse conte\u00fado, que agora ser\u00e1 trabalhado de forma l\u00fadica com as crian\u00e7as.\u201d<\/p>\n\n\n\n<p>Durante o lan\u00e7amento do livro, o prefeito Jarbas da Rosa ressaltou que n\u00e3o havia melhor forma de comemorar o anivers\u00e1rio de 131 anos do munic\u00edpio do que com uma a\u00e7\u00e3o voltada ao futuro, mas com a valoriza\u00e7\u00e3o da hist\u00f3ria e da geografia. \u201cS\u00e3o essas crian\u00e7as que v\u00e3o ler esse livro que v\u00e3o fazer o futuro, os pr\u00f3ximos 130 anos de Ven\u00e2ncio. Por isso, investir em educa\u00e7\u00e3o \u00e9 fundamental\u201d, enfatizou.https:\/\/2c83603a2146dd4c1f33017627b63c99.safeframe.googlesyndication.com\/safeframe\/1-0-38\/html\/container.html<\/p>\n\n\n\n<p><strong>Conta\u00e7\u00e3o de hist\u00f3rias<\/strong><\/p>\n\n\n\n<p>Durante a tarde de quinta, 12, os estudantes movimentaram o Lon\u00e3o, na Fenachim. Na ocasi\u00e3o, ocorreu uma conta\u00e7\u00e3o de hist\u00f3ria com L\u00e9ia Cassol, que divertiu, cantou e encantou a crian\u00e7ada de diversas Emeis do munic\u00edpio. Antes de a autora subir ao palco, a abertura do espet\u00e1culo ficou a cargo da turma da pr\u00e9-escola da Emei M\u00f4nica, com o teatro o \u2018Ch\u00e1 das Del\u00edcias\u2019, baseado no texto de L\u00e9ia Cassol.<\/p>\n","protected":false},"excerpt":{"rendered":"<p>Na noite de quarta-feira, 11, data em que Ven\u00e2ncio Aires comemorou 131 anos de emancipa\u00e7\u00e3o, foi apresentado ao p\u00fablico o livro infantil \u2018Era uma vez em\u2026 Ven\u00e2ncio Aires\u2019, da escritora<\/p>\n","protected":false},"author":1,"featured_media":7506,"comment_status":"closed","ping_status":"closed","sticky":false,"template":"","format":"standard","meta":[],"categories":[1],"tags":[],"_links":{"self":[{"href":"https:\/\/7ports.com.br\/index.php?rest_route=\/wp\/v2\/posts\/7505"}],"collection":[{"href":"https:\/\/7ports.com.br\/index.php?rest_route=\/wp\/v2\/posts"}],"about":[{"href":"https:\/\/7ports.com.br\/index.php?rest_route=\/wp\/v2\/types\/post"}],"author":[{"embeddable":true,"href":"https:\/\/7ports.com.br\/index.php?rest_route=\/wp\/v2\/users\/1"}],"replies":[{"embeddable":true,"href":"https:\/\/7ports.com.br\/index.php?rest_route=%2Fwp%2Fv2%2Fcomments&post=7505"}],"version-history":[{"count":1,"href":"https:\/\/7ports.com.br\/index.php?rest_route=\/wp\/v2\/posts\/7505\/revisions"}],"predecessor-version":[{"id":7507,"href":"https:\/\/7ports.com.br\/index.php?rest_route=\/wp\/v2\/posts\/7505\/revisions\/7507"}],"wp:featuredmedia":[{"embeddable":true,"href":"https:\/\/7ports.com.br\/index.php?rest_route=\/wp\/v2\/media\/7506"}],"wp:attachment":[{"href":"https:\/\/7ports.com.br\/index.php?rest_route=%2Fwp%2Fv2%2Fmedia&parent=7505"}],"wp:term":[{"taxonomy":"category","embeddable":true,"href":"https:\/\/7ports.com.br\/index.php?rest_route=%2Fwp%2Fv2%2Fcategories&post=7505"},{"taxonomy":"post_tag","embeddable":true,"href":"https:\/\/7ports.com.br\/index.php?rest_route=%2Fwp%2Fv2%2Ftags&post=7505"}],"curies":[{"name":"wp","href":"https:\/\/api.w.org\/{rel}","templated":true}]}}