
{"id":7529,"date":"2022-05-15T21:47:56","date_gmt":"2022-05-16T00:47:56","guid":{"rendered":"https:\/\/7ports.com.br\/?p=7529"},"modified":"2022-05-25T18:48:02","modified_gmt":"2022-05-25T21:48:02","slug":"finlandia-e-suecia-mas-proximo-da-otan","status":"publish","type":"post","link":"https:\/\/7ports.com.br\/?p=7529","title":{"rendered":"Finl\u00e2ndia e Su\u00e9cia Mas pr\u00f3ximo da Otan"},"content":{"rendered":"\n<h2 class=\"wp-block-heading\">Presidente e primeira-ministra finlandeses anunciaram hoje inten\u00e7\u00e3o de ingressar na alian\u00e7a ap\u00f3s R\u00fassia invadir Ucr\u00e2nia<\/h2>\n\n\n\n<figure class=\"wp-block-embed\"><div class=\"wp-block-embed__wrapper\">\nhttps:\/\/audio8.audima.co\/iframe-later-thin-audima.html?skin=thin&#038;statistic=true&#038;clientAlias=&#038;background=undefined&#038;color=undefined&#038;type=undefinedA-A+\n<\/div><\/figure>\n\n\n\n<figure class=\"wp-block-image\"><img decoding=\"async\" src=\"https:\/\/img.r7.com\/images\/afp-anuncio-finlandia-otan-1500-15052022125836761?dimensions=442x241\" alt=\"Finl\u00e2ndia anunciou hoje interesse em entrar na Otan\" title=\"Finl\u00e2ndia anunciou hoje interesse em entrar na Otan\"\/><\/figure>\n\n\n\n<h4 class=\"wp-block-heading\">Finl\u00e2ndia anunciou hoje interesse em entrar na Otan<\/h4>\n\n\n\n<p>ALESSANDRO RAMPAZZO\/AFP &#8211; 15.05.2022<\/p>\n\n\n\n<p>A Otan (Organiza\u00e7\u00e3o do Tratado do Atl\u00e2ntico Norte) se manifestou neste domingo (15) sobre a possibilidade da ades\u00e3o da Finl\u00e2ndia e da Su\u00e9cia ao grupo.<\/p>\n\n\n\n<p>O vice-secret\u00e1rio-geral da Otan, Mircea Geoana, afirmou estar confiante em que a organiza\u00e7\u00e3o pode superar as obje\u00e7\u00f5es da Turquia e receber rapidamente a Finl\u00e2ndia e a Su\u00e9cia, enquanto a alian\u00e7a se prepara para uma expans\u00e3o <\/p>\n\n\n\n<p>Mais cedo, o presidente da Finl\u00e2ndia, Sauli Niinisto, confirmou que seu pa\u00eds se candidatar\u00e1 \u00e0 ades\u00e3o, e a Su\u00e9cia dever\u00e1 fazer o mesmo, j\u00e1 que o apoio p\u00fablico \u00e0 ades\u00e3o \u00e0 Otan aumentou desde a invas\u00e3o da Ucr\u00e2nia pela R\u00fassia.<\/p>\n\n\n\n<p>&#8220;Su\u00e9cia e Finl\u00e2ndia n\u00e3o s\u00e3o apenas nossos parceiros, n\u00e3o apenas nossos amigos, eles s\u00e3o membros da fam\u00edlia europeia h\u00e1 muito tempo&#8221;, disse a ministra alem\u00e3 das Rela\u00e7\u00f5es Exteriores, Annalena Baerbock.<\/p>\n\n\n\n<p>&#8220;\u00c9 por isso que voc\u00eas t\u00eam todo o nosso apoio para todas as decis\u00f5es que est\u00e3o tomando atualmente para sua pr\u00f3pria seguran\u00e7a&#8221;, acrescentou.https:\/\/ab4abf46b0918eff81d9b4612aa67c8f.safeframe.googlesyndication.com\/safeframe\/1-0-38\/html\/container.html<\/p>\n\n\n\n<h3 class=\"wp-block-heading\">Ades\u00e3o da Finl\u00e2ndia<\/h3>\n\n\n\n<p>A&nbsp;<a href=\"https:\/\/noticias.r7.com\/internacional\/finlandia-anuncia-oficialmente-que-decidiu-pedir-adesao-a-otan-15052022\"><strong>Finl\u00e2ndia tomou a decis\u00e3o de se candidatar<\/strong><\/a>&nbsp;\u00e0 ades\u00e3o ao grupo neste domingo. O an\u00fancio foi feito pelo presidente finland\u00eas e pela primeira-ministra do pa\u00eds n\u00f3rdico, Sanna Marin. A medida \u00e9 uma consequ\u00eancia direta da invas\u00e3o russa da Ucr\u00e2nia, que completa 81 dias hoje.<\/p>\n\n\n\n<p>O chefe de Estado e um comit\u00ea de pol\u00edtica externa &#8220;decidiram conjuntamente que a Finl\u00e2ndia vai se candidatar \u00e0 ades\u00e3o \u00e0 Otan&#8221;. &#8220;\u00c9 um dia hist\u00f3rico. Uma nova era est\u00e1 come\u00e7ando&#8221;, disse o presidente finland\u00eas em entrevista coletiva.<\/p>\n\n\n\n<h6 class=\"wp-block-heading\">VEJA TAMB\u00c9M<\/h6>\n\n\n\n<ul><li><a href=\"http:\/\/noticias.r7.com\/internacional\/secretario-de-estado-dos-eua-expressa-confianca-em-adesao-de-suecia-e-finlandia-a-otan-15052022\">INTERNACIONALEUA: secret\u00e1rio de Estado expressa confian\u00e7a em ades\u00e3o de Su\u00e9cia e Finl\u00e2ndia \u00e0 Otan<\/a><\/li><li><a href=\"http:\/\/noticias.r7.com\/internacional\/partido-da-primeira-ministra-da-suecia-da-aval-para-alianca-militar-15052022\">INTERNACIONALPartido da primeira-ministra da Su\u00e9cia d\u00e1 aval para alian\u00e7a militar<\/a><\/li><li><a href=\"http:\/\/noticias.r7.com\/internacional\/governo-da-turquia-esta-disposto-a-conversar-sobre-candidatura-de-finlandia-e-suecia-a-otan-14052022\">INTERNACIONALTurquia est\u00e1 disposta a conversar sobre Finl\u00e2ndia e Su\u00e9cia na Otan<\/a><\/li><\/ul>\n\n\n\n<h3 class=\"wp-block-heading\">Desconfian\u00e7a da Turquia<\/h3>\n\n\n\n<p>Ao pegar de surpresa os seus parceiros da Otan, o presidente da Turquia, Recep Tayyip Erdogan, afirmou na \u00faltima sexta-feira (13) que n\u00e3o seria poss\u00edvel apoiar a candidatura da Su\u00e9cia e da Finl\u00e2ndia porque os dois pa\u00edses eram \u201clar de muitas organiza\u00e7\u00f5es terroristas\u201d.<\/p>\n\n\n\n<p>O ministro das Rela\u00e7\u00f5es Exteriores da Turquia disse neste domingo que a Su\u00e9cia e a Finl\u00e2ndia devem parar de apoiar grupos terroristas no pa\u00eds, fornecer garantias de seguran\u00e7a claras e suspender proibi\u00e7\u00f5es de exporta\u00e7\u00f5es \u00e0 Turquia enquanto buscam a ades\u00e3o \u00e0 Otan.<\/p>\n\n\n\n<p>Falando ap\u00f3s uma reuni\u00e3o dos ministros das Rela\u00e7\u00f5es Exteriores da Otan em Berlim, Mevlut Cavusoglu declarou que se encontrou com seus colegas suecos e finlandeses e todos estavam procurando abordar as preocupa\u00e7\u00f5es da Turquia.<\/p>\n\n\n\n<p>Ele acrescentou que a Turquia n\u00e3o est\u00e1 amea\u00e7ando ningu\u00e9m nem buscando influ\u00eancia, mas se referindo especialmente ao apoio da Su\u00e9cia ao grupo militante curdo PKK, considerado uma organiza\u00e7\u00e3o terrorista por Turquia, Uni\u00e3o Europeia e Estados Unidos.<\/p>\n\n\n\n<p>A Finl\u00e2ndia confirmou neste domingo que solicitar\u00e1 ades\u00e3o \u00e0 Otan, e a Su\u00e9cia deve seguir o exemplo, em resposta \u00e0 invas\u00e3o da Ucr\u00e2nia pela R\u00fassia. No entanto, as preocupa\u00e7\u00f5es da Turquia podem representar um obst\u00e1culo, pois qualquer decis\u00e3o sobre o alargamento da Otan requer a aprova\u00e7\u00e3o un\u00e2nime dos 30 Estados-membros.<\/p>\n\n\n\n<p>&#8220;\u00c9 absolutamente necess\u00e1rio haver garantias de seguran\u00e7a aqui. Eles precisam parar de apoiar organiza\u00e7\u00f5es terroristas&#8221;, disse Cavusoglu a rep\u00f3rteres turcos em Berlim. Ele informou que as proibi\u00e7\u00f5es suecas e finlandesas \u00e0 exporta\u00e7\u00e3o de alguns de seus produtos do setor de defesa para a Turquia devem terminar.<\/p>\n\n\n\n<p>&#8220;Nossa postura \u00e9 perfeitamente aberta e clara. Isso n\u00e3o \u00e9 uma amea\u00e7a, n\u00e3o \u00e9 uma negocia\u00e7\u00e3o em que estamos tentando alavancar nossos interesses&#8221;, afirmou.<\/p>\n\n\n\n<p>&#8220;Isso tamb\u00e9m n\u00e3o \u00e9 populismo. Isso \u00e9 claramente sobre o apoio de dois potenciais Estados-membros ao terrorismo, e nossas observa\u00e7\u00f5es s\u00f3lidas sobre isso s\u00e3o o que compartilhamos.&#8221;<\/p>\n\n\n\n<p><strong>Vladimir Putin estaria com c\u00e2ncer e prestes a tomar um golpe de Estado. Assista:<\/strong><\/p>\n","protected":false},"excerpt":{"rendered":"<p>Presidente e primeira-ministra finlandeses anunciaram hoje inten\u00e7\u00e3o de ingressar na alian\u00e7a ap\u00f3s R\u00fassia invadir Ucr\u00e2nia Finl\u00e2ndia anunciou hoje interesse em entrar na Otan ALESSANDRO RAMPAZZO\/AFP &#8211; 15.05.2022 A Otan (Organiza\u00e7\u00e3o<\/p>\n","protected":false},"author":1,"featured_media":7530,"comment_status":"closed","ping_status":"closed","sticky":false,"template":"","format":"standard","meta":[],"categories":[1],"tags":[],"_links":{"self":[{"href":"https:\/\/7ports.com.br\/index.php?rest_route=\/wp\/v2\/posts\/7529"}],"collection":[{"href":"https:\/\/7ports.com.br\/index.php?rest_route=\/wp\/v2\/posts"}],"about":[{"href":"https:\/\/7ports.com.br\/index.php?rest_route=\/wp\/v2\/types\/post"}],"author":[{"embeddable":true,"href":"https:\/\/7ports.com.br\/index.php?rest_route=\/wp\/v2\/users\/1"}],"replies":[{"embeddable":true,"href":"https:\/\/7ports.com.br\/index.php?rest_route=%2Fwp%2Fv2%2Fcomments&post=7529"}],"version-history":[{"count":1,"href":"https:\/\/7ports.com.br\/index.php?rest_route=\/wp\/v2\/posts\/7529\/revisions"}],"predecessor-version":[{"id":7531,"href":"https:\/\/7ports.com.br\/index.php?rest_route=\/wp\/v2\/posts\/7529\/revisions\/7531"}],"wp:featuredmedia":[{"embeddable":true,"href":"https:\/\/7ports.com.br\/index.php?rest_route=\/wp\/v2\/media\/7530"}],"wp:attachment":[{"href":"https:\/\/7ports.com.br\/index.php?rest_route=%2Fwp%2Fv2%2Fmedia&parent=7529"}],"wp:term":[{"taxonomy":"category","embeddable":true,"href":"https:\/\/7ports.com.br\/index.php?rest_route=%2Fwp%2Fv2%2Fcategories&post=7529"},{"taxonomy":"post_tag","embeddable":true,"href":"https:\/\/7ports.com.br\/index.php?rest_route=%2Fwp%2Fv2%2Ftags&post=7529"}],"curies":[{"name":"wp","href":"https:\/\/api.w.org\/{rel}","templated":true}]}}