
{"id":7555,"date":"2022-05-16T16:36:12","date_gmt":"2022-05-16T19:36:12","guid":{"rendered":"https:\/\/7ports.com.br\/?p=7555"},"modified":"2022-05-21T02:25:48","modified_gmt":"2022-05-21T05:25:48","slug":"cupula-tucana-avalia-que-carta-de-doria-e-sinal-de-quase-rompimento-com-o-psdb","status":"publish","type":"post","link":"https:\/\/7ports.com.br\/?p=7555","title":{"rendered":"C\u00fapula tucana avalia que carta de Doria \u00e9 sinal de &#8216;quase rompimento&#8217; com o PSDB"},"content":{"rendered":"\n<h2 class=\"wp-block-heading\">A carta do ex-governador foi enviada ao partido no s\u00e1bado (14)<\/h2>\n\n\n\n<figure class=\"wp-block-image\"><img decoding=\"async\" src=\"https:\/\/media-manager.noticiasaominuto.com.br\/1920\/naom_60fa92c1e34b2.jpg\" alt=\"C\u00fapula tucana avalia que carta de Doria \u00e9 sinal de 'quase rompimento' com o PSDB\"\/><\/figure>\n\n\n\n<p>16\/05\/22 08:10 \u2027 H\u00c1 8 HORAS&nbsp;POR ESTADAO CONTEUDO<\/p>\n\n\n\n<p><strong>POL\u00cdTICA<\/strong>&nbsp;<a href=\"https:\/\/www.noticiasaominuto.com.br\/politica\/tag\/eleicoes-2022\">ELEI\u00c7\u00d5ES 2022<\/a><a rel=\"noreferrer noopener\" href=\"https:\/\/www.facebook.com\/sharer\/sharer.php?u=https:\/\/www.noticiasaominuto.com.br\/politica\/1909074\/cupula-tucana-avalia-que-carta-de-doria-e-sinal-de-quase-rompimento-com-o-psdb?utm_medium=social&amp;utm_source=facebook.com&amp;utm_campaign=buffer\" target=\"_blank\">Partilhar esta not\u00edcia<\/a>O comando nacional do PSDB est\u00e1 irritado com a iniciativa do ex-governador Jo\u00e3o Doria (PSDB-SP) de questionar a decis\u00e3o do partido de tentar uma alian\u00e7a com o MDB. A aliados, o presidente da legenda, Bruno Ara\u00fajo, disse que a carta do paulista em que acusa a sigla de &#8220;golpe&#8221; e &#8220;tapet\u00e3o&#8221; \u00e9 um sinal de &#8220;quase rompimento&#8221; com o PSDB, que ao fazer isso Doria &#8220;politicamente assume que n\u00e3o tem um partido&#8221; e que ele est\u00e1 entrando &#8220;em guerra&#8221; contra toda a Executiva tucana.<\/p>\n\n\n\n<p>A carta do ex-governador foi enviada no s\u00e1bado, 14, e imediatamente Ara\u00fajo reagiu convocando reuni\u00e3o da Executiva Nacional do partido para a ter\u00e7a-feira, 17, para discutir o teor do documento.<\/p>\n\n\n\n<p>Dentro da c\u00fapula tucana, a avalia\u00e7\u00e3o \u00e9 de que uma candidatura presidencial de Doria, por sua rejei\u00e7\u00e3o no Pa\u00eds, &#8220;mata&#8221; o governador Rodrigo Garcia (PSDB-SP) e consequentemente a chance de o partido permanecer governando o maior Estado do Brasil.<\/p>\n","protected":false},"excerpt":{"rendered":"<p>A carta do ex-governador foi enviada ao partido no s\u00e1bado (14) 16\/05\/22 08:10 \u2027 H\u00c1 8 HORAS&nbsp;POR ESTADAO CONTEUDO POL\u00cdTICA&nbsp;ELEI\u00c7\u00d5ES 2022Partilhar esta not\u00edciaO comando nacional do PSDB est\u00e1 irritado com<\/p>\n","protected":false},"author":1,"featured_media":7556,"comment_status":"closed","ping_status":"closed","sticky":false,"template":"","format":"standard","meta":[],"categories":[1],"tags":[],"_links":{"self":[{"href":"https:\/\/7ports.com.br\/index.php?rest_route=\/wp\/v2\/posts\/7555"}],"collection":[{"href":"https:\/\/7ports.com.br\/index.php?rest_route=\/wp\/v2\/posts"}],"about":[{"href":"https:\/\/7ports.com.br\/index.php?rest_route=\/wp\/v2\/types\/post"}],"author":[{"embeddable":true,"href":"https:\/\/7ports.com.br\/index.php?rest_route=\/wp\/v2\/users\/1"}],"replies":[{"embeddable":true,"href":"https:\/\/7ports.com.br\/index.php?rest_route=%2Fwp%2Fv2%2Fcomments&post=7555"}],"version-history":[{"count":3,"href":"https:\/\/7ports.com.br\/index.php?rest_route=\/wp\/v2\/posts\/7555\/revisions"}],"predecessor-version":[{"id":7559,"href":"https:\/\/7ports.com.br\/index.php?rest_route=\/wp\/v2\/posts\/7555\/revisions\/7559"}],"wp:featuredmedia":[{"embeddable":true,"href":"https:\/\/7ports.com.br\/index.php?rest_route=\/wp\/v2\/media\/7556"}],"wp:attachment":[{"href":"https:\/\/7ports.com.br\/index.php?rest_route=%2Fwp%2Fv2%2Fmedia&parent=7555"}],"wp:term":[{"taxonomy":"category","embeddable":true,"href":"https:\/\/7ports.com.br\/index.php?rest_route=%2Fwp%2Fv2%2Fcategories&post=7555"},{"taxonomy":"post_tag","embeddable":true,"href":"https:\/\/7ports.com.br\/index.php?rest_route=%2Fwp%2Fv2%2Ftags&post=7555"}],"curies":[{"name":"wp","href":"https:\/\/api.w.org\/{rel}","templated":true}]}}