
{"id":7579,"date":"2022-05-15T19:33:00","date_gmt":"2022-05-15T22:33:00","guid":{"rendered":"https:\/\/7ports.com.br\/?p=7579"},"modified":"2022-05-21T02:26:59","modified_gmt":"2022-05-21T05:26:59","slug":"eclipse-lunar-confira-fotos-da-lua-de-sangue-vista-no-brasil","status":"publish","type":"post","link":"https:\/\/7ports.com.br\/?p=7579","title":{"rendered":"Eclipse lunar: confira fotos da &#8216;lua de sangue&#8217; vista no Brasil"},"content":{"rendered":"\n<figure class=\"wp-block-image\" id=\"js-article-image\"><img decoding=\"async\" src=\"https:\/\/tm.ibxk.com.br\/2022\/05\/16\/16091543021050.jpg?ims=1120x420\" alt=\"Imagem de: Eclipse lunar: confira fotos da 'lua de sangue' vista no Brasil\"\/><\/figure>\n\n\n\n<figure class=\"wp-block-image\"><a href=\"https:\/\/www.tecmundo.com.br\/autor\/1192-giovanna-fantinato\"><img decoding=\"async\" src=\"https:\/\/www.tecmundo.com.br\/desktop\/assets\/static\/avatar-editor.svg\" alt=\"Avatar do autor\"\/><\/a><\/figure>\n\n\n\n<p><a href=\"https:\/\/www.tecmundo.com.br\/autor\/1192-giovanna-fantinato\">Giovanna Fantinato<\/a>68 Compartilharam<\/p>\n\n\n\n<p>Na noite do \u00faltimo domingo (15) aconteceu o&nbsp;<a href=\"https:\/\/www.tecmundo.com.br\/ciencia\/238420-eclipse-lunar-traz-lua-sangue-domingo-15-saiba.htm\" target=\"_blank\" rel=\"noreferrer noopener\">primeiro eclipse lunar<\/a>&nbsp;total do ano. O fen\u00f4meno \u2014 que p\u00f4de ser visto em todo o Brasil \u2014 teve seu \u00e1pice na madrugada de hoje (16) \u00e0 1h11, com o t\u00e9rmino por volta das 3h50.<\/p>\n\n\n\n<p>O eclipse tamb\u00e9m foi considerado uma &#8220;superlua de sangue&#8221;. Isso porque, durante eclipse, a lua \u00e9 encoberta pela sombra da Terra, evitando que os raios de sol cheguem at\u00e9 ela diretamente. Recebendo apenas algumas faixas de luz \u2014 que passam pela atmosfera do nosso planeta \u2014 o sat\u00e9lite ganha a cor mais avermelhada.<\/p>\n\n\n\n<p>Confira, abaixo, fotos do fen\u00f4meno ao redor do mundo:<\/p>\n\n\n\n<figure class=\"wp-block-image\"><img alt=\"Martin Bernetti\/AFP\"\/><\/figure>\n\n\n\n<figure class=\"wp-block-image\"><img alt=\" Tayfun Coskun\/Anadolu Agency\"\/><\/figure>\n\n\n\n<figure class=\"wp-block-image\"><img alt=\"Fabio Teixeira\/Anadolu Agency\"\/><\/figure>\n\n\n\n<figure class=\"wp-block-image\"><img alt=\"Patrick T. Fallon\/AFP\"\/><\/figure>\n\n\n\n<figure class=\"wp-block-image\"><img alt=\"Steve Russell\/Toronto Star\"\/><\/figure>\n\n\n\n<figure class=\"wp-block-image\"><img alt=\"Martin Bernetti\/AFP\"\/><\/figure>\n\n\n\n<figure class=\"wp-block-image\"><img alt=\" Tayfun Coskun\/Anadolu Agency\"\/><\/figure>\n\n\n\n<figure class=\"wp-block-image\"><img alt=\"Fabio Teixeira\/Anadolu Agency\"\/><\/figure>\n\n\n\n<figure class=\"wp-block-image\"><img alt=\"Patrick T. Fallon\/AFP\"\/><\/figure>\n\n\n\n<figure class=\"wp-block-image\"><img alt=\"Steve Russell\/Toronto Star\"\/><\/figure>\n\n\n\n<ul><li><strong><a href=\"https:\/\/www.tecmundo.com.br\/ciencia\/238275-ouca-barulho-buraco-negro-audio-divulgado-nasa.htm\" target=\"_blank\" rel=\"noreferrer noopener\">Ou\u00e7a o barulho de um buraco negro em \u00e1udio divulgado pela NASA<\/a><\/strong><\/li><\/ul>\n\n\n\n<p>Como de costume, muitas pessoas tentaram assistir ao fen\u00f4meno em diferentes regi\u00f5es do Brasil. Infelizmente, alguns estados estavam com as nuvens carregadas, impedindo a visualiza\u00e7\u00e3o do eclipse. O momento, \u00e9 claro, tamb\u00e9m rendeu in\u00fameros memes nas redes sociais:<\/p>\n","protected":false},"excerpt":{"rendered":"<p>Giovanna Fantinato68 Compartilharam Na noite do \u00faltimo domingo (15) aconteceu o&nbsp;primeiro eclipse lunar&nbsp;total do ano. O fen\u00f4meno \u2014 que p\u00f4de ser visto em todo o Brasil \u2014 teve seu \u00e1pice<\/p>\n","protected":false},"author":1,"featured_media":7580,"comment_status":"closed","ping_status":"closed","sticky":false,"template":"","format":"standard","meta":[],"categories":[1],"tags":[],"_links":{"self":[{"href":"https:\/\/7ports.com.br\/index.php?rest_route=\/wp\/v2\/posts\/7579"}],"collection":[{"href":"https:\/\/7ports.com.br\/index.php?rest_route=\/wp\/v2\/posts"}],"about":[{"href":"https:\/\/7ports.com.br\/index.php?rest_route=\/wp\/v2\/types\/post"}],"author":[{"embeddable":true,"href":"https:\/\/7ports.com.br\/index.php?rest_route=\/wp\/v2\/users\/1"}],"replies":[{"embeddable":true,"href":"https:\/\/7ports.com.br\/index.php?rest_route=%2Fwp%2Fv2%2Fcomments&post=7579"}],"version-history":[{"count":2,"href":"https:\/\/7ports.com.br\/index.php?rest_route=\/wp\/v2\/posts\/7579\/revisions"}],"predecessor-version":[{"id":7582,"href":"https:\/\/7ports.com.br\/index.php?rest_route=\/wp\/v2\/posts\/7579\/revisions\/7582"}],"wp:featuredmedia":[{"embeddable":true,"href":"https:\/\/7ports.com.br\/index.php?rest_route=\/wp\/v2\/media\/7580"}],"wp:attachment":[{"href":"https:\/\/7ports.com.br\/index.php?rest_route=%2Fwp%2Fv2%2Fmedia&parent=7579"}],"wp:term":[{"taxonomy":"category","embeddable":true,"href":"https:\/\/7ports.com.br\/index.php?rest_route=%2Fwp%2Fv2%2Fcategories&post=7579"},{"taxonomy":"post_tag","embeddable":true,"href":"https:\/\/7ports.com.br\/index.php?rest_route=%2Fwp%2Fv2%2Ftags&post=7579"}],"curies":[{"name":"wp","href":"https:\/\/api.w.org\/{rel}","templated":true}]}}