
{"id":9021,"date":"2024-12-07T22:36:17","date_gmt":"2024-12-08T01:36:17","guid":{"rendered":"https:\/\/7ports.com.br\/?p=9021"},"modified":"2024-12-07T22:49:27","modified_gmt":"2024-12-08T01:49:27","slug":"em-sua-29a-edicao-trem-do-samba-agita-amantes-do-genero-musical-na-central-do-brasil","status":"publish","type":"post","link":"https:\/\/7ports.com.br\/?p=9021","title":{"rendered":"Em sua 29\u00aa edi\u00e7\u00e3o, Trem do Samba agita amantes do g\u00eanero musical na Central do Brasil"},"content":{"rendered":"\n<h2 class=\"wp-block-heading\">Evento, idealizado por Marquinhos Oswaldo Cruz, comemora o Dia Nacional do Samba, ocorrido na \u00faltima segunda-feira <\/h2>\n\n\n\n<figure class=\"wp-block-image\"><img decoding=\"async\" src=\"https:\/\/odia.ig.com.br\/_midias\/jpg\/2024\/12\/07\/1200x750\/1_trem_do_samba8-34786882.jpg\" alt=\"\"\/><\/figure>\n\n\n\n<p>Marquinhos de Oswaldo Cruz iniciou os shows na 29\u00aa Edi\u00e7\u00e3o do Trem do SambaReginaldo Pimenta \/ Ag\u00eancia O Dia<\/p>\n\n\n\n<p><a href=\"https:\/\/odia.ig.com.br\/autores\/?autor=romulo-cunha\"><\/a><\/p>\n\n\n\n<p><\/p>\n\n\n\n<p><a href=\"https:\/\/odia.ig.com.br\/autores\/?autor=romulo-cunha\">Romulo Cunharomulo.cunha@odia.com.br<\/a><\/p>\n\n\n\n<p>Publicado 07\/12\/2024 17:38 | Atualizado 07\/12\/2024 20:02<\/p>\n\n\n\n<p>Rio &#8211; A 29\u00aa edi\u00e7\u00e3o do Trem do Samba reuniu milhares de amantes do g\u00eanero musical para cantar e dan\u00e7ar, na tarde deste s\u00e1bado (7), em um palco montado na Central do Brasil, na regi\u00e3o central do Rio. O evento, idealizado por Marquinhos Oswaldo Cruz, comemora o Dia Nacional do Samba, ocorrido na \u00faltima segunda-feira (2).<\/p>\n","protected":false},"excerpt":{"rendered":"<p>Evento, idealizado por Marquinhos Oswaldo Cruz, comemora o Dia Nacional do Samba, ocorrido na \u00faltima segunda-feira Marquinhos de Oswaldo Cruz iniciou os shows na 29\u00aa Edi\u00e7\u00e3o do Trem do SambaReginaldo<\/p>\n","protected":false},"author":1,"featured_media":9027,"comment_status":"closed","ping_status":"","sticky":false,"template":"","format":"standard","meta":[],"categories":[1],"tags":[],"_links":{"self":[{"href":"https:\/\/7ports.com.br\/index.php?rest_route=\/wp\/v2\/posts\/9021"}],"collection":[{"href":"https:\/\/7ports.com.br\/index.php?rest_route=\/wp\/v2\/posts"}],"about":[{"href":"https:\/\/7ports.com.br\/index.php?rest_route=\/wp\/v2\/types\/post"}],"author":[{"embeddable":true,"href":"https:\/\/7ports.com.br\/index.php?rest_route=\/wp\/v2\/users\/1"}],"replies":[{"embeddable":true,"href":"https:\/\/7ports.com.br\/index.php?rest_route=%2Fwp%2Fv2%2Fcomments&post=9021"}],"version-history":[{"count":3,"href":"https:\/\/7ports.com.br\/index.php?rest_route=\/wp\/v2\/posts\/9021\/revisions"}],"predecessor-version":[{"id":9026,"href":"https:\/\/7ports.com.br\/index.php?rest_route=\/wp\/v2\/posts\/9021\/revisions\/9026"}],"wp:featuredmedia":[{"embeddable":true,"href":"https:\/\/7ports.com.br\/index.php?rest_route=\/wp\/v2\/media\/9027"}],"wp:attachment":[{"href":"https:\/\/7ports.com.br\/index.php?rest_route=%2Fwp%2Fv2%2Fmedia&parent=9021"}],"wp:term":[{"taxonomy":"category","embeddable":true,"href":"https:\/\/7ports.com.br\/index.php?rest_route=%2Fwp%2Fv2%2Fcategories&post=9021"},{"taxonomy":"post_tag","embeddable":true,"href":"https:\/\/7ports.com.br\/index.php?rest_route=%2Fwp%2Fv2%2Ftags&post=9021"}],"curies":[{"name":"wp","href":"https:\/\/api.w.org\/{rel}","templated":true}]}}