
{"id":9111,"date":"2025-01-25T05:49:56","date_gmt":"2025-01-25T08:49:56","guid":{"rendered":"https:\/\/7ports.com.br\/?p=9111"},"modified":"2025-01-25T06:01:37","modified_gmt":"2025-01-25T09:01:37","slug":"a-foto-que-exibe-o-bromance-dos-baroes-das-big-techs-com-trump","status":"publish","type":"post","link":"https:\/\/7ports.com.br\/?p=9111","title":{"rendered":"A foto que exibe o &#8216;bromance&#8217; dos bar\u00f5es das big techs com Trump"},"content":{"rendered":"\n<h2 class=\"wp-block-heading\">Os principais bilion\u00e1rios da tecnologia, incluindo alguns que foram cr\u00edticos de Trump durante seu primeiro mandato, compareceram \u00e0 cerim\u00f4nia de posse do republicano<\/h2>\n\n\n\n<p>Bilion\u00e1rios da tecnologia marcaram presen\u00e7a na&nbsp;<a class=\"\" href=\"https:\/\/g1.globo.com\/mundo\/noticia\/2025\/01\/20\/trump-capitolio-presidente-dos-eua.ghtml\">posse do presidente dos Estados Unidos, Donald Trump<\/a>.<\/p>\n\n\n\n<p>Al\u00e9m de dono da SpaceX e Tesla,&nbsp;<a class=\"\" href=\"https:\/\/g1.globo.com\/tudo-sobre\/elon-musk\/\">Elon Musk<\/a>, que ganhou um cargo no governo que come\u00e7a, nesta segunda-feira (20\/1) estavam em Washington o fundador da&nbsp;<a class=\"\" href=\"https:\/\/g1.globo.com\/tudo-sobre\/amazon\/\">Amazon<\/a>,&nbsp;<a class=\"\" href=\"https:\/\/g1.globo.com\/tudo-sobre\/jeff-bezos\/\">Jeff Bezos<\/a>, o CEO da&nbsp;<a class=\"\" href=\"https:\/\/g1.globo.com\/tudo-sobre\/meta\/\">Meta<\/a>,&nbsp;<a class=\"\" href=\"https:\/\/g1.globo.com\/tudo-sobre\/mark-zuckerberg\/\">Mark Zuckerberg<\/a>, o l\u00edder da&nbsp;<a class=\"\" href=\"https:\/\/g1.globo.com\/tudo-sobre\/apple\/\">Apple<\/a>,&nbsp;<a class=\"\" href=\"https:\/\/g1.globo.com\/tudo-sobre\/tim-cook\/\">Tim Cook<\/a>, e o diretor do&nbsp;<a class=\"\" href=\"https:\/\/g1.globo.com\/tudo-sobre\/google\/\">Google<\/a>,&nbsp;<a class=\"\" href=\"https:\/\/g1.globo.com\/tudo-sobre\/sundar-pichai\/\">Sundar Pichai<\/a>. Todos ocuparam assentos de destaque na Igreja de St. John e aparecem lado a lado em fotos da posse.<\/p>\n\n\n\n<p>O \u00faltimo evento p\u00fablico em Washington que reuniu o alto escal\u00e3o de tecnologia em uma mesma sala foi uma audi\u00eancia no Congresso de 2020.<\/p>\n\n\n\n<figure class=\"wp-block-embed\"><div class=\"wp-block-embed__wrapper\">\nhttps:\/\/dabb64f7de2fea57594df057183c4f38.safeframe.googlesyndication.com\/safeframe\/1-0-40\/html\/container.html\n<\/div><\/figure>\n\n\n\n<ul>\n<li><strong>V\u00cdDEO<\/strong>:&nbsp;<a class=\"\" href=\"https:\/\/g1.globo.com\/tecnologia\/noticia\/2025\/01\/20\/musk-cita-marte-em-evento-de-trump-e-diz-que-futuro-da-civilizacao-esta-garantido.ghtml\">gesto de Musk gera pol\u00eamica em evento da posse de Trump<\/a><\/li>\n\n\n\n<li><strong>FOTOS<\/strong>:&nbsp;<a class=\"\" href=\"https:\/\/g1.globo.com\/tecnologia\/noticia\/2025\/01\/20\/musk-zuckerberg-e-bezos-ceos-de-big-techs-comparecem-a-posse-de-trump-nos-eua.ghtml\">CEO do TikTok, Sam Altman tiete&#8230; os figur\u00f5es da tecnologia na posse<\/a><\/li>\n<\/ul>\n\n\n\n<p>Na ocasi\u00e3o, uma comiss\u00e3o investigava se&nbsp;<a class=\"\" href=\"https:\/\/g1.globo.com\/tudo-sobre\/facebook\/\">Facebook<\/a>,&nbsp;<a class=\"\" href=\"https:\/\/g1.globo.com\/tudo-sobre\/google\/\">Google<\/a>,&nbsp;<a class=\"\" href=\"https:\/\/g1.globo.com\/tudo-sobre\/amazon\/\">Amazon<\/a>&nbsp;e&nbsp;<a class=\"\" href=\"https:\/\/g1.globo.com\/tudo-sobre\/apple\/\">Apple<\/a>&nbsp;aplicavam pr\u00e1tica de monop\u00f3lio e abuso de posi\u00e7\u00e3o dominante no mercado. Zuckerberg, Bezos, Pichai e Cook estavam na audi\u00eancia.<\/p>\n\n\n\n<blockquote class=\"wp-block-quote\">\n<p>A presen\u00e7a em peso dos chef\u00f5es da tecnologia refor\u00e7a o&nbsp;<em>bromance,&nbsp;<\/em>express\u00e3o do ingl\u00eas que se refere a um relacionamento \u00edntimo entre homens, entre os executivos e Trump.<\/p>\n<\/blockquote>\n\n\n\n<ul>\n<li><a class=\"\" href=\"https:\/\/g1.globo.com\/tecnologia\/noticia\/2025\/01\/20\/musk-zuckerberg-e-bezos-ceos-de-big-techs-comparecem-a-posse-de-trump-nos-eua.ghtml\">&#8216;O retorno do rei&#8217;: Musk comemora volta de Trump ao X<\/a><\/li>\n<\/ul>\n\n\n\n<figure class=\"wp-block-embed\"><div class=\"wp-block-embed__wrapper\">\nhttps:\/\/imasdk.googleapis.com\/js\/core\/bridge3.682.0_pt_br.html#goog_1767032880\n<\/div><\/figure>\n\n\n\n<p><video muted=\"true\" preload=\"none\" poster=\"https:\/\/s04.video.glbimg.com\/x360\/13273523.jpg\" src=\"blob:https:\/\/g1.globo.com\/13142bec-6b04-4471-8e2d-03497c21ece7\"><\/video>Compartilhar v\u00eddeoPausar<\/p>\n\n\n\n<p>00:11\/00:43Ativar somMinimizar v\u00eddeoTela cheiaAtivar som<\/p>\n\n\n\n<p>Elon Musk comemora ideia de os EUA colocarem uma bandeira em Marte<\/p>\n\n\n\n<p>Al\u00e9m dos que est\u00e3o na foto, tamb\u00e9m foi ao evento da posse o CEO do&nbsp;<a class=\"\" href=\"https:\/\/g1.globo.com\/tudo-sobre\/tiktok\/\">TikTok<\/a>, Shou Chew. A presen\u00e7a do executivo chin\u00eas acontece em meio \u00e0&nbsp;<a class=\"\" href=\"https:\/\/g1.globo.com\/tecnologia\/noticia\/2025\/01\/19\/tiktok-situacao-rede-social-estados-unidos.ghtml\">discuss\u00e3o sobre o futuro da rede social nos EUA<\/a>.&nbsp;<a class=\"\" href=\"https:\/\/g1.globo.com\/tecnologia\/noticia\/2025\/01\/19\/salve-o-tiktok-diz-trump-apos-aplicativo-sair-do-ar-no-eua.ghtml\">Trump j\u00e1 revelou sua inten\u00e7\u00e3o de adiar a proibi\u00e7\u00e3o da plataforma<\/a>&nbsp;prevista em uma lei americana por meio de uma ordem executiva, com dura\u00e7\u00e3o de 90 dias.<\/p>\n\n\n\n<figure class=\"wp-block-embed\"><div class=\"wp-block-embed__wrapper\">\nhttps:\/\/dabb64f7de2fea57594df057183c4f38.safeframe.googlesyndication.com\/safeframe\/1-0-40\/html\/container.html\n<\/div><\/figure>\n\n\n\n<p>As rela\u00e7\u00f5es nem sempre foram boas assim. Aliados de Trump j\u00e1 defenderam o banimento do&nbsp;<a class=\"\" href=\"https:\/\/g1.globo.com\/tudo-sobre\/tiktok\/\">TikTok<\/a>&nbsp;no passado.&nbsp;<a class=\"\" href=\"https:\/\/g1.globo.com\/tecnologia\/noticia\/2025\/01\/08\/nova-era-entenda-o-vai-e-vem-na-relacao-de-zuckerberg-e-trump.ghtml\">O presidente americano, por exemplo, j\u00e1 foi um cr\u00edtico voraz da Meta<\/a>&nbsp;e de sua abordagem \u00e0 modera\u00e7\u00e3o de conte\u00fado, chamando o&nbsp;<a class=\"\" href=\"https:\/\/g1.globo.com\/tudo-sobre\/facebook\/\">Facebook<\/a>&nbsp;de &#8220;um inimigo do povo&#8221; em mar\u00e7o de 2024.<\/p>\n\n\n\n<p>Mas com Zuckerberg as coisas melhoraram desde ent\u00e3o: o CEO da&nbsp;<a class=\"\" href=\"https:\/\/g1.globo.com\/tudo-sobre\/meta\/\">Meta<\/a>&nbsp;jantou na casa de Trump na Fl\u00f3rida, em Mar-a-Lago, e&nbsp;<a class=\"\" href=\"https:\/\/g1.globo.com\/tecnologia\/noticia\/2024\/12\/13\/meta-de-zuckerberg-e-amazon-de-bezos-doacao-us-1-milhao-cada-para-a-posse-de-trump.ghtml\">a empresa doou US$ 1 milh\u00e3o (cerca de R$ 6,2 milh\u00f5es) para um fundo para o evento de posse de Trump<\/a>.<\/p>\n\n\n\n<p>No in\u00edcio deste m\u00eas, Zuckerberg anunciou novas diretrizes da&nbsp;<a class=\"\" href=\"https:\/\/g1.globo.com\/tudo-sobre\/meta\/\">Meta<\/a>&nbsp;em que declarou que era&nbsp;<a class=\"\" href=\"https:\/\/g1.globo.com\/tecnologia\/noticia\/2025\/01\/07\/meta-sistema-de-checagem-de-fatos-e-notas-de-comunidade-como-no-x.ghtml\">&#8220;hora de voltar \u00e0s nossas ra\u00edzes, em torno da liberdade de express\u00e3o&#8221;<\/a>.<\/p>\n\n\n\n<blockquote class=\"wp-block-quote\">\n<p>&#8220;As elei\u00e7\u00f5es mais recentes parecem sinalizar um ponto de virada cultural para, mais uma vez, dar prioridade \u00e0 liberdade de express\u00e3o&#8221;, disse Zuckerberg.<\/p>\n<\/blockquote>\n\n\n\n<p>No v\u00eddeo, o presidente-executivo da empresa de tecnologia anunciou que est\u00e1 abandonando o uso de checagem independente de fatos no&nbsp;<a class=\"\" href=\"https:\/\/g1.globo.com\/tudo-sobre\/facebook\/\">Facebook<\/a>&nbsp;e no Instagram.<\/p>\n\n\n\n<p>O an\u00fancio foi celebrado por apoiadores de Trump, que classificaram a medida como um esfor\u00e7o para &#8220;reduzir a censura&#8221; no&nbsp;<a class=\"\" href=\"https:\/\/g1.globo.com\/tudo-sobre\/facebook\/\">Facebook<\/a>&nbsp;e Instagram.<\/p>\n\n\n\n<p>Em mais um gesto de aproxima\u00e7\u00e3o,&nbsp;<a class=\"\" href=\"https:\/\/g1.globo.com\/tecnologia\/noticia\/2025\/01\/06\/chefao-do-ufc-e-apoiador-de-trump-se-junta-ao-conselho-da-meta-semanas-antes-do-inicio-do-novo-governo-nos-eua.ghtml\">Zuckerberg anunciou Dana White, presidente-executivo do Ultimate Fighting Championship (UFC)<\/a>&nbsp;e apoiador de longa data de Trump, faria parte do conselho administrativo da&nbsp;<a class=\"\" href=\"https:\/\/g1.globo.com\/tudo-sobre\/meta\/\">Meta<\/a>.<\/p>\n\n\n\n<figure class=\"wp-block-embed\"><div class=\"wp-block-embed__wrapper\">\nhttps:\/\/dabb64f7de2fea57594df057183c4f38.safeframe.googlesyndication.com\/safeframe\/1-0-40\/html\/container.html\n<\/div><\/figure>\n\n\n\n<p><strong>LEIA TAMB\u00c9M:<\/strong><\/p>\n\n\n\n<ul>\n<li><a class=\"\" href=\"https:\/\/g1.globo.com\/tecnologia\/noticia\/2025\/01\/20\/de-defensor-da-proibicao-a-salvador-da-rede-social-os-bastidores-da-mudanca-de-trump-em-relacao-ao-tiktok.ghtml\">De cr\u00edtico do TikTok a &#8216;salvador&#8217;: entenda como Trump mudou de posi\u00e7\u00e3o sobre a rede social<\/a><\/li>\n\n\n\n<li><a class=\"\" href=\"https:\/\/g1.globo.com\/tecnologia\/noticia\/2025\/01\/20\/perfil-oficial-do-presidente-dos-eua-nas-redes-ja-mostra-trump-no-lugar-de-biden.ghtml\">Perfil oficial do presidente dos EUA nas redes j\u00e1 mostra Trump no lugar de Biden<\/a><\/li>\n<\/ul>\n\n\n\n<h2 class=\"wp-block-heading\">Quem \u00e9 quem na foto<\/h2>\n\n\n\n<figure class=\"wp-block-image\"><img decoding=\"async\" src=\"https:\/\/s2-g1.glbimg.com\/EhLNYP8-yBIXp8ia0O7y4iWKxys=\/0x0:1024x683\/984x0\/smart\/filters:strip_icc()\/i.s3.glbimg.com\/v1\/AUTH_59edd422c0c84a879bd37670ae4f538a\/internal_photos\/bs\/2025\/B\/D\/T5YY7CQiyqwfvEeVslnw\/ap25020588638737.jpg\" alt=\"O CEO da Meta, Mark Zuckerberg, no centro, e sua esposa Priscilla Chan, \u00e0 esquerda, chegam antes de Donald Trump \u2014 Foto: Chip Somodevilla\/Pool Photo via AP\"\/><\/figure>\n\n\n\n<p>O CEO da Meta, Mark Zuckerberg, no centro, e sua esposa Priscilla Chan, \u00e0 esquerda, chegam antes de Donald Trump \u2014 Foto: Chip Somodevilla\/Pool Photo via AP<\/p>\n\n\n\n<figure class=\"wp-block-image\"><img decoding=\"async\" src=\"https:\/\/s2-g1.glbimg.com\/pe4QeIMa3rJiL8pbTkmO_iDbStY=\/0x0:1024x684\/984x0\/smart\/filters:strip_icc()\/i.s3.glbimg.com\/v1\/AUTH_59edd422c0c84a879bd37670ae4f538a\/internal_photos\/bs\/2025\/x\/v\/1KIXA9Sbqq8JBo2cx97w\/ap25020578297305.jpg\" alt=\"Jeff Bezos chega \u00e0 posse de Donald Trump \u2014 Foto: AP Photo\/Julia Demaree Nikhinson, Pool\"\/><\/figure>\n\n\n\n<p>Jeff Bezos chega \u00e0 posse de Donald Trump \u2014 Foto: AP Photo\/Julia Demaree Nikhinson, Pool<\/p>\n\n\n\n<figure class=\"wp-block-embed\"><div class=\"wp-block-embed__wrapper\">\nhttps:\/\/dabb64f7de2fea57594df057183c4f38.safeframe.googlesyndication.com\/safeframe\/1-0-40\/html\/container.html\n<\/div><\/figure>\n\n\n\n<figure class=\"wp-block-image\"><img decoding=\"async\" src=\"https:\/\/s2-g1.glbimg.com\/A1od7s816SIr5Mc-7tXEj8NfyPs=\/0x0:5013x3344\/984x0\/smart\/filters:strip_icc()\/i.s3.glbimg.com\/v1\/AUTH_59edd422c0c84a879bd37670ae4f538a\/internal_photos\/bs\/2025\/s\/M\/YyDXslRnaoaCAHjDXncQ\/000-36ur868.jpg\" alt=\"Sundar Pichai (Google) na posse de Donald Trump, ao lado de Elon Musk (Tesla, Space X e X) \u2014 Foto: SHAWN THEW \/ POOL \/ POOL \/ AFP\"\/><\/figure>\n\n\n\n<p>Sundar Pichai (Google) na posse de Donald Trump, ao lado de Elon Musk (Tesla, Space X e X) \u2014 Foto: SHAWN THEW \/ POOL \/ POOL \/ AFP<\/p>\n\n\n\n<h2 class=\"wp-block-heading\">&#8216;Todo mundo quer ser meu amigo&#8217;<\/h2>\n\n\n\n<p>Muitos desses executivos foram dos primeiros cr\u00edticos de Trump durante seu primeiro mandato e se manifestaram sobre quest\u00f5es como mudan\u00e7as clim\u00e1ticas e imigra\u00e7\u00e3o.<\/p>\n\n\n\n<p>Hoje, a maioria dessas empresas ainda enfrenta quest\u00f5es pendentes s\u00e9rias com o governo dos EUA, incluindo processos antimonop\u00f3lio, investiga\u00e7\u00f5es, disputas regulat\u00f3rias e tarifas.<\/p>\n\n\n\n<p>Donald MacKenzie, soci\u00f3logo da Ci\u00eancia e Tecnologia e professor da Universidade de Edimburgo, afirma que o momento \u00e9 de readequa\u00e7\u00e3o, com as grandes corpora\u00e7\u00f5es americanas se preparando para o segundo mandato de Trump, que promete ser um per\u00edodo de transforma\u00e7\u00e3o ainda maior do que o primeiro.<\/p>\n\n\n\n<blockquote class=\"wp-block-quote\">\n<p>&#8220;As corpora\u00e7\u00f5es americanas sabem que esse \u00e9 um momento de grande mudan\u00e7a &#8211; e que \u00e9 muito melhor para elas ficaram do lado dessa mudan\u00e7a do que se opor a ela&#8221;, disse \u00e0 BBC News Brasil.<\/p>\n<\/blockquote>\n\n\n\n<p>Qu\u00e3o duradouro ser\u00e1 esse&nbsp;<em>bromance<\/em>&nbsp;com a tecnologia e at\u00e9 que ponto Trump pressionar\u00e1 em muitas dessas quest\u00f5es permanecem inc\u00f3gnitas.<\/p>\n\n\n\n<p>O presidente parece estar confort\u00e1vel com a aproxima\u00e7\u00e3o. Ele escreveu nas redes sociais no m\u00eas passado: &#8220;Todo mundo quer ser meu amigo!!!&#8221;<\/p>\n\n\n\n<p>Mas as novas amizades de Trump com executivos de tecnologia n\u00e3o foram bem recebidas por todos em seu c\u00edrculo.<\/p>\n\n\n\n<p>No domingo, o ex-estrategista-chefe da Casa Branca de Trump, Steve Bannon, chamou Musk de &#8220;um cara verdadeiramente maligno&#8221;.<\/p>\n\n\n\n<blockquote class=\"wp-block-quote\">\n<p>&#8220;Eu olho para isso e acho que a maioria das pessoas no nosso movimento olha para isso como: o Presidente Trump derrotou os oligarcas, ele os quebrou e eles se renderam&#8221;, disse Bannon \u00e0 ABC News.<\/p>\n<\/blockquote>\n","protected":false},"excerpt":{"rendered":"<p>Os principais bilion\u00e1rios da tecnologia, incluindo alguns que foram cr\u00edticos de Trump durante seu primeiro mandato, compareceram \u00e0 cerim\u00f4nia de posse do republicano Bilion\u00e1rios da tecnologia marcaram presen\u00e7a na&nbsp;posse do<\/p>\n","protected":false},"author":1,"featured_media":9112,"comment_status":"closed","ping_status":"open","sticky":false,"template":"","format":"standard","meta":[],"categories":[1],"tags":[],"_links":{"self":[{"href":"https:\/\/7ports.com.br\/index.php?rest_route=\/wp\/v2\/posts\/9111"}],"collection":[{"href":"https:\/\/7ports.com.br\/index.php?rest_route=\/wp\/v2\/posts"}],"about":[{"href":"https:\/\/7ports.com.br\/index.php?rest_route=\/wp\/v2\/types\/post"}],"author":[{"embeddable":true,"href":"https:\/\/7ports.com.br\/index.php?rest_route=\/wp\/v2\/users\/1"}],"replies":[{"embeddable":true,"href":"https:\/\/7ports.com.br\/index.php?rest_route=%2Fwp%2Fv2%2Fcomments&post=9111"}],"version-history":[{"count":1,"href":"https:\/\/7ports.com.br\/index.php?rest_route=\/wp\/v2\/posts\/9111\/revisions"}],"predecessor-version":[{"id":9113,"href":"https:\/\/7ports.com.br\/index.php?rest_route=\/wp\/v2\/posts\/9111\/revisions\/9113"}],"wp:featuredmedia":[{"embeddable":true,"href":"https:\/\/7ports.com.br\/index.php?rest_route=\/wp\/v2\/media\/9112"}],"wp:attachment":[{"href":"https:\/\/7ports.com.br\/index.php?rest_route=%2Fwp%2Fv2%2Fmedia&parent=9111"}],"wp:term":[{"taxonomy":"category","embeddable":true,"href":"https:\/\/7ports.com.br\/index.php?rest_route=%2Fwp%2Fv2%2Fcategories&post=9111"},{"taxonomy":"post_tag","embeddable":true,"href":"https:\/\/7ports.com.br\/index.php?rest_route=%2Fwp%2Fv2%2Ftags&post=9111"}],"curies":[{"name":"wp","href":"https:\/\/api.w.org\/{rel}","templated":true}]}}