
{"id":9115,"date":"2025-01-25T06:03:24","date_gmt":"2025-01-25T09:03:24","guid":{"rendered":"https:\/\/7ports.com.br\/?p=9115"},"modified":"2025-01-25T06:04:41","modified_gmt":"2025-01-25T09:04:41","slug":"voo-com-deportados-dos-eua-chega-ao-brasil-nesta-sexta-mas-sem-relacao-com-trump","status":"publish","type":"post","link":"https:\/\/7ports.com.br\/?p=9115","title":{"rendered":"Voo com deportados dos EUA chega ao Brasil nesta sexta, mas sem rela\u00e7\u00e3o com Trump"},"content":{"rendered":"\n<p>Por Guilherme Grandi<\/p>\n\n\n\n<p>24\/01\/2025 \u00e0s 13:05<\/p>\n\n\n\n<p>Atualizado em<\/p>\n\n\n\n<p>24\/01\/2025 \u00e0s 13:05<\/p>\n\n\n\n<p>8<\/p>\n\n\n\n<p>Voo trar\u00e1 88 brasileiros deportados dos EUA em um entendimento firmado ainda sob o governo Temer, em 2017. (Foto: reprodu\u00e7\u00e3o\/X Karoline Leavitt)<br>56 felizes<\/p>\n\n\n\n<p>Ou\u00e7a este conte\u00fado<\/p>\n\n\n\n<p>O primeiro voo com brasileiros deportados dos Estados Unidos j\u00e1 sob o governo de Donald Trump chega ao Brasil na noite desta sexta (24) com 88 pessoas, mas sem rela\u00e7\u00e3o com a nova pol\u00edtica de imigra\u00e7\u00e3o decidida por ele ao tomar posse na \u00faltima segunda (20).<\/p>\n\n\n\n<p>O avi\u00e3o pousar\u00e1 no Aeroporto Internacional de Belo Horizonte\/Confins e \u00e9 o segundo deste ano, sendo o primeiro no in\u00edcio de janeiro, segundo confirmou o Minist\u00e9rio das Rela\u00e7\u00f5es Exteriores \u00e0 Gazeta do Povo.<\/p>\n\n\n\n<p>Ainda de acordo com a pasta, o voo faz parte de um entendimento entre os governos do Brasil e dos Estados Unidos firmado em 2017, ainda sob a gest\u00e3o do ent\u00e3o presidente Michel Temer (MDB), que estabeleceu que brasileiros autuados pelas autoridades americanas s\u00f3 podem ser deportados ap\u00f3s o esgotamento de todos os recursos poss\u00edveis para continuarem l\u00e1.<\/p>\n\n\n\n<p>VEJA TAMB\u00c9M:<\/p>\n\n\n\n<p>Bolsonaro compara brasileiros ilegais nos EUA a invasores do MST<br>O acordo estabeleceu uma certa regularidade para a deporta\u00e7\u00e3o de brasileiros para que n\u00e3o fiquem muito tempo em situa\u00e7\u00e3o de deten\u00e7\u00e3o nos Estados Unidos, com uma m\u00e9dia de um voo por m\u00eas desde ent\u00e3o. O transporte \u00e9 feito por avi\u00f5es do governo americano.<\/p>\n\n\n\n<p>Ainda segundo o Itamaraty outros voos ocorrer\u00e3o ainda sob esse entendimento de 2017 \u201cat\u00e9 segunda ordem\u201d da nova pol\u00edtica de imigra\u00e7\u00e3o de Trump. A Gazeta do Povo procurou a embaixada dos Estados Unidos no Brasil para tamb\u00e9m confirmar a opera\u00e7\u00e3o de deporta\u00e7\u00e3o e aguarda retorno.<\/p>\n\n\n\n<p>A possibilidade de que brasileiros poderiam ser deportados nesta sexta (24) surgiu ap\u00f3s a porta-voz da Casa Branca, Karoline Leavitt, postar uma mensagem nas redes sociais com uma imagem de pessoas fazendo fila para embarcar em um avi\u00e3o militar.<\/p>\n\n\n\n<p>\u201cOs voos de deporta\u00e7\u00e3o come\u00e7aram. O presidente Trump est\u00e1 enviando uma mensagem forte e clara ao mundo inteiro: se voc\u00ea entrar ilegalmente nos Estados Unidos da Am\u00e9rica, enfrentar\u00e1 consequ\u00eancias severas\u201d, disse na mensagem:<\/p>\n\n\n\n<p>Deportation flights have begun.<\/p>\n\n\n\n<p>President Trump is sending a strong and clear message to the entire world: if you illegally enter the United States of America, you will face severe consequences. pic.twitter.com\/CTlG8MRcY1<\/p>\n\n\n\n<p>\u2014 Karoline Leavitt (@PressSec) January 24, 2025<br>Na quinta (23), ela publicou que o governo Trump prendeu 538 \u201ccriminosos imigrantes ilegais, incluindo um suspeito de terrorismo, quatro membros da gangue Tren de Aragua e v\u00e1rios imigrantes ilegais condenados por crimes sexuais contra menores\u201d, como uma forma de \u201cpromessas feitas, promessas cumpridas\u201d.<\/p>\n\n\n\n<p>Entre as novas medidas impostas por Trump est\u00e3o o restabelecimento da pol\u00edtica \u201cPermane\u00e7a no M\u00e9xico\u201d e a retomada da constru\u00e7\u00e3o do muro na fronteira com o pa\u00eds, a revoga\u00e7\u00e3o de cerca de 80 decretos da gest\u00e3o Biden sobre imigra\u00e7\u00e3o e a suspens\u00e3o de ref\u00fagios por quatro meses.<\/p>\n\n\n\n<p>Al\u00e9m disso, Trump eliminou o direito autom\u00e1tico \u00e0 cidadania para nascidos nos Estados Unidos e declarou emerg\u00eancia na fronteira, autorizando o envio de militares para a regi\u00e3o.<\/p>\n\n\n\n<p>Leia mais em: https:\/\/www.gazetadopovo.com.br\/republica\/voo-deportados-eua-brasil-sexta-sem-relacao-trump\/<br>Copyright \u00a9 2025, Gazeta do Povo. Todos os direitos reservados.<\/p>\n","protected":false},"excerpt":{"rendered":"<p>Por Guilherme Grandi 24\/01\/2025 \u00e0s 13:05 Atualizado em 24\/01\/2025 \u00e0s 13:05 8 Voo trar\u00e1 88 brasileiros deportados dos EUA em um entendimento firmado ainda sob o governo Temer, em 2017.<\/p>\n","protected":false},"author":1,"featured_media":9117,"comment_status":"closed","ping_status":"closed","sticky":false,"template":"","format":"standard","meta":[],"categories":[1],"tags":[],"_links":{"self":[{"href":"https:\/\/7ports.com.br\/index.php?rest_route=\/wp\/v2\/posts\/9115"}],"collection":[{"href":"https:\/\/7ports.com.br\/index.php?rest_route=\/wp\/v2\/posts"}],"about":[{"href":"https:\/\/7ports.com.br\/index.php?rest_route=\/wp\/v2\/types\/post"}],"author":[{"embeddable":true,"href":"https:\/\/7ports.com.br\/index.php?rest_route=\/wp\/v2\/users\/1"}],"replies":[{"embeddable":true,"href":"https:\/\/7ports.com.br\/index.php?rest_route=%2Fwp%2Fv2%2Fcomments&post=9115"}],"version-history":[{"count":1,"href":"https:\/\/7ports.com.br\/index.php?rest_route=\/wp\/v2\/posts\/9115\/revisions"}],"predecessor-version":[{"id":9116,"href":"https:\/\/7ports.com.br\/index.php?rest_route=\/wp\/v2\/posts\/9115\/revisions\/9116"}],"wp:featuredmedia":[{"embeddable":true,"href":"https:\/\/7ports.com.br\/index.php?rest_route=\/wp\/v2\/media\/9117"}],"wp:attachment":[{"href":"https:\/\/7ports.com.br\/index.php?rest_route=%2Fwp%2Fv2%2Fmedia&parent=9115"}],"wp:term":[{"taxonomy":"category","embeddable":true,"href":"https:\/\/7ports.com.br\/index.php?rest_route=%2Fwp%2Fv2%2Fcategories&post=9115"},{"taxonomy":"post_tag","embeddable":true,"href":"https:\/\/7ports.com.br\/index.php?rest_route=%2Fwp%2Fv2%2Ftags&post=9115"}],"curies":[{"name":"wp","href":"https:\/\/api.w.org\/{rel}","templated":true}]}}