
{"id":9118,"date":"2025-01-25T06:17:49","date_gmt":"2025-01-25T09:17:49","guid":{"rendered":"https:\/\/7ports.com.br\/?p=9118"},"modified":"2025-01-25T06:20:06","modified_gmt":"2025-01-25T09:20:06","slug":"operacao-no-morro-do-alemao-apreende-droga-e-armamentos","status":"publish","type":"post","link":"https:\/\/7ports.com.br\/?p=9118","title":{"rendered":"Opera\u00e7\u00e3o no Morro do Alem\u00e3o apreende droga e armamentos."},"content":{"rendered":"\n<figure class=\"wp-block-image\"><img decoding=\"async\" src=\"https:\/\/acervo.oglobo.globo.com\/incoming\/22469798-ca9-a25\/imagemHorizontalFotogaleria\/Drogas.jpg\" alt=\"Apreens\u00f5es de drogas no Rio | Acervo\"\/><\/figure>\n\n\n\n<h1 class=\"wp-block-heading\">Megaopera\u00e7\u00e3o no Alem\u00e3o e na Penha deixa 5 mortos e 9 feridos<\/h1>\n\n\n\n<h2 class=\"wp-block-heading\">Mortos s\u00e3o um jardineiro atingido por bala perdida perto do BRT e menor de idade suspeito de integrar o tr\u00e1fico. PM est\u00e1 feriado em estado grave, e moradora foi baleada deitada na cama ao lado do filho. A\u00e7\u00e3o foi para conter o avan\u00e7o de fac\u00e7\u00f5es e combater o roubo de ve\u00edculos e cargas.<\/h2>\n\n\n\n<p>Por Betinho Casas Novas, Vict\u00f3ria Henrique,&nbsp;<a href=\"https:\/\/g1.globo.com\/autores\/rafael-nascimento\/\">Rafael Nascimento<\/a>,&nbsp;<a href=\"https:\/\/g1.globo.com\/autores\/filipe-brasil\/\">Filipe Brasil<\/a>, Leandro Oliveira, Leo Hamawaki, g1 Rio, TV Globo e GloboNews<\/p>\n\n\n\n<p>24\/01\/2025 06h00&nbsp;&nbsp;Atualizado&nbsp;h\u00e1 10 horas<\/p>\n\n\n\n<p>https:\/\/imasdk.googleapis.com\/js\/core\/bridge3.682.0_pt_br.html#goog_1340772294Reproduzir v\u00eddeo<\/p>\n\n\n\n<p><video muted=\"\" preload=\"none\" poster=\"https:\/\/s03.video.glbimg.com\/x360\/13286022.jpg\"><\/video>Reproduzir<\/p>\n\n\n\n<p>00:00\/07:56Silenciar somMinimizar v\u00eddeoTela cheia<\/p>\n\n\n\n<p>Opera\u00e7\u00e3o policial no Alem\u00e3o e na Penha tem intensos tiroteios; jardineiro morre por bala perdida<\/p>\n\n\n\n<figure class=\"wp-block-embed\"><div class=\"wp-block-embed__wrapper\">\nhttps:\/\/fd397d5d24975701638529872fbee2ca.safeframe.googlesyndication.com\/safeframe\/1-0-40\/html\/container.html\n<\/div><\/figure>\n\n\n\n<p><strong>Cinco pessoas morreram<\/strong>&nbsp;e ao menos&nbsp;<strong>nove ficaram feridas&nbsp;<\/strong>durante mais uma fase da&nbsp;<strong>Opera\u00e7\u00e3o Torniquete<\/strong>, nesta sexta-feira (24).<\/p>\n\n\n\n<p>A a\u00e7\u00e3o permanente das for\u00e7as de seguran\u00e7a do RJ \u00e9 contra o roubo de ve\u00edculos e de cargas. Desta vez, foi nos complexos do Alem\u00e3o e da Penha, na Zona Norte do&nbsp;<a class=\"\" href=\"https:\/\/g1.globo.com\/rj\/rio-de-janeiro\/cidade\/rio-de-janeiro\/\">Rio de Janeiro<\/a>. Um&nbsp;<strong>foragido da Justi\u00e7a foi preso<\/strong>.<\/p>\n\n\n\n<p><strong>Mortos:<\/strong><\/p>\n\n\n\n<ul>\n<li>O&nbsp;<a class=\"\" href=\"https:\/\/g1.globo.com\/rj\/rio-de-janeiro\/noticia\/2025\/01\/24\/prima-de-jardineiro-morto-na-penha-em-operacao-policial.ghtml\">jardineiro Carlos Andr\u00e9 Vasconcellos dos Santos<\/a>&nbsp;morreu ap\u00f3s ser atingido por uma bala perdida perto do BRT da Penha. Ele tinha&nbsp;<strong>35 anos<\/strong>&nbsp;e estava tomando caf\u00e9 quando foi ferido.<\/li>\n\n\n\n<li>Um menor de idade, de 16 anos que, segundo a pol\u00edcia, \u00e9 envolvido com o tr\u00e1fico tamb\u00e9m foi baleado e morto.<\/li>\n\n\n\n<li>Um idoso de 67 anos identificado como Geraldo Carlos Barbosa dos Reis, que foi baleado, levado para a UPA do Alem\u00e3o e n\u00e3o resistiu.<\/li>\n\n\n\n<li>Antonio Julio Claudio, de 53 anos<\/li>\n\n\n\n<li>Um homem de 21 anos, identificado como Ryan Muniz de Oliveira.<\/li>\n<\/ul>\n\n\n\n<p><strong>Feridos:<\/strong><\/p>\n\n\n\n<ul>\n<li>O&nbsp;<strong>policial militar<\/strong>&nbsp;Diogo Marinho Rodrigues Jord\u00e3o, do Batalh\u00e3o de Choque, foi baleado foi levado para o Hospital Get\u00falio Vargas e, at\u00e9 o in\u00edcio da tarde, estava em&nbsp;<strong>estado grav\u00edssimo.<\/strong><\/li>\n\n\n\n<li>Anna Luiza Barbosa Roupa, de 18 anos ferida na cabe\u00e7a. Ela foi socorrida por vizinhos para o Hospital Get\u00falio Vargas e&nbsp;<strong>recebeu alta<\/strong>.<\/li>\n\n\n\n<li>Wander Souza dos Santos, de 21 anos, foi atingido dentro de casa e est\u00e1 internado no Get\u00falio Vargas, com quadro de sa\u00fade&nbsp;<strong>est\u00e1vel<\/strong>.<\/li>\n\n\n\n<li><strong>Moradora&nbsp;<\/strong>ferida no joelho atendida no HGV, com quadro&nbsp;<strong>est\u00e1vel<\/strong>.<\/li>\n\n\n\n<li><strong>Nathalicia Joventino da Cunha<\/strong>, de 48 anos, atingida no bra\u00e7o perto do hospital, ao lado do filho. Foi atendida no HGV e tem quadro&nbsp;<strong>est\u00e1vel<\/strong>.<\/li>\n\n\n\n<li><strong>Isnaia Rangel de Souza<\/strong>, de 61 anos, levada para a UPA do Alem\u00e3o, foi atendida e&nbsp;<strong>liberada<\/strong>.<\/li>\n\n\n\n<li>Al\u00e9m de mais 3 feridos levados para a UPA do Alem\u00e3o.<\/li>\n<\/ul>\n\n\n\n<p>Um desmanche de ve\u00edculos roubados foi encontrado na comunidade da Fazendinha, e cerca de 1 tonelada de droga foi achada em uma casa. Em outros pontos, os policiais acharam uma estufa de maconha e uma mala com pasta base de coca\u00edna e um carro. As drogas foram apreendidas e ser\u00e3o periciadas.<\/p>\n\n\n\n<p>Segundo a pol\u00edcia, tamb\u00e9m houve apreens\u00e3o de um granada e outras armas.<\/p>\n\n\n\n<h2 class=\"wp-block-heading\">Casas destru\u00eddas<\/h2>\n\n\n\n<p>https:\/\/imasdk.googleapis.com\/js\/core\/bridge3.682.0_pt_br.html#goog_1340772296Reproduzir v\u00eddeo<\/p>\n\n\n\n<p><video muted=\"\" preload=\"none\" poster=\"https:\/\/s02.video.glbimg.com\/x360\/13285333.jpg\"><\/video>Reproduzir<\/p>\n\n\n\n<p>&#8211;:&#8211;\/&#8211;:&#8211;Silenciar somMinimizar v\u00eddeoTela cheia<\/p>\n\n\n\n<p>Casa de moradora \u00e9 atingida por dezenas de tiros durante opera\u00e7\u00e3o no Complexo do Alem\u00e3o<\/p>\n\n\n\n<p>Cerca de&nbsp;<strong>500 agentes das pol\u00edcias Civil e Militar<\/strong>&nbsp;prepararam um cerco \u00e0s comunidades por volta das 4h, e logo as equipes foram recebidas a tiros. Houve revide, o que levou&nbsp;a intensos tiroteios em diferentes pontos dos complexos.<\/p>\n\n\n\n<p>Moradores do Alem\u00e3o&nbsp;<a class=\"\" href=\"https:\/\/g1.globo.com\/rj\/rio-de-janeiro\/noticia\/2025\/01\/24\/marcas-de-tiros-casas-alemao.ghtml\">fizeram v\u00eddeos de danos em casa por balas perdidas<\/a>. Uma delas&nbsp;por pouco n\u00e3o foi reduzida a escombros.<\/p>\n\n\n\n<p>As equipes tamb\u00e9m tiveram de remover barricadas nos acessos \u00e0s comunidades.<\/p>\n\n\n\n<p>Durante a a\u00e7\u00e3o na Penha, os policiais encontraram eletrodom\u00e9sticos variados, como aparelhos de ar-condicionado, televis\u00f5es, geladeiras e fog\u00f5es, e outros produtos ainda empacotados. O material estava numa casa vazia na Chatuba. Na casa ao lado, tamb\u00e9m havia muitas caixas espalhadas pelos c\u00f4modos. A pol\u00edcia acredita que a carga seja roubada.<\/p>\n\n\n\n<p>Na comunidade da Fazendinha, os agentes estouraram um desmanche de ve\u00edculos roubados e localizaram um im\u00f3vel com cerca de 1 tonelada de entorpecentes.<\/p>\n\n\n\n<p>https:\/\/imasdk.googleapis.com\/js\/core\/bridge3.682.0_pt_br.html#goog_1340772298Reproduzir v\u00eddeo<\/p>\n\n\n\n<p><video muted=\"\" preload=\"none\" poster=\"https:\/\/s03.video.glbimg.com\/x360\/13284746.jpg\"><\/video>Reproduzir<\/p>\n\n\n\n<p>00:00\/11:13Silenciar somMinimizar v\u00eddeoTela cheia<\/p>\n\n\n\n<p>Porta-voz da PM fala sobre megaopera\u00e7\u00e3o no Alem\u00e3o e na Penha<\/p>\n\n\n\n<h2 class=\"wp-block-heading\">Unidades envolvidas<\/h2>\n\n\n\n<ul>\n<li>Bope<\/li>\n\n\n\n<li>Batalh\u00e3o de Choque<\/li>\n\n\n\n<li>Batalh\u00e3o de A\u00e7\u00f5es com C\u00e3es<\/li>\n\n\n\n<li>Grupamento Aerom\u00f3vel<\/li>\n\n\n\n<li>Rondas Especiais e Controle de Multid\u00f5es<\/li>\n\n\n\n<li>Batalh\u00e3o T\u00e1tico de Motociclistas<\/li>\n\n\n\n<li>20 batalh\u00f5es de \u00e1rea<\/li>\n\n\n\n<li>Batalh\u00e3o de Policiamento em Vias Expressas<\/li>\n\n\n\n<li>Coordenadoria de Recursos Especiais<\/li>\n\n\n\n<li>Departamento-Geral de Pol\u00edcia da Capital<\/li>\n<\/ul>\n\n\n\n<p>https:\/\/imasdk.googleapis.com\/js\/core\/bridge3.682.0_pt_br.html#goog_1340772300Reproduzir v\u00eddeo<\/p>\n\n\n\n<p><video muted=\"\" preload=\"none\" poster=\"https:\/\/s03.video.glbimg.com\/x360\/13285014.jpg\"><\/video>Reproduzir<\/p>\n\n\n\n<p>00:00\/03:14Silenciar somMinimizar v\u00eddeoTela cheia<\/p>\n\n\n\n<p>Pol\u00edcia do Rio faz uma opera\u00e7\u00e3o contra o tr\u00e1fico nos Complexos da Penha e do Alem\u00e3o<\/p>\n\n\n\n<figure class=\"wp-block-embed\"><div class=\"wp-block-embed__wrapper\">\nhttps:\/\/fd397d5d24975701638529872fbee2ca.safeframe.googlesyndication.com\/safeframe\/1-0-40\/html\/container.html\n<\/div><\/figure>\n\n\n\n<figure class=\"wp-block-image\"><img decoding=\"async\" src=\"https:\/\/s2-g1.glbimg.com\/nyCX-KCrxYJRG-YiwGZcNFaIGcE=\/0x0:1920x1080\/984x0\/smart\/filters:strip_icc()\/i.s3.glbimg.com\/v1\/AUTH_59edd422c0c84a879bd37670ae4f538a\/internal_photos\/bs\/2025\/B\/0\/hHyCB2Qea2Se8bjdJkKg\/24cpx2.jpg\" alt=\"Pessoas correm na Avenida Itaoca, no Alem\u00e3o, para fugir de tiros \u2014 Foto: Charles Mathura\/TV Globo\"\/><\/figure>\n\n\n\n<p>Pessoas correm na Avenida Itaoca, no Alem\u00e3o, para fugir de tiros \u2014 Foto: Charles Mathura\/TV Globo<\/p>\n\n\n\n<h2 class=\"wp-block-heading\">Impactos<\/h2>\n\n\n\n<p>O Rio \u00d4nibus informa que 15 linhas tiveram de mudar o itiner\u00e1rio.<\/p>\n\n\n\n<ul>\n<li>908 (Guadalupe x Bonsucesso)<\/li>\n\n\n\n<li>SV908 (Guadalupe x Bonsucesso)<\/li>\n\n\n\n<li>312 (Olaria x Candel\u00e1ria)<\/li>\n\n\n\n<li>313 (Penha x Pra\u00e7a da Rep\u00fablica)<\/li>\n\n\n\n<li>621 (Penha x Saens Pena)<\/li>\n\n\n\n<li>622 (Penha x Saens Pena)<\/li>\n\n\n\n<li>623 (Penha x Saens Pena)<\/li>\n\n\n\n<li>625 (Olaria x Saens Pena)<\/li>\n\n\n\n<li>628 (Penha x Nova Am\u00e9rica)<\/li>\n\n\n\n<li>679 (Grot\u00e3o x M\u00e9ier)<\/li>\n\n\n\n<li>629 (Iraj\u00e1 x Saens Pena)<\/li>\n\n\n\n<li>292 (Engenho da Rainha x Castelo)<\/li>\n\n\n\n<li>711 (Rocha Miranda x Rio Comprido)<\/li>\n\n\n\n<li>311 (Engenho Leal x Candel\u00e1ria)<\/li>\n\n\n\n<li>721 (Cascadura x Vila Cruzeiro)<\/li>\n<\/ul>\n\n\n\n<p>Quatro unidades de sa\u00fade ficaram fechadas. As cl\u00ednicas da fam\u00edlia Rodrigo Y Aguilar Roig, Klebel de Oliveira Rocha, Aloysio Augusto Novis e Felippe Cardoso suspenderam o in\u00edcio do funcionamento e avaliavam a possibilidade da abertura.<\/p>\n\n\n\n<figure class=\"wp-block-embed\"><div class=\"wp-block-embed__wrapper\">\nhttps:\/\/fd397d5d24975701638529872fbee2ca.safeframe.googlesyndication.com\/safeframe\/1-0-40\/html\/container.html\n<\/div><\/figure>\n\n\n\n<figure class=\"wp-block-image\"><img decoding=\"async\" src=\"https:\/\/s2-g1.glbimg.com\/nGYUSr8t0-dIgH8VEVde5dd1TuQ=\/0x0:1920x1080\/984x0\/smart\/filters:strip_icc()\/i.s3.glbimg.com\/v1\/AUTH_59edd422c0c84a879bd37670ae4f538a\/internal_photos\/bs\/2025\/q\/0\/9I0L02RAGz5wlxnIW3FQ\/24cpx3.jpg\" alt=\"Viaturas da Pol\u00edcia Civil fazem fila em um dos acessos ao Alem\u00e3o \u2014 Foto: Reprodu\u00e7\u00e3o\/TV Globo\"\/><\/figure>\n\n\n\n<p>Viaturas da Pol\u00edcia Civil fazem fila em um dos acessos ao Alem\u00e3o \u2014 Foto: Reprodu\u00e7\u00e3o\/TV Globo<\/p>\n\n\n\n<figure class=\"wp-block-image\"><img decoding=\"async\" src=\"https:\/\/s2-g1.glbimg.com\/qZcAsXr3mX5eh-5zo0XEAARhrEc=\/0x0:1920x1080\/984x0\/smart\/filters:strip_icc()\/i.s3.glbimg.com\/v1\/AUTH_59edd422c0c84a879bd37670ae4f538a\/internal_photos\/bs\/2025\/e\/K\/BvkaXTS963B8xa1J6WWw\/24cpx4.jpg\" alt=\"Carro do Batalh\u00e3o de Choque com a Igreja da Penha ao fundo \u2014 Foto: Reprodu\u00e7\u00e3o\/TV Globo\"\/><\/figure>\n\n\n\n<p>Carro do Batalh\u00e3o de Choque com a Igreja da Penha ao fundo \u2014 Foto: Reprodu\u00e7\u00e3o\/TV Globo<\/p>\n\n\n\n<figure class=\"wp-block-embed\"><div class=\"wp-block-embed__wrapper\">\nhttps:\/\/fd397d5d24975701638529872fbee2ca.safeframe.googlesyndication.com\/safeframe\/1-0-40\/html\/container.html\n<\/div><\/figure>\n\n\n\n<figure class=\"wp-block-image\"><img decoding=\"async\" src=\"https:\/\/s2-g1.glbimg.com\/sXxWcCDbXOiDyXQ7O7TMI5mb4h4=\/0x0:474x276\/984x0\/smart\/filters:strip_icc()\/i.s3.glbimg.com\/v1\/AUTH_59edd422c0c84a879bd37670ae4f538a\/internal_photos\/bs\/2025\/6\/1\/LfADy3S1qc9mi6WQBHVw\/24cpx1.jpg\" alt=\"Caveir\u00e3o circula pelo Complexo da Penha \u2014 Foto: Reprodu\u00e7\u00e3o\/TV Globo\"\/><\/figure>\n\n\n\n<p>Caveir\u00e3o circula pelo Complexo da Penha \u2014 Foto: Reprodu\u00e7\u00e3o\/TV Globo<\/p>\n\n\n\n<ul>\n<li><a href=\"https:\/\/g1.globo.com\/rj\/rio-de-janeiro\/cidade\/rio-de-janeiro\/\">Rio de Janeiro<\/a><\/li>\n<\/ul>\n","protected":false},"excerpt":{"rendered":"<p>Megaopera\u00e7\u00e3o no Alem\u00e3o e na Penha deixa 5 mortos e 9 feridos Mortos s\u00e3o um jardineiro atingido por bala perdida perto do BRT e menor de idade suspeito de integrar<\/p>\n","protected":false},"author":1,"featured_media":9120,"comment_status":"closed","ping_status":"open","sticky":false,"template":"","format":"standard","meta":[],"categories":[1],"tags":[],"_links":{"self":[{"href":"https:\/\/7ports.com.br\/index.php?rest_route=\/wp\/v2\/posts\/9118"}],"collection":[{"href":"https:\/\/7ports.com.br\/index.php?rest_route=\/wp\/v2\/posts"}],"about":[{"href":"https:\/\/7ports.com.br\/index.php?rest_route=\/wp\/v2\/types\/post"}],"author":[{"embeddable":true,"href":"https:\/\/7ports.com.br\/index.php?rest_route=\/wp\/v2\/users\/1"}],"replies":[{"embeddable":true,"href":"https:\/\/7ports.com.br\/index.php?rest_route=%2Fwp%2Fv2%2Fcomments&post=9118"}],"version-history":[{"count":1,"href":"https:\/\/7ports.com.br\/index.php?rest_route=\/wp\/v2\/posts\/9118\/revisions"}],"predecessor-version":[{"id":9119,"href":"https:\/\/7ports.com.br\/index.php?rest_route=\/wp\/v2\/posts\/9118\/revisions\/9119"}],"wp:featuredmedia":[{"embeddable":true,"href":"https:\/\/7ports.com.br\/index.php?rest_route=\/wp\/v2\/media\/9120"}],"wp:attachment":[{"href":"https:\/\/7ports.com.br\/index.php?rest_route=%2Fwp%2Fv2%2Fmedia&parent=9118"}],"wp:term":[{"taxonomy":"category","embeddable":true,"href":"https:\/\/7ports.com.br\/index.php?rest_route=%2Fwp%2Fv2%2Fcategories&post=9118"},{"taxonomy":"post_tag","embeddable":true,"href":"https:\/\/7ports.com.br\/index.php?rest_route=%2Fwp%2Fv2%2Ftags&post=9118"}],"curies":[{"name":"wp","href":"https:\/\/api.w.org\/{rel}","templated":true}]}}