
{"id":9121,"date":"2025-01-26T03:43:43","date_gmt":"2025-01-26T06:43:43","guid":{"rendered":"https:\/\/7ports.com.br\/?p=9121"},"modified":"2025-01-26T04:07:28","modified_gmt":"2025-01-26T07:07:28","slug":"morre-o-mais-antigo-bicheiro-do-brasil","status":"publish","type":"post","link":"https:\/\/7ports.com.br\/?p=9121","title":{"rendered":"Morre o mais antigo Bicheiro do Brasil &#8211; Peruinha"},"content":{"rendered":"\n<h3 class=\"wp-block-heading\">Corpo do bicheiro Piruinha \u00e9 enterrado em cemit\u00e9rio da Zona Norte sob aplausos e ao som de samba-enredo da Portela<\/h3>\n\n\n\n<h2 class=\"wp-block-heading\">Durante o vel\u00f3rio, contraventor recebeu homenagens de seus pares, escolas de samba e artistas como Alcione, Zeca Pagodinho e Xande de Pilares; ele tinha 95 anos e morreu em decorr\u00eancia de uma pneumonia<\/h2>\n\n\n\n<p>Por&nbsp;<a href=\"https:\/\/oglobo.globo.com\/autores\/vittoria-alves\/\">Vittoria Alves<\/a><\/p>\n\n\n\n<p>&nbsp;\u2014 Rio de Janeiro<\/p>\n\n\n\n<p>23\/01\/2025 14h54&nbsp;&nbsp;Atualizado&nbsp;h\u00e1 2 dias<\/p>\n\n\n\n<ul>\n<li><a href=\"https:\/\/www.facebook.com\/dialog\/share?app_id=289255557788943&amp;href=https:\/\/oglobo.globo.com\/rio\/noticia\/2025\/01\/23\/piruinha-membro-mais-velho-da-cupula-do-bicho-e-velado-com-homenagens-de-sambistas-e-contraventores.ghtml%3Futm_source%3DFacebook%26utm_medium%3DSocial%26utm_campaign%3Dcompartilhar\" target=\"_blank\" rel=\"noreferrer noopener\">Facebook<\/a><\/li>\n\n\n\n<li><a href=\"https:\/\/twitter.com\/intent\/tweet?text=O%20Globo:%20Corpo%20do%20bicheiro%20Piruinha%20%C3%A9%20enterrado%20em%20cemit%C3%A9rio%20da%20Zona%20Norte%20sob%20aplausos%20e%20ao%20som%20de%20samba-enredo%20da%20Portela%20&amp;url=https:\/\/oglobo.globo.com\/rio\/noticia\/2025\/01\/23\/piruinha-membro-mais-velho-da-cupula-do-bicho-e-velado-com-homenagens-de-sambistas-e-contraventores.ghtml%3Futm_source%3DTwitter%26utm_medium%3DSocial%26utm_campaign%3Dcompartilhar\" target=\"_blank\" rel=\"noreferrer noopener\">Twitter<\/a><\/li>\n\n\n\n<li><a href=\"https:\/\/bsky.app\/intent\/compose\/?text=O%20Globo:%20Corpo%20do%20bicheiro%20Piruinha%20%C3%A9%20enterrado%20em%20cemit%C3%A9rio%20da%20Zona%20Norte%20sob%20aplausos%20e%20ao%20som%20de%20samba-enredo%20da%20Portela%20%20https:\/\/oglobo.globo.com\/rio\/noticia\/2025\/01\/23\/piruinha-membro-mais-velho-da-cupula-do-bicho-e-velado-com-homenagens-de-sambistas-e-contraventores.ghtml%3Futm_source%3DTwitter%26utm_medium%3DSocial%26utm_campaign%3Dcompartilhar\" target=\"_blank\" rel=\"noreferrer noopener\">BlueSky<\/a><\/li>\n\n\n\n<li><a href=\"https:\/\/api.whatsapp.com\/send?text=https:\/\/oglobo.globo.com\/rio\/noticia\/2025\/01\/23\/piruinha-membro-mais-velho-da-cupula-do-bicho-e-velado-com-homenagens-de-sambistas-e-contraventores.ghtml%3Futm_source%3DWhatsapp%26utm_medium%3DSocial%26utm_campaign%3Dcompartilhar\" target=\"_blank\" rel=\"noreferrer noopener\">Whatsapp<\/a><\/li>\n<\/ul>\n\n\n\n<ul>\n<li><a href=\"https:\/\/api.whatsapp.com\/send?text=Voc%C3%AA%20acabou%20de%20ganhar%20um%20acesso%20liberado,%20por%20um%20assinante%20O%20Globo,%20para%20ler%20o%20artigo%20abaixo:\"><\/a><\/li>\n\n\n\n<li><a href=\"mailto:?subject=O%20Globo%3A%20Veja%20essa%20not%C3%ADcia%20de%20presente%20%22Corpo%20do%20bicheiro%20Piruinha%20%C3%A9%20enterrado%20em%20cemit%C3%A9rio%20da%20Zona%20Norte%20sob%20aplausos%20e%20ao%20som%20de%20samba-enredo%20da%20Portela%20%22&amp;body=Voc%C3%AA%20acabou%20de%20ganhar%20um%20acesso%20liberado%2C%20por%20um%20assinante%20O%20Globo%2C%20para%20ler%20o%20artigo%20abaixo%3A%20\"><\/a><\/li>\n\n\n\n<li><a><\/a><\/li>\n\n\n\n<li><\/li>\n<\/ul>\n\n\n\n<figure class=\"wp-block-image\"><img decoding=\"async\" src=\"https:\/\/s2-oglobo.glbimg.com\/FkxSxnh9A-HdDkUYBDJmZ2yEoJk=\/0x0:1600x1200\/888x0\/smart\/filters:strip_icc()\/i.s3.glbimg.com\/v1\/AUTH_da025474c0c44edd99332dddb09cabe8\/internal_photos\/bs\/2025\/M\/y\/ASg4lDR2qfXHl21i2zKA\/whatsapp-image-2025-01-23-at-17.28.10.jpeg\" alt=\"Corpo de Piruinha foi enterrado no cemit\u00e9rio de Inha\u00fama, na Zona Norte\"\/><figcaption class=\"wp-element-caption\">Corpo de Piruinha foi enterrado no cemit\u00e9rio de Inha\u00fama, na Zona Norte \u2014 Foto: Vittoria Alves<\/figcaption><\/figure>\n\n\n\n<h4 class=\"wp-block-heading\">RESUMO<\/h4>\n\n\n\n<p>Sem tempo? Ferramenta de IA resume para voc\u00ea<\/p>\n\n\n\n<p>CLIQUE E LEIA AQUI O RESUMO<\/p>\n\n\n\n<figure class=\"wp-block-embed\"><div class=\"wp-block-embed__wrapper\">\nhttps:\/\/1afc5f8b2b95ac3a83761694d13b552b.safeframe.googlesyndication.com\/safeframe\/1-0-40\/html\/container.html\n<\/div><\/figure>\n\n\n\n<p>O corpo do bicheiro Jos\u00e9 Caruzzo Escafura, o Piruinha, de 95 anos, foi enterrado na tarde desta quinta-feira no Cemit\u00e9rio de Inha\u00fama, na Zona Norte do Rio. No local, amigos e familiares homenagearam o bicheiro entoando o samba-enredo \u201cGosto que me enrosco\u201d da Portela, de 1995. Ao se despedir, a filha M\u00e1rcia Escafura enfatizou que a fam\u00edlia fez de tudo pela sa\u00fade do pai. E comentou os rumores de desaven\u00e7a com os irm\u00e3os e sobrinhos.<\/p>\n\n\n\n<ul>\n<li><strong>Opera\u00e7\u00e3o Carne Fraca:<\/strong>&nbsp;<a class=\"\" href=\"https:\/\/oglobo.globo.com\/rio\/noticia\/2025\/01\/23\/policia-so-conseguiu-rastrear-ate-agora-17-das-800-toneladas-de-carne-podre-da-enchente-do-sul-que-empresa-de-tres-rios-comprou-e-revendeu.ghtml\">Pol\u00edcia s\u00f3 conseguiu rastrear at\u00e9 agora 17 das 800 toneladas de carne podre da enchente do Sul que empresa de Tr\u00eas Rios comprou e revendeu<\/a><\/li>\n\n\n\n<li><strong>Ocupa\u00e7\u00e3o de espa\u00e7o:<\/strong>&nbsp;<a class=\"\" href=\"https:\/\/oglobo.globo.com\/rio\/bairros\/zona-sul\/noticia\/2025\/01\/23\/moradia-irregular-dentro-de-monumento-historico-e-coibida-na-gloria.ghtml\">Moradia irregular dentro de monumento hist\u00f3rico \u00e9 coibida na Gl\u00f3ria<\/a><\/li>\n<\/ul>\n\n\n\n<p>\u2014 N\u00f3s fizemos de tudo por ele e far\u00edamos tudo de novo. Meu pai, vai com Deus. A gente vai se unir, sim. Eu, meus irm\u00e3os e meus sobrinhos. N\u00e3o vai ter briga n\u00e3o, n\u00f3s somos da fam\u00edlia Escafura \u2014 esbravejou M\u00e1rcia, que foi aplaudida em seguida.<\/p>\n\n\n\n<p>Apesar disso, Monalizza Escafura, outra filha do contraventor \u2014 s\u00e3o 27 ao todo \u2014 se manteve afastada durante todo o sepultamento. Ela saiu logo ap\u00f3s o enterro; alguns familiares ainda permaneceram no local por cerca de 15 minutos.<\/p>\n\n\n\n<p>Monalizza ficou presa durante um m\u00eas no ano passado por extors\u00e3o e lavagem de dinheiro. Ela, que estava foragida desde maio de 2021, foi encontrada durante uma opera\u00e7\u00e3o do Grupo de Atua\u00e7\u00e3o Especial no Combate ao Crime Organizado (Gaeco), do Minist\u00e9rio P\u00fablico do Rio (MPRJ), e da Pol\u00edcia Federal no Morro do Vidigal em junho de 2024. Em junho, a Justi\u00e7a do Rio mandou solt\u00e1-la.<\/p>\n\n\n\n<h2 class=\"wp-block-heading\">Homenagens<\/h2>\n\n\n\n<p>Membro mais velho da antiga c\u00fapula do bicho no Rio, Piruinha foi homenageado por parentes e amigos, que se reuniram na tarde desta quinta-feira para dar o \u00faltimo adeus a ele no Clube Sambola, em Piedade, na Zona Norte. Al\u00e9m das centenas de pessoas que passaram pelo local, cerca de 30 coroas de flores exibiam mensagens de carinho. Uma delas estava assinada pela fam\u00edlia Guimar\u00e3es, que tem como patrono o contraventor A\u00edlton Guimar\u00e3es Jorge, mais conhecido como Capit\u00e3o Guimar\u00e3es. Famosos, como o cantor Zeca Pagodinho, o Grupo Revela\u00e7\u00e3o e a cantora Alcione, tamb\u00e9m enviaram homenagens.<\/p>\n\n\n\n<p>Escolas de samba tamb\u00e9m mandaram coroas de flores, como a Unidos da Tijuca e a Grande Rio. Em cima do caix\u00e3o e em mastros, foram colocados os pavilh\u00f5es do Salgueiro, Mangueira, Portela, Imperatriz, Unidos do Cabu\u00e7u e Acad\u00eamicos da Aboli\u00e7\u00e3o.<\/p>\n\n\n\n<p>O cantor Xande de Pilares foi um dos artistas que compareceu ao vel\u00f3rio. Ele n\u00e3o segurou as l\u00e1grimas ao falar sobre a import\u00e2ncia do bicheiro na sua carreira:<\/p>\n\n\n\n<p>\u2014 Seu Z\u00e9 era pai, av\u00f4 e tio. Ele faz parte da minha hist\u00f3ria toda. Quando eu vinha aqui no Sambola, do outro lado da rua, uma vez n\u00e3o me deixaram cantar, e ele que pediu para deixarem eu me apresentar. A\u00ed agora, antes de sair o resultado do samba-enredo, a gente se reuniu, ele me aben\u00e7oou. A \u00fanica coisa que ele sempre pediu para mim foi para manter o p\u00e9 no ch\u00e3o. O pai que eu perdi, ele entrou no lugar dele.<\/p>\n\n\n\n<figure class=\"wp-block-image\"><img decoding=\"async\" src=\"https:\/\/s2-oglobo.glbimg.com\/palKSH_u3cQSTUHa54H6BPotUVM=\/0x0:922x808\/984x0\/smart\/filters:strip_icc()\/i.s3.glbimg.com\/v1\/AUTH_da025474c0c44edd99332dddb09cabe8\/internal_photos\/bs\/2024\/B\/J\/eW04sIT1aoBTkn6ofxJg\/106758627-jose-caruzzo-escafura-o-piruinha-um-dos-chefes-do-jogo-do-bicho-no-rio-foto-reproduc.jpg\" alt=\"Jos\u00e9 Caruzzo Escafura, o Piruinha, durante depoimento \u00e0 s\u00e9rie 'Vale o escrito', do Globoplay \u2014 Foto: Reprodu\u00e7\u00e3o \/ Globoplay\"\/><figcaption class=\"wp-element-caption\">Jos\u00e9 Caruzzo Escafura, o Piruinha, durante depoimento \u00e0 s\u00e9rie &#8216;Vale o escrito&#8217;, do Globoplay \u2014 Foto: Reprodu\u00e7\u00e3o \/ Globoplay<\/figcaption><\/figure>\n\n\n\n<p>Abalados, alguns dos 27 filhos de Piruinha e os netos foram consolados com abra\u00e7os e falas de apoio. Um dos netos, J\u00fanior Escafura, se diz orgulhoso de saber o quanto o av\u00f4 era querido e perceber que seu legado ser\u00e1 eterno.<\/p>\n\n\n\n<p>\u2014 Meu av\u00f4 era uma pessoa querida, \u00e9 s\u00f3 ver a quantidade de gente que est\u00e1 aqui. \u00c9 um momento triste, mas ao mesmo tempo a gente tem o conforto de que ele descansou. Ele tinha 95 anos, curtiu e viveu a vida. Meu av\u00f4 ainda estava passando por uns problemas de sa\u00fade, ent\u00e3o agora ele descansou em paz porque ele n\u00e3o merecia sofrer \u2014 disse.<\/p>\n\n\n\n<figure class=\"wp-block-image\"><img decoding=\"async\" src=\"https:\/\/s03.video.glbimg.com\/x240\/13283038.jpg\" alt=\"Parentes e amigos se despedem do bicheiro Piruinha ao som de 'Malandro'\" title=\"Parentes e amigos se despedem do bicheiro Piruinha ao som de 'Malandro'\"\/><\/figure>\n\n\n\n<p>https:\/\/imasdk.googleapis.com\/js\/core\/bridge3.682.0_pt_br.html#goog_2061535524Reproduzir v\u00eddeo<\/p>\n\n\n\n<p><video preload=\"none\" poster=\"https:\/\/s03.video.glbimg.com\/x360\/13283038.jpg\"><\/video>Reproduzir<\/p>\n\n\n\n<p>&#8211;:&#8211;\/&#8211;:&#8211;Silenciar somMinimizar v\u00eddeoTela cheia<\/p>\n\n\n\n<p>Parentes e amigos se despedem do bicheiro Piruinha ao som de &#8216;Malandro&#8217;<\/p>\n\n\n\n<p>Outro neto, Jos\u00e9 Luiz Escafura lembrou do quanto o bicheiro gostava de realizar festas tradicionais no sub\u00farbio. Ele destacou que Piruinha foi um incentivador do carnaval, do samba e de artistas que hoje se destacam no cen\u00e1rio da m\u00fasica brasileira:<\/p>\n\n\n\n<figure class=\"wp-block-image\"><img decoding=\"async\" src=\"https:\/\/s2-oglobo.glbimg.com\/syXS785D1PKsV1mfKZH95uAegG4=\/0x0:1200x1600\/984x0\/smart\/filters:strip_icc()\/i.s3.glbimg.com\/v1\/AUTH_da025474c0c44edd99332dddb09cabe8\/internal_photos\/bs\/2025\/q\/f\/fAdC5lQDuvTIKQKszdGQ\/whatsapp-image-2025-01-23-at-14.47.32.jpeg\" alt=\"Coroa de flores no vel\u00f3rio do bicheiro Piruinha \u2014 Foto: Vittoria Alves\"\/><figcaption class=\"wp-element-caption\">Coroa de flores no vel\u00f3rio do bicheiro Piruinha \u2014 Foto: Vittoria Alves<\/figcaption><\/figure>\n\n\n\n<p>\u2014 Recebemos diversas manifesta\u00e7\u00f5es nas redes sociais, as pessoas de Aboli\u00e7\u00e3o e Piedade est\u00e3o sentindo muito esse momento. Foram muitas pessoas que ele ajudou nesse bairro. Al\u00e9m disso, ele que era respons\u00e1vel por fazer todas as festas tradicionais. Ele incentivou o carnaval e a m\u00fasica, \u00e9 s\u00f3 ver quantos artistas ele lan\u00e7ou aqui no Sambola. Os moradores do bairro acabam ficando \u00f3rf\u00e3os, ele foi \u00fanico.<\/p>\n\n\n\n<p>Mas uma presen\u00e7a em especial chamou aten\u00e7\u00e3o de quem foi dar \u00faltimo adeus ao contraventor: o Fato Novo, a calopsita de estima\u00e7\u00e3o do bicheiro. Segundo parentes, Piruinha era muito apegado ao p\u00e1ssaro e diariamente tomavam caf\u00e9 da manh\u00e3 juntos.<\/p>\n\n\n\n<p>\u2014 A gente sempre chegava na casa dele e ele perguntava: \u201ctem fato novo a\u00ed?\u201d. Meu av\u00f4 adorava saber as novidades. A\u00ed, de tanto que ele gostava disso, deu o nome da calopsita de Fato Novo \u2014 explicou o neto J\u00fanior Escafura.<\/p>\n\n\n\n<p>O&nbsp;<a class=\"\" href=\"https:\/\/oglobo.globo.com\/blogs\/segredos-do-crime\/post\/2025\/01\/morre-o-bicheiro-jose-caruzzo-escafura-o-piruinha-membro-mais-velho-da-antiga-cupula-do-bicho-aos-95-anos.ghtml\">contraventor morreu na tarde de quarta-feira<\/a>&nbsp;em sua resid\u00eancia na Barra da Tijuca, Zona Oeste do Rio. Ele havia recebido alta um dia antes, ap\u00f3s passar 10 dias internado no Hospital Vit\u00f3ria, no mesmo bairro, devido a uma pneumonia.<\/p>\n\n\n\n<figure class=\"wp-block-image\"><img decoding=\"async\" src=\"https:\/\/s2-oglobo.glbimg.com\/o8aHO0HUjd4-5fIwGySA4hkfCtE=\/0x0:4032x3024\/984x0\/smart\/filters:strip_icc()\/i.s3.glbimg.com\/v1\/AUTH_da025474c0c44edd99332dddb09cabe8\/internal_photos\/bs\/2025\/2\/U\/SQHYaDQcCB599q7PZetA\/whatsapp-image-2025-01-23-at-14.39.12.jpeg\" alt=\"Vel\u00f3rio do bicheiro Piruinha \u2014 Foto: Vittoria Alves\"\/><figcaption class=\"wp-element-caption\">Vel\u00f3rio do bicheiro Piruinha \u2014 Foto: Vittoria Alves<\/figcaption><\/figure>\n\n\n\n<h2 class=\"wp-block-heading\">Problema de sa\u00fade<\/h2>\n\n\n\n<p>Segundo o amigo e advogado Joaquim Queiroga Neto, a sa\u00fade de Piruinha come\u00e7ou a deteriorar ap\u00f3s um acidente no banheiro de um pres\u00eddio, onde estava detido sob acusa\u00e7\u00e3o de homic\u00eddio. Na queda, ele fraturou a bacia e precisou ser submetido a uma cirurgia. Posteriormente, foi para casa em regime de pris\u00e3o domiciliar e chegou a usar tornozeleira eletr\u00f4nica, que foi retirada pouco tempo depois. Com problemas card\u00edacos, Piruinha tamb\u00e9m foi internado novamente para realizar uma ponte de safena.<\/p>\n\n\n\n<p>\u2014 Infelizmente, recebemos essa not\u00edcia inesperada. Ele foi internado devido a uma gripe que evoluiu para pneumonia, mas reagiu bem aos antibi\u00f3ticos e recebeu alta \u2014 lamentou o amigo.<\/p>\n\n\n\n<p>Piruinha era o contraventor mais antigo da velha c\u00fapula do jogo do bicho. Recentemente, ele foi um dos destaques da s\u00e9rie documental Vale o Escrito, da Globoplay. Entre os nomes da antiga gera\u00e7\u00e3o, continuam vivos Aniz Abra\u00e3o David, o An\u00edsio, e A\u00edrton Guimar\u00e3es Jorge, conhecido como Capit\u00e3o Guimar\u00e3es.<\/p>\n\n\n\n<h2 class=\"wp-block-heading\">Pris\u00f5es do bicheiro<\/h2>\n\n\n\n<p>Piruinha era um dos 14 bicheiros presos por forma\u00e7\u00e3o de quadrilha ou bando armado, tr\u00e1fico de drogas e tortura, pela ju\u00edza Denise Frossard, em 1993. Os contraventores presos \u00e0 epoca, formava a antiga c\u00fapula da contraven\u00e7\u00e3o: Castor de Andrade; Ailton Guimar\u00e3es Jorge, o Capit\u00e3o Guimar\u00e3es; &#8220;Anisio&#8221; Abra\u00e3o David; Luizinho Drummond; Ant\u00f4nio Petrus Kalil, o Turc\u00e3o; Waldemiro Garcia, o Miro; Carlos Teixeira Martins, o Carlinhos Maracan\u00e3; Jos\u00e9 Petrus, o Zinho (irm\u00e3o de Turc\u00e3o); Raul Capit\u00e3o; Jos\u00e9 Caruzzo Escafura, o Piruinha; Haroldo Rodrigues Nunes, o Haroldo Saens Pena; Emil Pinheiro, Paulinho de Andrade (filho de Castor) e Waldemir Paes Garcia, o Maninho (filho de Miro).<\/p>\n\n\n\n<figure class=\"wp-block-embed\"><div class=\"wp-block-embed__wrapper\">\nhttps:\/\/1afc5f8b2b95ac3a83761694d13b552b.safeframe.googlesyndication.com\/safeframe\/1-0-40\/html\/container.html\n<\/div><\/figure>\n\n\n\n<figure class=\"wp-block-image\"><img decoding=\"async\" src=\"https:\/\/s2-oglobo.glbimg.com\/8ntlyLK3Eb38m9Tq0YIpEVz_vJ0=\/0x0:737x457\/984x0\/smart\/filters:strip_icc()\/i.s3.glbimg.com\/v1\/AUTH_da025474c0c44edd99332dddb09cabe8\/internal_photos\/bs\/2024\/R\/g\/bG0oW5TjmjrVKVQA6wMQ\/maninho4.png\" alt=\"Maninho e seu pai, Miro, escoltados por policiais durante pris\u00e3o de bicheiros, em 1993 \u2014 Foto: Fernando Maia\/Ag\u00eancia O GLOBO\"\/><figcaption class=\"wp-element-caption\">Maninho e seu pai, Miro, escoltados por policiais durante pris\u00e3o de bicheiros, em 1993 \u2014 Foto: Fernando Maia\/Ag\u00eancia O GLOBO<\/figcaption><\/figure>\n\n\n\n<p>Em 2022, ele voltou a ser preso numa opera\u00e7\u00e3o da Delegacia de Homic\u00eddios da Capital (DHC), desta vez acusado de ser o mandante com a filha Monaliza Escafura, da morte de Natalino Jos\u00e9 do Nascimento Esp\u00edndola, conhecido como Neto, dono de uma loja de carros. O motivo do crime seria porque Neto teria feito ambos perderem dinheiro num empreendimento imobili\u00e1rio.<\/p>\n\n\n\n<p>Na den\u00fancia para prend\u00ea-lo, o Minist\u00e9rio P\u00fablico do Rio relata que o contraventor &#8220;exerce, h\u00e1 d\u00e9cadas, o dom\u00ednio do jogo do bicho em diversas regi\u00f5es da cidade, em especial nos bairros de Madureira, Aboli\u00e7\u00e3o, Cascadura, Maria da Gra\u00e7a, Piedade e Inha\u00fama\u201d. E prossegue: &#8216;\u201cPiruinha ainda arrenda outras \u00e1reas para explora\u00e7\u00e3o de jogos de azar para outros contraventores, dentre elas as divisas com os bairros de Cascadura, Piedade, Pilares, Aboli\u00e7\u00e3o, Quintino, Campinho e a divisa com a Pra\u00e7a Seca\u201d.<\/p>\n\n\n\n<figure class=\"wp-block-image\"><img decoding=\"async\" src=\"https:\/\/s2-oglobo.glbimg.com\/SrjmVxmKSLpSSlR-m-bKq3n21ps=\/0x0:963x648\/984x0\/smart\/filters:strip_icc()\/i.s3.glbimg.com\/v1\/AUTH_da025474c0c44edd99332dddb09cabe8\/internal_photos\/bs\/2024\/n\/6\/PaB1f4TBqaA5nF6BCVfQ\/monaliza-filha-de-piruinha.jpg\" alt=\"Monaliza Neves Escafura, filha do bicheiro Jos\u00e9 Caruzzo Escafura, o Piruinha \u2014 Foto: Reprodu\u00e7\u00e3o\"\/><\/figure>\n","protected":false},"excerpt":{"rendered":"<p>Corpo do bicheiro Piruinha \u00e9 enterrado em cemit\u00e9rio da Zona Norte sob aplausos e ao som de samba-enredo da Portela Durante o vel\u00f3rio, contraventor recebeu homenagens de seus pares, escolas<\/p>\n","protected":false},"author":1,"featured_media":9124,"comment_status":"closed","ping_status":"closed","sticky":false,"template":"","format":"standard","meta":[],"categories":[1],"tags":[],"_links":{"self":[{"href":"https:\/\/7ports.com.br\/index.php?rest_route=\/wp\/v2\/posts\/9121"}],"collection":[{"href":"https:\/\/7ports.com.br\/index.php?rest_route=\/wp\/v2\/posts"}],"about":[{"href":"https:\/\/7ports.com.br\/index.php?rest_route=\/wp\/v2\/types\/post"}],"author":[{"embeddable":true,"href":"https:\/\/7ports.com.br\/index.php?rest_route=\/wp\/v2\/users\/1"}],"replies":[{"embeddable":true,"href":"https:\/\/7ports.com.br\/index.php?rest_route=%2Fwp%2Fv2%2Fcomments&post=9121"}],"version-history":[{"count":2,"href":"https:\/\/7ports.com.br\/index.php?rest_route=\/wp\/v2\/posts\/9121\/revisions"}],"predecessor-version":[{"id":9125,"href":"https:\/\/7ports.com.br\/index.php?rest_route=\/wp\/v2\/posts\/9121\/revisions\/9125"}],"wp:featuredmedia":[{"embeddable":true,"href":"https:\/\/7ports.com.br\/index.php?rest_route=\/wp\/v2\/media\/9124"}],"wp:attachment":[{"href":"https:\/\/7ports.com.br\/index.php?rest_route=%2Fwp%2Fv2%2Fmedia&parent=9121"}],"wp:term":[{"taxonomy":"category","embeddable":true,"href":"https:\/\/7ports.com.br\/index.php?rest_route=%2Fwp%2Fv2%2Fcategories&post=9121"},{"taxonomy":"post_tag","embeddable":true,"href":"https:\/\/7ports.com.br\/index.php?rest_route=%2Fwp%2Fv2%2Ftags&post=9121"}],"curies":[{"name":"wp","href":"https:\/\/api.w.org\/{rel}","templated":true}]}}